{"id":44229,"date":"2025-04-02T13:33:34","date_gmt":"2025-04-02T12:33:34","guid":{"rendered":"https:\/\/www.mycover-protection.com\/magazin\/cuidado-del-material-de-la-moto-del-pulido-de-cromados-al-pulido-de-plasticos\/"},"modified":"2025-08-21T09:58:48","modified_gmt":"2025-08-21T08:58:48","slug":"cuidado-del-material-de-la-moto-del-pulido-de-cromados-al-pulido-de-plasticos","status":"publish","type":"post","link":"https:\/\/www.mycover-protection.com\/es\/magazin\/cuidado-del-material-de-la-moto-del-pulido-de-cromados-al-pulido-de-plasticos\/","title":{"rendered":"Cuidado del material de la moto: consejos para el cromo, el pl\u00e1stico y el carbono"},"content":{"rendered":"\n<div class=\"wp-block-group is-content-intro\"><div class=\"wp-block-group__inner-container is-layout-flow wp-block-group-is-layout-flow\">\n<p>Tu moto merece cuidados, y los necesita. Ya se trate de <strong>pulir cromados<\/strong>, <strong>discos ciegos de pl\u00e1stico<\/strong>, <strong>paneles de carbono<\/strong> o un <strong>silenciador de acero inoxidable<\/strong>: con los productos adecuados, puedes hacer que cualquier material vuelva a brillar. Aqu\u00ed encontrar\u00e1s consejos compactos sobre la limpieza, el cuidado y la preparaci\u00f3n de todas las superficies relevantes, incluida informaci\u00f3n espec\u00edfica sobre los productos.  <\/p>\n\n\n\n<p>\u00a1El <a href=\"https:\/\/www.mycover-protection.com\/es\/sobre-nosotros\/\" data-type=\"URL\" data-id=\"https:\/\/www.mycover-protection.com\/ueber-uns\/\">equipo de MYCOVER\u00ae<\/a> lo aclara!  <\/p>\n<\/div><\/div>\n\n<div class=\"wp-block-group is-table-of-contents\"><div class=\"wp-block-group__inner-container is-layout-flow wp-block-group-is-layout-flow\">\n<p class=\"is-table-of-contents__heading\">\u00cdndice<\/p>\n\n\n\n<ol class=\"wp-block-list\">\n<li><a href=\"#Gl%C3%A4nzender-Auftritt:-Chrom-polieren-leicht-gemacht\">Pulido y limpieza de cromo<\/a><\/li>\n\n\n\n<li><a href=\"#Aluminium-reinigen-Motorrad-%E2%80%93-So-gelingt%E2%80%99s-richtig\">Cuidado adecuado de las piezas de aluminio de la moto<\/a><\/li>\n\n\n\n<li><a href=\"#Pflege-und-Reinigung:-Carbon-Motorrad-richtig-behandeln\">Manipulaci\u00f3n correcta de las piezas de carbono<\/a><\/li>\n\n\n\n<li><a href=\"#Gl%C3%A4nzende-Ergebnisse:-Wie-poliert-man-Edelstahl-richtig?\">Limpia y pule correctamente el acero inoxidable<\/a><\/li>\n\n\n\n<li><a href=\"#Tipps-f%C3%BCr-die-Pflege-des-Motorradtanks\">Limpiar el cuero y mantenerlo flexible<\/a><\/li>\n\n\n\n<li><a href=\"#Motorrad-Materialpflege:-Tipps-zur-Kunststoff-Politur-und-wie-man-Motorrad-Plastik-reinigen-kann\">Limpiar y refrescar piezas de pl\u00e1stico<\/a><\/li>\n\n\n\n<li><a href=\"#FAQ---H%C3%A4ufige-Fragen-zur-Materialpflege\">FAQ &#8211; Preguntas frecuentes sobre el cuidado de los materiales<\/a><\/li>\n<\/ol>\n<\/div><\/div>\n\n<div style=\"height:40px\" aria-hidden=\"true\" class=\"wp-block-spacer wf-spacer-section\"><\/div>\n\n<figure class=\"wp-block-image size-large\"><img decoding=\"async\" width=\"1024\" height=\"585\" src=\"https:\/\/www.mycover-protection.com\/wp-content\/uploads\/2025\/01\/Motorrad_Chrom_polieren-1024x585.webp\" alt=\"Cuidado del material de la moto, pulido del cromo: Primer plano de las piezas cromadas brillantes de la moto despu&#xE9;s de limpiarlas y pulirlas a fondo.\" class=\"wp-image-41275\" srcset=\"https:\/\/www.mycover-protection.com\/wp-content\/uploads\/2025\/01\/Motorrad_Chrom_polieren-1024x585.webp 1024w, https:\/\/www.mycover-protection.com\/wp-content\/uploads\/2025\/01\/Motorrad_Chrom_polieren-300x171.webp 300w, https:\/\/www.mycover-protection.com\/wp-content\/uploads\/2025\/01\/Motorrad_Chrom_polieren-768x439.webp 768w, https:\/\/www.mycover-protection.com\/wp-content\/uploads\/2025\/01\/Motorrad_Chrom_polieren-1536x878.webp 1536w, https:\/\/www.mycover-protection.com\/wp-content\/uploads\/2025\/01\/Motorrad_Chrom_polieren-400x229.webp 400w, https:\/\/www.mycover-protection.com\/wp-content\/uploads\/2025\/01\/Motorrad_Chrom_polieren-800x457.webp 800w, https:\/\/www.mycover-protection.com\/wp-content\/uploads\/2025\/01\/Motorrad_Chrom_polieren.webp 1792w\" sizes=\"(max-width: 1024px) 100vw, 1024px\" \/><figcaption class=\"wp-element-caption\">Esta imagen se gener\u00f3 con IA<\/figcaption><\/figure>\n\n<div style=\"height:40px\" aria-hidden=\"true\" class=\"wp-block-spacer\"><\/div>\n\n<h2 class=\"wp-block-heading\" id=\"Gl&#xE4;nzender-Auftritt:-Chrom-polieren-leicht-gemacht\">Pulido y limpieza de cromo<\/h2>\n\n<p>Las piezas cromadas tienen un aspecto estupendo, pero enseguida muestran manchas de \u00f3xido, huellas dactilares o ara\u00f1azos. Si quieres mantener tu cromo brillante, debes limpiarlo regularmente y mantenerlo con pulimentos especiales. Incluso los ara\u00f1azos ligeros pueden pulirse, los ara\u00f1azos profundos requieren un poco m\u00e1s de esfuerzo. Importante: trabaja siempre con cuidado para no da\u00f1ar el revestimiento.   <\/p>\n\n<ul class=\"wp-block-list\">\n<li><strong>Limpieza:<\/strong> Puedes eliminar la suciedad con un limpiador de cromo o con productos dom\u00e9sticos (por ejemplo, agua con vinagre).<\/li>\n\n\n\n<li><strong>Abrillantador:<\/strong> Un buen abrillantador de cromados permite restaurar f\u00e1cilmente el brillo y la capa protectora.<\/li>\n\n\n\n<li><strong>Ara\u00f1azos:<\/strong> Pulir es suficiente para ara\u00f1azos ligeros. Los ara\u00f1azos profundos en el cromo pueden eliminarse con pasta abrasiva y fieltro de pulir. <\/li>\n\n\n\n<li><strong>Acabado:<\/strong> Por \u00faltimo, pule con un pa\u00f1o de microfibra para evitar que queden rayas.<\/li>\n<\/ul>\n\n<div style=\"height:40px\" aria-hidden=\"true\" class=\"wp-block-spacer\"><\/div>\n<div data-align-buttons=\"true\" data-block-name=\"woocommerce\/handpicked-products\" data-content-visibility=\"{&quot;image&quot;:true,&quot;title&quot;:true,&quot;price&quot;:true,&quot;rating&quot;:true,&quot;button&quot;:false}\" data-orderby=\"rating\" data-products=\"[45078,45240,44853]\" class=\"wc-block-grid wp-block-handpicked-products wp-block-woocommerce-handpicked-products wc-block-handpicked-products has-3-columns has-multiple-rows has-aligned-buttons\"><ul class=\"wc-block-grid__products\"><li class=\"wc-block-grid__product\"><span class=\"gtm4wp_productdata\" style=\"display:none; visibility:hidden;\" data-gtm4wp_product_data=\"{&quot;internal_id&quot;:44853,&quot;item_id&quot;:&quot;OC-&quot;,&quot;item_name&quot;:&quot;Funda para moto Premium MYCOVER\\u00ae para exterior&quot;,&quot;sku&quot;:&quot;OC-&quot;,&quot;price&quot;:144,&quot;stocklevel&quot;:0,&quot;stockstatus&quot;:&quot;onbackorder&quot;,&quot;google_business_vertical&quot;:&quot;retail&quot;,&quot;item_category&quot;:&quot;Cubiertas para moto&quot;,&quot;id&quot;:&quot;OC-&quot;,&quot;productlink&quot;:&quot;https:\\\/\\\/www.mycover-protection.com\\\/es\\\/produkt\\\/mycover-funda-para-moto-exterior-premium\\\/&quot;,&quot;item_list_name&quot;:&quot;Lista general de productos&quot;,&quot;index&quot;:0,&quot;product_type&quot;:&quot;variable&quot;,&quot;item_brand&quot;:&quot;&quot;}\"><\/span>\n\t\t\t\t<a href=\"https:\/\/www.mycover-protection.com\/es\/produkt\/mycover-funda-para-moto-exterior-premium\/\" class=\"wc-block-grid__product-link\">\n\t\t\t\t\t\n\t\t\t\t\t<div class=\"wc-block-grid__product-image\"><img decoding=\"async\" width=\"300\" height=\"300\" src=\"https:\/\/www.mycover-protection.com\/wp-content\/uploads\/2025\/11\/funda-moto-exterior-M-300x300.jpg\" class=\"attachment-woocommerce_thumbnail size-woocommerce_thumbnail\" alt=\"Funda para moto Outdoor M+\" srcset=\"https:\/\/www.mycover-protection.com\/wp-content\/uploads\/2025\/11\/funda-moto-exterior-M-300x300.jpg 300w, https:\/\/www.mycover-protection.com\/wp-content\/uploads\/2025\/11\/funda-moto-exterior-M-1024x1024.jpg 1024w, https:\/\/www.mycover-protection.com\/wp-content\/uploads\/2025\/11\/funda-moto-exterior-M-150x150.jpg 150w, https:\/\/www.mycover-protection.com\/wp-content\/uploads\/2025\/11\/funda-moto-exterior-M-768x768.jpg 768w, https:\/\/www.mycover-protection.com\/wp-content\/uploads\/2025\/11\/funda-moto-exterior-M-270x270.jpg 270w, https:\/\/www.mycover-protection.com\/wp-content\/uploads\/2025\/11\/funda-moto-exterior-M-800x800.jpg 800w, https:\/\/www.mycover-protection.com\/wp-content\/uploads\/2025\/11\/funda-moto-exterior-M-200x200.jpg 200w, https:\/\/www.mycover-protection.com\/wp-content\/uploads\/2025\/11\/funda-moto-exterior-M.jpg 1500w\" sizes=\"(max-width: 300px) 100vw, 300px\" \/><\/div>\n\t\t\t\t\t<div class=\"wc-block-grid__product-title\">Funda para moto Premium MYCOVER\u00ae para exterior<\/div>\n\t\t\t\t<\/a>\n\t\t\t\t<div class=\"wfa-wc-product-star-rating wfa-wc-block-grid__product-stars\" style=\"--fill:0.986;\" role=\"img\" aria-label=\"Valorado con 4.93 de 5\"><\/div><div class=\"wc-block-grid__product-price price\"><span class=\"wfa-variable-parent-price-range wfa-variable-parent-price-range--regular\"><del><span class=\"woocommerce-Price-amount amount\" aria-hidden=\"true\">159,00<span class=\"woocommerce-Price-currencySymbol\">&euro;<\/span><\/span> <span aria-hidden=\"true\">&#8211;<\/span> <span class=\"woocommerce-Price-amount amount\" aria-hidden=\"true\">279,00<span class=\"woocommerce-Price-currencySymbol\">&euro;<\/span><\/span><span class=\"screen-reader-text\">Rango de precios: desde 159,00&euro; hasta 279,00&euro;<\/span><\/del><\/span><span class=\"wfa-variable-parent-price-range wfa-variable-parent-price-range--sale\"><ins><span class=\"woocommerce-Price-amount amount\" aria-hidden=\"true\">144,00<span class=\"woocommerce-Price-currencySymbol\">&euro;<\/span><\/span> <span aria-hidden=\"true\">&#8211;<\/span> <span class=\"woocommerce-Price-amount amount\" aria-hidden=\"true\">264,00<span class=\"woocommerce-Price-currencySymbol\">&euro;<\/span><\/span><span class=\"screen-reader-text\">Rango de precios: desde 144,00&euro; hasta 264,00&euro;<\/span><\/ins><\/span><\/div><div class=\"wfa-wc-block-grid__product-badge-list\" aria-label=\"Caracter\u00edsticas especiales\"><p class=\"wfa-wc-block-grid__product-badge\">\ud83c\udfc6 Bestseller<\/p><p class=\"wfa-wc-block-grid__product-badge\">\ud83d\udd25 \u00a1Ahorra 15&euro; ahora!<\/p><p class=\"wfa-wc-block-grid__product-badge\">\u2728 16 Tama\u00f1os<\/p><\/div>\n\t\t\t\t\n\t\t\t\t\n\t\t\t<\/li><li class=\"wc-block-grid__product\"><span class=\"gtm4wp_productdata\" style=\"display:none; visibility:hidden;\" data-gtm4wp_product_data=\"{&quot;internal_id&quot;:45240,&quot;item_id&quot;:&quot;OC-C-&quot;,&quot;item_name&quot;:&quot;MYCOVER\\u00ae Funda Premium para Chopper de exterior&quot;,&quot;sku&quot;:&quot;OC-C-&quot;,&quot;price&quot;:174,&quot;stocklevel&quot;:0,&quot;stockstatus&quot;:&quot;onbackorder&quot;,&quot;google_business_vertical&quot;:&quot;retail&quot;,&quot;item_category&quot;:&quot;Cubiertas para moto&quot;,&quot;id&quot;:&quot;OC-C-&quot;,&quot;productlink&quot;:&quot;https:\\\/\\\/www.mycover-protection.com\\\/es\\\/produkt\\\/mycover-funda-exterior-premium-para-chopper\\\/&quot;,&quot;item_list_name&quot;:&quot;Lista general de productos&quot;,&quot;index&quot;:0,&quot;product_type&quot;:&quot;variable&quot;,&quot;item_brand&quot;:&quot;&quot;}\"><\/span>\n\t\t\t\t<a href=\"https:\/\/www.mycover-protection.com\/es\/produkt\/mycover-funda-exterior-premium-para-chopper\/\" class=\"wc-block-grid__product-link\">\n\t\t\t\t\t\n\t\t\t\t\t<div class=\"wc-block-grid__product-image\"><img decoding=\"async\" width=\"300\" height=\"300\" src=\"https:\/\/www.mycover-protection.com\/wp-content\/uploads\/2025\/04\/funda-chopper-exterior_C-L-2-300x300.jpg\" class=\"attachment-woocommerce_thumbnail size-woocommerce_thumbnail\" alt=\"Funda Chopper Exterior C-L++\" srcset=\"https:\/\/www.mycover-protection.com\/wp-content\/uploads\/2025\/04\/funda-chopper-exterior_C-L-2-300x300.jpg 300w, https:\/\/www.mycover-protection.com\/wp-content\/uploads\/2025\/04\/funda-chopper-exterior_C-L-2-1024x1024.jpg 1024w, https:\/\/www.mycover-protection.com\/wp-content\/uploads\/2025\/04\/funda-chopper-exterior_C-L-2-150x150.jpg 150w, https:\/\/www.mycover-protection.com\/wp-content\/uploads\/2025\/04\/funda-chopper-exterior_C-L-2-768x768.jpg 768w, https:\/\/www.mycover-protection.com\/wp-content\/uploads\/2025\/04\/funda-chopper-exterior_C-L-2-270x270.jpg 270w, https:\/\/www.mycover-protection.com\/wp-content\/uploads\/2025\/04\/funda-chopper-exterior_C-L-2-800x800.jpg 800w, https:\/\/www.mycover-protection.com\/wp-content\/uploads\/2025\/04\/funda-chopper-exterior_C-L-2-200x200.jpg 200w, https:\/\/www.mycover-protection.com\/wp-content\/uploads\/2025\/04\/funda-chopper-exterior_C-L-2.jpg 1500w\" sizes=\"(max-width: 300px) 100vw, 300px\" \/><\/div>\n\t\t\t\t\t<div class=\"wc-block-grid__product-title\">MYCOVER\u00ae Funda Premium para Chopper de exterior<\/div>\n\t\t\t\t<\/a>\n\t\t\t\t<div class=\"wfa-wc-product-star-rating wfa-wc-block-grid__product-stars\" style=\"--fill:0.962;\" role=\"img\" aria-label=\"Valorado con 4.81 de 5\"><\/div><div class=\"wc-block-grid__product-price price\"><span class=\"wfa-variable-parent-price-range wfa-variable-parent-price-range--regular\"><del><span class=\"woocommerce-Price-amount amount\" aria-hidden=\"true\">189,00<span class=\"woocommerce-Price-currencySymbol\">&euro;<\/span><\/span> <span aria-hidden=\"true\">&#8211;<\/span> <span class=\"woocommerce-Price-amount amount\" aria-hidden=\"true\">249,00<span class=\"woocommerce-Price-currencySymbol\">&euro;<\/span><\/span><span class=\"screen-reader-text\">Rango de precios: desde 189,00&euro; hasta 249,00&euro;<\/span><\/del><\/span><span class=\"wfa-variable-parent-price-range wfa-variable-parent-price-range--sale\"><ins><span class=\"woocommerce-Price-amount amount\" aria-hidden=\"true\">174,00<span class=\"woocommerce-Price-currencySymbol\">&euro;<\/span><\/span> <span aria-hidden=\"true\">&#8211;<\/span> <span class=\"woocommerce-Price-amount amount\" aria-hidden=\"true\">234,00<span class=\"woocommerce-Price-currencySymbol\">&euro;<\/span><\/span><span class=\"screen-reader-text\">Rango de precios: desde 174,00&euro; hasta 234,00&euro;<\/span><\/ins><\/span><\/div><div class=\"wfa-wc-block-grid__product-badge-list\" aria-label=\"Caracter\u00edsticas especiales\"><p class=\"wfa-wc-block-grid__product-badge\">\ud83c\udfc6 Bestseller<\/p><p class=\"wfa-wc-block-grid__product-badge\">\ud83d\udd25 \u00a1Ahorra 15&euro; ahora!<\/p><p class=\"wfa-wc-block-grid__product-badge\">\u2728 8 Tama\u00f1os<\/p><\/div>\n\t\t\t\t\n\t\t\t\t\n\t\t\t<\/li><li class=\"wc-block-grid__product\"><span class=\"gtm4wp_productdata\" style=\"display:none; visibility:hidden;\" data-gtm4wp_product_data=\"{&quot;internal_id&quot;:45078,&quot;item_id&quot;:&quot;IC-&quot;,&quot;item_name&quot;:&quot;MYCOVER\\u00ae Funda para moto de interior Premium&quot;,&quot;sku&quot;:&quot;IC-&quot;,&quot;price&quot;:109,&quot;stocklevel&quot;:0,&quot;stockstatus&quot;:&quot;outofstock&quot;,&quot;google_business_vertical&quot;:&quot;retail&quot;,&quot;item_category&quot;:&quot;Cubiertas para moto&quot;,&quot;id&quot;:&quot;IC-&quot;,&quot;productlink&quot;:&quot;https:\\\/\\\/www.mycover-protection.com\\\/es\\\/produkt\\\/mycover-funda-para-moto-de-interior-premium\\\/&quot;,&quot;item_list_name&quot;:&quot;Lista general de productos&quot;,&quot;index&quot;:0,&quot;product_type&quot;:&quot;variable&quot;,&quot;item_brand&quot;:&quot;&quot;}\"><\/span>\n\t\t\t\t<a href=\"https:\/\/www.mycover-protection.com\/es\/produkt\/mycover-funda-para-moto-de-interior-premium\/\" class=\"wc-block-grid__product-link\">\n\t\t\t\t\t\n\t\t\t\t\t<div class=\"wc-block-grid__product-image\"><img decoding=\"async\" width=\"300\" height=\"300\" src=\"https:\/\/www.mycover-protection.com\/wp-content\/uploads\/2022\/07\/Motorrrad-Abdeckplane-Indoor-Stoff-300x300.png\" class=\"attachment-woocommerce_thumbnail size-woocommerce_thumbnail\" alt=\"Funda para moto Interior blando\" srcset=\"https:\/\/www.mycover-protection.com\/wp-content\/uploads\/2022\/07\/Motorrrad-Abdeckplane-Indoor-Stoff-300x300.png 300w, https:\/\/www.mycover-protection.com\/wp-content\/uploads\/2022\/07\/Motorrrad-Abdeckplane-Indoor-Stoff-150x150.png 150w, https:\/\/www.mycover-protection.com\/wp-content\/uploads\/2022\/07\/Motorrrad-Abdeckplane-Indoor-Stoff-768x768.png 768w, https:\/\/www.mycover-protection.com\/wp-content\/uploads\/2022\/07\/Motorrrad-Abdeckplane-Indoor-Stoff-270x270.png 270w, https:\/\/www.mycover-protection.com\/wp-content\/uploads\/2022\/07\/Motorrrad-Abdeckplane-Indoor-Stoff-200x200.png 200w, https:\/\/www.mycover-protection.com\/wp-content\/uploads\/2022\/07\/Motorrrad-Abdeckplane-Indoor-Stoff.png 800w\" sizes=\"(max-width: 300px) 100vw, 300px\" \/><\/div>\n\t\t\t\t\t<div class=\"wc-block-grid__product-title\">MYCOVER\u00ae Funda para moto de interior Premium<\/div>\n\t\t\t\t<\/a>\n\t\t\t\t<div class=\"wfa-wc-product-star-rating wfa-wc-block-grid__product-stars\" style=\"--fill:0.96;\" role=\"img\" aria-label=\"Valorado con 4.8 de 5\"><\/div><div class=\"wc-block-grid__product-price price\"><span class=\"woocommerce-Price-amount amount\" aria-hidden=\"true\">109,00<span class=\"woocommerce-Price-currencySymbol\">&euro;<\/span><\/span> <span aria-hidden=\"true\">&#8211;<\/span> <span class=\"woocommerce-Price-amount amount\" aria-hidden=\"true\">129,00<span class=\"woocommerce-Price-currencySymbol\">&euro;<\/span><\/span><span class=\"screen-reader-text\">Rango de precios: desde 109,00&euro; hasta 129,00&euro;<\/span><\/div><div class=\"wfa-wc-block-grid__product-badge-list\" aria-label=\"Caracter\u00edsticas especiales\"><p class=\"wfa-wc-block-grid__product-badge\">\ud83c\udfc6 Bestseller<\/p><p class=\"wfa-wc-block-grid__product-badge\">\u2728 4 Tama\u00f1os<\/p><\/div>\n\t\t\t\t\n\t\t\t\t\n\t\t\t<\/li><\/ul><\/div>\n<div style=\"height:10px\" aria-hidden=\"true\" class=\"wp-block-spacer\"><\/div>\n\n<figure class=\"wp-block-image size-large\"><img decoding=\"async\" width=\"1024\" height=\"683\" src=\"https:\/\/www.mycover-protection.com\/wp-content\/uploads\/2025\/01\/Aluminium_reinigen_Motorrad-1024x683.png\" alt=\"Llanta de aluminio impecable con disco de freno despu&#xE9;s de usar limpiador de aluminio para moto y abrillantador de metales, es un ejemplo de c&#xF3;mo limpiar y mantener correctamente el aluminio de una moto.\" class=\"wp-image-53814\" srcset=\"https:\/\/www.mycover-protection.com\/wp-content\/uploads\/2025\/01\/Aluminium_reinigen_Motorrad-1024x683.png 1024w, https:\/\/www.mycover-protection.com\/wp-content\/uploads\/2025\/01\/Aluminium_reinigen_Motorrad-300x200.png 300w, https:\/\/www.mycover-protection.com\/wp-content\/uploads\/2025\/01\/Aluminium_reinigen_Motorrad-768x512.png 768w, https:\/\/www.mycover-protection.com\/wp-content\/uploads\/2025\/01\/Aluminium_reinigen_Motorrad-400x267.png 400w, https:\/\/www.mycover-protection.com\/wp-content\/uploads\/2025\/01\/Aluminium_reinigen_Motorrad-800x533.png 800w, https:\/\/www.mycover-protection.com\/wp-content\/uploads\/2025\/01\/Aluminium_reinigen_Motorrad.png 1536w\" sizes=\"(max-width: 1024px) 100vw, 1024px\" \/><figcaption class=\"wp-element-caption\">Esta imagen se gener\u00f3 con IA<\/figcaption><\/figure>\n\n<div style=\"height:40px\" aria-hidden=\"true\" class=\"wp-block-spacer\"><\/div>\n\n<h2 class=\"wp-block-heading\" id=\"Aluminium-reinigen-Motorrad-&#x2013;-So-gelingt&#x2019;s-richtig\">Cuidado adecuado de las piezas de aluminio de la moto<\/h2>\n\n<p>Las piezas de aluminio reaccionan con sensibilidad a la intemperie, la sal y los productos de limpieza inadecuados. Si quieres eliminar manchas opacas u oxidadas, necesitas un cuidado espec\u00edfico para el aluminio. Esto puede eliminar las manchas, restaurar el brillo y proteger el material a largo plazo: ideal para el motor, las llantas o los listones embellecedores.  <\/p>\n\n<p><strong>Limpieza:<\/strong> Utiliza un limpiador de aluminio para motos sin \u00e1cido<\/p>\n\n<p><strong>Pulido:<\/strong> Pulido del aluminio de la moto con abrillantador para metales y un pa\u00f1o suave<\/p>\n\n<p><strong>Acabado:<\/strong> L\u00edmpialo con un pa\u00f1o de microfibra y refr\u00e9scalo regularmente<\/p>\n\n<p><strong>Limpieza del motor:<\/strong> Limpia el motor de aluminio s\u00f3lo cuando se haya enfriado<\/p>\n\n<p><strong>Consejo:<\/strong> Los limpiadores de aluminio para motos tambi\u00e9n son adecuados para las llantas<\/p>\n\n<div style=\"height:10px\" aria-hidden=\"true\" class=\"wp-block-spacer\"><\/div>\n\n<div class=\"wp-block-group is-banner__info\"><div class=\"wp-block-group__inner-container is-layout-flow wp-block-group-is-layout-flow\">\n<h3 class=\"wp-block-heading\"><strong>No lo olvides:<\/strong><\/h3>\n\n\n\n<p>El cuidado regular del material de la moto no s\u00f3lo garantiza un aspecto bonito, sino que tambi\u00e9n aumenta la conservaci\u00f3n del valor de tu veh\u00edculo.<\/p>\n<\/div><\/div>\n\n<div style=\"height:10px\" aria-hidden=\"true\" class=\"wp-block-spacer\"><\/div>\n\n<figure class=\"wp-block-image size-large\"><img decoding=\"async\" width=\"1024\" height=\"585\" src=\"https:\/\/www.mycover-protection.com\/wp-content\/uploads\/2025\/01\/Motorrad_Carbon_reinigen-1024x585.webp\" alt=\"Primer plano de una moto con paneles de carbono brillante y faros iluminados.\" class=\"wp-image-41298\" srcset=\"https:\/\/www.mycover-protection.com\/wp-content\/uploads\/2025\/01\/Motorrad_Carbon_reinigen-1024x585.webp 1024w, https:\/\/www.mycover-protection.com\/wp-content\/uploads\/2025\/01\/Motorrad_Carbon_reinigen-300x171.webp 300w, https:\/\/www.mycover-protection.com\/wp-content\/uploads\/2025\/01\/Motorrad_Carbon_reinigen-768x439.webp 768w, https:\/\/www.mycover-protection.com\/wp-content\/uploads\/2025\/01\/Motorrad_Carbon_reinigen-1536x878.webp 1536w, https:\/\/www.mycover-protection.com\/wp-content\/uploads\/2025\/01\/Motorrad_Carbon_reinigen-400x229.webp 400w, https:\/\/www.mycover-protection.com\/wp-content\/uploads\/2025\/01\/Motorrad_Carbon_reinigen-800x457.webp 800w, https:\/\/www.mycover-protection.com\/wp-content\/uploads\/2025\/01\/Motorrad_Carbon_reinigen.webp 1792w\" sizes=\"(max-width: 1024px) 100vw, 1024px\" \/><figcaption class=\"wp-element-caption\">Esta imagen se gener\u00f3 con IA<\/figcaption><\/figure>\n\n<div style=\"height:40px\" aria-hidden=\"true\" class=\"wp-block-spacer\"><\/div>\n\n<h2 class=\"wp-block-heading\" id=\"Pflege-und-Reinigung:-Carbon-Motorrad-richtig-behandeln\">Manipulaci\u00f3n correcta de las piezas de carbono<\/h2>\n\n<p>El carbono tiene un aspecto elegante, pero es m\u00e1s exigente de lo que mucha gente cree. La superficie reacciona con sensibilidad a los pulimentos incorrectos, los limpiadores agresivos o demasiado calor. Con los cuidados adecuados, las piezas de carbono permanecen permanentemente mates o brillantes, seg\u00fan el acabado. Se puede pulir, pero s\u00f3lo con productos expresamente aprobados para la fibra de carbono.   <\/p>\n\n<ul class=\"wp-block-list\">\n<li><strong>Limpieza:<\/strong> Sin alta presi\u00f3n, s\u00f3lo esponjas suaves y mucha agua<\/li>\n\n\n\n<li><strong>Cuidados:<\/strong> Utiliza s\u00f3lo cuidados especiales para las piezas de carbono de la moto<\/li>\n\n\n\n<li><strong>Pulido:<\/strong> Es posible, pero con cuidado, s\u00f3lo con agentes probados<\/li>\n\n\n\n<li><strong>Evita:<\/strong> Ni ceras est\u00e1ndar, ni sprays que contengan silicona<\/li>\n\n\n\n<li><strong>Consejo:<\/strong> No pulir en seco las piezas de carbono de la moto = riesgo de ara\u00f1azos<\/li>\n<\/ul>\n\n<div style=\"height:40px\" aria-hidden=\"true\" class=\"wp-block-spacer\"><\/div>\n\n<div class=\"wp-block-group is-banner__info\"><div class=\"wp-block-group__inner-container is-layout-flow wp-block-group-is-layout-flow\">\n<h3 class=\"wp-block-heading\" id=\"Besondere-Hinweise-Carbon\"><strong>Notas especiales:<\/strong><\/h3>\n\n\n\n<ul class=\"wp-block-list\">\n<li><strong>Portamatr\u00edculas de carbono para moto:<\/strong> Deben limpiarse con especial cuidado, ya que est\u00e1n expuestos a la suciedad y la humedad. El cuidado regular del material de la moto tambi\u00e9n evita la corrosi\u00f3n y conserva su aspecto. <\/li>\n\n\n\n<li><strong>Piezas de carbono de moto con acabado mate:<\/strong> Hay que tener especial cuidado con las superficies mates. Por eso, evita los pulimentos brillantes y utiliza productos especialmente desarrollados para superficies mates. <\/li>\n\n\n\n<li><strong>Inspecci\u00f3n peri\u00f3dica:<\/strong> Comprueba regularmente las piezas de carbono de tu moto para ver si est\u00e1n da\u00f1adas o desgastadas. Sin embargo, si hay ara\u00f1azos profundos o da\u00f1os estructurales, debes consultar a un especialista. <\/li>\n<\/ul>\n<\/div><\/div>\n\n<div style=\"height:40px\" aria-hidden=\"true\" class=\"wp-block-spacer\"><\/div>\n\n<figure class=\"wp-block-image size-large\"><img decoding=\"async\" width=\"1024\" height=\"585\" src=\"https:\/\/www.mycover-protection.com\/wp-content\/uploads\/2025\/01\/Motorrad_Edelstahl_polieren-1024x585.webp\" alt=\"Primer plano de una mano con una pulidora puliendo un tubo de escape de acero inoxidable brillante.\" class=\"wp-image-41308\" srcset=\"https:\/\/www.mycover-protection.com\/wp-content\/uploads\/2025\/01\/Motorrad_Edelstahl_polieren-1024x585.webp 1024w, https:\/\/www.mycover-protection.com\/wp-content\/uploads\/2025\/01\/Motorrad_Edelstahl_polieren-300x171.webp 300w, https:\/\/www.mycover-protection.com\/wp-content\/uploads\/2025\/01\/Motorrad_Edelstahl_polieren-768x439.webp 768w, https:\/\/www.mycover-protection.com\/wp-content\/uploads\/2025\/01\/Motorrad_Edelstahl_polieren-1536x878.webp 1536w, https:\/\/www.mycover-protection.com\/wp-content\/uploads\/2025\/01\/Motorrad_Edelstahl_polieren-400x229.webp 400w, https:\/\/www.mycover-protection.com\/wp-content\/uploads\/2025\/01\/Motorrad_Edelstahl_polieren-800x457.webp 800w, https:\/\/www.mycover-protection.com\/wp-content\/uploads\/2025\/01\/Motorrad_Edelstahl_polieren.webp 1792w\" sizes=\"(max-width: 1024px) 100vw, 1024px\" \/><figcaption class=\"wp-element-caption\">Esta imagen se gener\u00f3 con IA<\/figcaption><\/figure>\n\n<div style=\"height:40px\" aria-hidden=\"true\" class=\"wp-block-spacer\"><\/div>\n\n<h2 class=\"wp-block-heading\" id=\"Gl&#xE4;nzende-Ergebnisse:-Wie-poliert-man-Edelstahl-richtig?\">Limpia y pule correctamente el acero inoxidable<\/h2>\n\n<p>Las piezas de acero inoxidable, como los tubos de escape, los soportes o las tapas, son robustas, pero pueden perder r\u00e1pidamente su brillo debido a la oxidaci\u00f3n repentina o a finos ara\u00f1azos. Con el pulimento adecuado, puedes hacer que vuelvan a brillar sin marcas de lijado ni manchas opacas. Es importante utilizar productos sin \u00e1cido y pa\u00f1os suaves.  <\/p>\n\n<ul class=\"wp-block-list\">\n<li><strong>Limpieza:<\/strong> Utiliza un limpiador de escapes de acero inoxidable para motos sin aditivos agresivos<\/li>\n\n\n\n<li><strong>Pulido:<\/strong> Utiliza una pasta especial para pulir acero inoxidable<\/li>\n\n\n\n<li><strong>\u00bfC\u00f3mo pulir?<\/strong>  En movimientos uniformes con microfibra, nunca con limpiadores abrasivos<\/li>\n\n\n\n<li><strong>\u00bfCon qu\u00e9?<\/strong>  Limpiador suave, como detergente l\u00edquido o limpiador especial para motos (no utilices productos \u00e1cidos).<\/li>\n\n\n\n<li><strong>Acabado:<\/strong> Despu\u00e9s de pulir, frota para secar y conserva<\/li>\n<\/ul>\n\n<div class=\"wp-block-group is-banner__info\"><div class=\"wp-block-group__inner-container is-layout-flow wp-block-group-is-layout-flow\">\n<h3 class=\"wp-block-heading\" id=\"Tipps-f&#xFC;r-die-Politur-von-Edelstahl:\"><strong>Consejos para pulir acero inoxidable:<\/strong><\/h3>\n\n\n\n<ul class=\"wp-block-list\">\n<li><strong>Elige la pasta de pulir adecuada<\/strong> Elegir la pasta de pulir adecuada es crucial para obtener resultados \u00f3ptimos. Hay distintas pastas para distintos niveles de pulido, de grueso a fino.  Si los agentes utilizados son demasiado agresivos, incluso el material que en realidad no se oxida puede empezar a oxidarse. En este caso, echa un vistazo a nuestra <a href=\"https:\/\/www.mycover-protection.com\/es\/magazin\/oxido-en-tu-moto-como-eliminar-el-oxido-de-los-cromados-y-proteger-tu-moto-a-largo-plazo\/\">p\u00e1gina sobre el tema de la oxidaci\u00f3n<\/a>.<\/li>\n\n\n\n<li><strong>Utiliza herramientas<\/strong>: Utilizar accesorios de pulido para taladros o m\u00e1quinas pulidoras especiales puede facilitar el proceso y conseguir un acabado uniforme. Aseg\u00farate de utilizar los accesorios adecuados para evitar ara\u00f1azos. <\/li>\n\n\n\n<li><strong>Observa la t\u00e9cnica<\/strong>: Pule con movimientos uniformes y superpuestos, y no apliques demasiada presi\u00f3n para no da\u00f1ar la superficie. Una pasada cruzada, es decir, pulir con movimientos hacia delante y hacia atr\u00e1s en un patr\u00f3n entrecruzado, ha demostrado ser eficaz. <\/li>\n<\/ul>\n<\/div><\/div>\n\n<div style=\"height:54px\" aria-hidden=\"true\" class=\"wp-block-spacer\"><\/div>\n\n<figure class=\"wp-block-image size-large\"><img decoding=\"async\" width=\"1024\" height=\"585\" src=\"https:\/\/www.mycover-protection.com\/wp-content\/uploads\/2025\/01\/Motorrad_Leder_reinigen-1024x585.webp\" alt=\"Una persona pule el asiento de cuero de una moto con un trapo.\" class=\"wp-image-41314\" srcset=\"https:\/\/www.mycover-protection.com\/wp-content\/uploads\/2025\/01\/Motorrad_Leder_reinigen-1024x585.webp 1024w, https:\/\/www.mycover-protection.com\/wp-content\/uploads\/2025\/01\/Motorrad_Leder_reinigen-300x171.webp 300w, https:\/\/www.mycover-protection.com\/wp-content\/uploads\/2025\/01\/Motorrad_Leder_reinigen-768x439.webp 768w, https:\/\/www.mycover-protection.com\/wp-content\/uploads\/2025\/01\/Motorrad_Leder_reinigen-1536x878.webp 1536w, https:\/\/www.mycover-protection.com\/wp-content\/uploads\/2025\/01\/Motorrad_Leder_reinigen-400x229.webp 400w, https:\/\/www.mycover-protection.com\/wp-content\/uploads\/2025\/01\/Motorrad_Leder_reinigen-800x457.webp 800w, https:\/\/www.mycover-protection.com\/wp-content\/uploads\/2025\/01\/Motorrad_Leder_reinigen.webp 1792w\" sizes=\"(max-width: 1024px) 100vw, 1024px\" \/><figcaption class=\"wp-element-caption\">Esta imagen se gener\u00f3 con IA<\/figcaption><\/figure>\n\n<div style=\"height:40px\" aria-hidden=\"true\" class=\"wp-block-spacer\"><\/div>\n\n<h2 class=\"wp-block-heading\" id=\"Tipps-f&#xFC;r-die-Pflege-des-Motorradtanks\">Limpiar el cuero y mantenerlo flexible<\/h2>\n\n<p>Los asientos de moto, los protectores de dep\u00f3sito o las bolsas de cuero tienen un aspecto elegante, ya sean de cuero aut\u00e9ntico o de imitaci\u00f3n de cuero. Ambos tipos requieren cuidados espec\u00edficos: el cuero aut\u00e9ntico debe engrasarse regularmente y mantenerse flexible, mientras que el artificial es m\u00e1s sensible a la limpieza y a la protecci\u00f3n UV. Es importante diferenciar los materiales, ya que envejecen de forma distinta y reaccionan de forma diferente a los productos de cuidado.  <\/p>\n\n<ul class=\"wp-block-list\">\n<li><strong>Piel aut\u00e9ntica:<\/strong> Tr\u00e1tala regularmente con los cuidados para piel de moto para evitar que se agriete<\/li>\n\n\n\n<li><strong>Cuero sint\u00e9tico:<\/strong> No tolera el cuidado graso, mejor utilizar productos de cuidado de pl\u00e1stico<\/li>\n\n\n\n<li><strong>Limpieza:<\/strong> Empieza siempre con un limpiador especial para cuero de moto<\/li>\n\n\n\n<li><strong>Cuidado:<\/strong> Despu\u00e9s del secado, aplica un producto adecuado para el cuidado del cuero de la moto<\/li>\n\n\n\n<li><strong>Acabado:<\/strong> L\u00edmpialo con un pa\u00f1o de microfibra, sin dejar residuos aceitosos<\/li>\n<\/ul>\n\n<div style=\"height:40px\" aria-hidden=\"true\" class=\"wp-block-spacer\"><\/div>\n\n<div class=\"wp-block-group is-banner__info\"><div class=\"wp-block-group__inner-container is-layout-flow wp-block-group-is-layout-flow\">\n<h3 class=\"wp-block-heading\"><strong>Consejos para un cuidado regular:  <\/strong><\/h3>\n\n\n\n<ul class=\"wp-block-list\">\n<li><strong>Limpieza despu\u00e9s de montar bajo la lluvia<\/strong>: La humedad puede da\u00f1ar el cuero. S\u00e9calo inmediatamente despu\u00e9s de montar bajo la lluvia y luego tr\u00e1talo con grasa para cuero para mantener su flexibilidad. <\/li>\n\n\n\n<li><strong>Evita los productos de limpieza agresivos<\/strong>: los limpiadores multiusos qu\u00edmicos o los disolventes atacan el cuero. Utiliza siempre productos especialmente adecuados para el cuero. <\/li>\n\n\n\n<li><strong>Inspecci\u00f3n peri\u00f3dica<\/strong>: revisa regularmente las partes de cuero de tu moto para detectar signos de desgaste, grietas o decoloraci\u00f3n. Un mantenimiento a tiempo evita da\u00f1os mayores. <\/li>\n<\/ul>\n<\/div><\/div>\n\n<h4 class=\"wp-block-heading\"><strong>Caracter\u00edsticas especiales de la piel artificial para uso en exteriores<\/strong>:<\/h4>\n\n<p>Las piezas de cuero sint\u00e9tico que est\u00e1n permanentemente expuestas a la intemperie, como las banquetas de los asientos o las empu\u00f1aduras, deben limpiarse y cuidarse con regularidad. Una capa protectora de productos de cuidado adecuados ayuda a repeler la humedad y la suciedad y a prolongar la vida \u00fatil.  Es especialmente importante utilizar una <a href=\"https:\/\/www.mycover-protection.com\/es\/produkt\/mycover-funda-para-moto-exterior-premium\/\">lona de exterior<\/a> adecuada para proteger tus piezas de piel artificial del viento y la intemperie.<\/p>\n\n<div style=\"height:40px\" aria-hidden=\"true\" class=\"wp-block-spacer\"><\/div>\n<div data-align-buttons=\"true\" data-block-name=\"woocommerce\/handpicked-products\" data-content-visibility=\"{&quot;image&quot;:true,&quot;title&quot;:true,&quot;price&quot;:true,&quot;rating&quot;:true,&quot;button&quot;:false}\" data-orderby=\"rating\" data-products=\"[45078,45240,44853]\" class=\"wc-block-grid wp-block-handpicked-products wp-block-woocommerce-handpicked-products wc-block-handpicked-products has-3-columns has-multiple-rows has-aligned-buttons\"><ul class=\"wc-block-grid__products\"><li class=\"wc-block-grid__product\"><span class=\"gtm4wp_productdata\" style=\"display:none; visibility:hidden;\" data-gtm4wp_product_data=\"{&quot;internal_id&quot;:44853,&quot;item_id&quot;:&quot;OC-&quot;,&quot;item_name&quot;:&quot;Funda para moto Premium MYCOVER\\u00ae para exterior&quot;,&quot;sku&quot;:&quot;OC-&quot;,&quot;price&quot;:144,&quot;stocklevel&quot;:0,&quot;stockstatus&quot;:&quot;onbackorder&quot;,&quot;google_business_vertical&quot;:&quot;retail&quot;,&quot;item_category&quot;:&quot;Cubiertas para moto&quot;,&quot;id&quot;:&quot;OC-&quot;,&quot;productlink&quot;:&quot;https:\\\/\\\/www.mycover-protection.com\\\/es\\\/produkt\\\/mycover-funda-para-moto-exterior-premium\\\/&quot;,&quot;item_list_name&quot;:&quot;Lista general de productos&quot;,&quot;index&quot;:0,&quot;product_type&quot;:&quot;variable&quot;,&quot;item_brand&quot;:&quot;&quot;}\"><\/span>\n\t\t\t\t<a href=\"https:\/\/www.mycover-protection.com\/es\/produkt\/mycover-funda-para-moto-exterior-premium\/\" class=\"wc-block-grid__product-link\">\n\t\t\t\t\t\n\t\t\t\t\t<div class=\"wc-block-grid__product-image\"><img decoding=\"async\" width=\"300\" height=\"300\" src=\"https:\/\/www.mycover-protection.com\/wp-content\/uploads\/2025\/11\/funda-moto-exterior-M-300x300.jpg\" class=\"attachment-woocommerce_thumbnail size-woocommerce_thumbnail\" alt=\"Funda para moto Outdoor M+\" srcset=\"https:\/\/www.mycover-protection.com\/wp-content\/uploads\/2025\/11\/funda-moto-exterior-M-300x300.jpg 300w, https:\/\/www.mycover-protection.com\/wp-content\/uploads\/2025\/11\/funda-moto-exterior-M-1024x1024.jpg 1024w, https:\/\/www.mycover-protection.com\/wp-content\/uploads\/2025\/11\/funda-moto-exterior-M-150x150.jpg 150w, https:\/\/www.mycover-protection.com\/wp-content\/uploads\/2025\/11\/funda-moto-exterior-M-768x768.jpg 768w, https:\/\/www.mycover-protection.com\/wp-content\/uploads\/2025\/11\/funda-moto-exterior-M-270x270.jpg 270w, https:\/\/www.mycover-protection.com\/wp-content\/uploads\/2025\/11\/funda-moto-exterior-M-800x800.jpg 800w, https:\/\/www.mycover-protection.com\/wp-content\/uploads\/2025\/11\/funda-moto-exterior-M-200x200.jpg 200w, https:\/\/www.mycover-protection.com\/wp-content\/uploads\/2025\/11\/funda-moto-exterior-M.jpg 1500w\" sizes=\"(max-width: 300px) 100vw, 300px\" \/><\/div>\n\t\t\t\t\t<div class=\"wc-block-grid__product-title\">Funda para moto Premium MYCOVER\u00ae para exterior<\/div>\n\t\t\t\t<\/a>\n\t\t\t\t<div class=\"wfa-wc-product-star-rating wfa-wc-block-grid__product-stars\" style=\"--fill:0.986;\" role=\"img\" aria-label=\"Valorado con 4.93 de 5\"><\/div><div class=\"wc-block-grid__product-price price\"><span class=\"wfa-variable-parent-price-range wfa-variable-parent-price-range--regular\"><del><span class=\"woocommerce-Price-amount amount\" aria-hidden=\"true\">159,00<span class=\"woocommerce-Price-currencySymbol\">&euro;<\/span><\/span> <span aria-hidden=\"true\">&#8211;<\/span> <span class=\"woocommerce-Price-amount amount\" aria-hidden=\"true\">279,00<span class=\"woocommerce-Price-currencySymbol\">&euro;<\/span><\/span><span class=\"screen-reader-text\">Rango de precios: desde 159,00&euro; hasta 279,00&euro;<\/span><\/del><\/span><span class=\"wfa-variable-parent-price-range wfa-variable-parent-price-range--sale\"><ins><span class=\"woocommerce-Price-amount amount\" aria-hidden=\"true\">144,00<span class=\"woocommerce-Price-currencySymbol\">&euro;<\/span><\/span> <span aria-hidden=\"true\">&#8211;<\/span> <span class=\"woocommerce-Price-amount amount\" aria-hidden=\"true\">264,00<span class=\"woocommerce-Price-currencySymbol\">&euro;<\/span><\/span><span class=\"screen-reader-text\">Rango de precios: desde 144,00&euro; hasta 264,00&euro;<\/span><\/ins><\/span><\/div><div class=\"wfa-wc-block-grid__product-badge-list\" aria-label=\"Caracter\u00edsticas especiales\"><p class=\"wfa-wc-block-grid__product-badge\">\ud83c\udfc6 Bestseller<\/p><p class=\"wfa-wc-block-grid__product-badge\">\ud83d\udd25 \u00a1Ahorra 15&euro; ahora!<\/p><p class=\"wfa-wc-block-grid__product-badge\">\u2728 16 Tama\u00f1os<\/p><\/div>\n\t\t\t\t\n\t\t\t\t\n\t\t\t<\/li><li class=\"wc-block-grid__product\"><span class=\"gtm4wp_productdata\" style=\"display:none; visibility:hidden;\" data-gtm4wp_product_data=\"{&quot;internal_id&quot;:45240,&quot;item_id&quot;:&quot;OC-C-&quot;,&quot;item_name&quot;:&quot;MYCOVER\\u00ae Funda Premium para Chopper de exterior&quot;,&quot;sku&quot;:&quot;OC-C-&quot;,&quot;price&quot;:174,&quot;stocklevel&quot;:0,&quot;stockstatus&quot;:&quot;onbackorder&quot;,&quot;google_business_vertical&quot;:&quot;retail&quot;,&quot;item_category&quot;:&quot;Cubiertas para moto&quot;,&quot;id&quot;:&quot;OC-C-&quot;,&quot;productlink&quot;:&quot;https:\\\/\\\/www.mycover-protection.com\\\/es\\\/produkt\\\/mycover-funda-exterior-premium-para-chopper\\\/&quot;,&quot;item_list_name&quot;:&quot;Lista general de productos&quot;,&quot;index&quot;:0,&quot;product_type&quot;:&quot;variable&quot;,&quot;item_brand&quot;:&quot;&quot;}\"><\/span>\n\t\t\t\t<a href=\"https:\/\/www.mycover-protection.com\/es\/produkt\/mycover-funda-exterior-premium-para-chopper\/\" class=\"wc-block-grid__product-link\">\n\t\t\t\t\t\n\t\t\t\t\t<div class=\"wc-block-grid__product-image\"><img decoding=\"async\" width=\"300\" height=\"300\" src=\"https:\/\/www.mycover-protection.com\/wp-content\/uploads\/2025\/04\/funda-chopper-exterior_C-L-2-300x300.jpg\" class=\"attachment-woocommerce_thumbnail size-woocommerce_thumbnail\" alt=\"Funda Chopper Exterior C-L++\" srcset=\"https:\/\/www.mycover-protection.com\/wp-content\/uploads\/2025\/04\/funda-chopper-exterior_C-L-2-300x300.jpg 300w, https:\/\/www.mycover-protection.com\/wp-content\/uploads\/2025\/04\/funda-chopper-exterior_C-L-2-1024x1024.jpg 1024w, https:\/\/www.mycover-protection.com\/wp-content\/uploads\/2025\/04\/funda-chopper-exterior_C-L-2-150x150.jpg 150w, https:\/\/www.mycover-protection.com\/wp-content\/uploads\/2025\/04\/funda-chopper-exterior_C-L-2-768x768.jpg 768w, https:\/\/www.mycover-protection.com\/wp-content\/uploads\/2025\/04\/funda-chopper-exterior_C-L-2-270x270.jpg 270w, https:\/\/www.mycover-protection.com\/wp-content\/uploads\/2025\/04\/funda-chopper-exterior_C-L-2-800x800.jpg 800w, https:\/\/www.mycover-protection.com\/wp-content\/uploads\/2025\/04\/funda-chopper-exterior_C-L-2-200x200.jpg 200w, https:\/\/www.mycover-protection.com\/wp-content\/uploads\/2025\/04\/funda-chopper-exterior_C-L-2.jpg 1500w\" sizes=\"(max-width: 300px) 100vw, 300px\" \/><\/div>\n\t\t\t\t\t<div class=\"wc-block-grid__product-title\">MYCOVER\u00ae Funda Premium para Chopper de exterior<\/div>\n\t\t\t\t<\/a>\n\t\t\t\t<div class=\"wfa-wc-product-star-rating wfa-wc-block-grid__product-stars\" style=\"--fill:0.962;\" role=\"img\" aria-label=\"Valorado con 4.81 de 5\"><\/div><div class=\"wc-block-grid__product-price price\"><span class=\"wfa-variable-parent-price-range wfa-variable-parent-price-range--regular\"><del><span class=\"woocommerce-Price-amount amount\" aria-hidden=\"true\">189,00<span class=\"woocommerce-Price-currencySymbol\">&euro;<\/span><\/span> <span aria-hidden=\"true\">&#8211;<\/span> <span class=\"woocommerce-Price-amount amount\" aria-hidden=\"true\">249,00<span class=\"woocommerce-Price-currencySymbol\">&euro;<\/span><\/span><span class=\"screen-reader-text\">Rango de precios: desde 189,00&euro; hasta 249,00&euro;<\/span><\/del><\/span><span class=\"wfa-variable-parent-price-range wfa-variable-parent-price-range--sale\"><ins><span class=\"woocommerce-Price-amount amount\" aria-hidden=\"true\">174,00<span class=\"woocommerce-Price-currencySymbol\">&euro;<\/span><\/span> <span aria-hidden=\"true\">&#8211;<\/span> <span class=\"woocommerce-Price-amount amount\" aria-hidden=\"true\">234,00<span class=\"woocommerce-Price-currencySymbol\">&euro;<\/span><\/span><span class=\"screen-reader-text\">Rango de precios: desde 174,00&euro; hasta 234,00&euro;<\/span><\/ins><\/span><\/div><div class=\"wfa-wc-block-grid__product-badge-list\" aria-label=\"Caracter\u00edsticas especiales\"><p class=\"wfa-wc-block-grid__product-badge\">\ud83c\udfc6 Bestseller<\/p><p class=\"wfa-wc-block-grid__product-badge\">\ud83d\udd25 \u00a1Ahorra 15&euro; ahora!<\/p><p class=\"wfa-wc-block-grid__product-badge\">\u2728 8 Tama\u00f1os<\/p><\/div>\n\t\t\t\t\n\t\t\t\t\n\t\t\t<\/li><li class=\"wc-block-grid__product\"><span class=\"gtm4wp_productdata\" style=\"display:none; visibility:hidden;\" data-gtm4wp_product_data=\"{&quot;internal_id&quot;:45078,&quot;item_id&quot;:&quot;IC-&quot;,&quot;item_name&quot;:&quot;MYCOVER\\u00ae Funda para moto de interior Premium&quot;,&quot;sku&quot;:&quot;IC-&quot;,&quot;price&quot;:109,&quot;stocklevel&quot;:0,&quot;stockstatus&quot;:&quot;outofstock&quot;,&quot;google_business_vertical&quot;:&quot;retail&quot;,&quot;item_category&quot;:&quot;Cubiertas para moto&quot;,&quot;id&quot;:&quot;IC-&quot;,&quot;productlink&quot;:&quot;https:\\\/\\\/www.mycover-protection.com\\\/es\\\/produkt\\\/mycover-funda-para-moto-de-interior-premium\\\/&quot;,&quot;item_list_name&quot;:&quot;Lista general de productos&quot;,&quot;index&quot;:0,&quot;product_type&quot;:&quot;variable&quot;,&quot;item_brand&quot;:&quot;&quot;}\"><\/span>\n\t\t\t\t<a href=\"https:\/\/www.mycover-protection.com\/es\/produkt\/mycover-funda-para-moto-de-interior-premium\/\" class=\"wc-block-grid__product-link\">\n\t\t\t\t\t\n\t\t\t\t\t<div class=\"wc-block-grid__product-image\"><img decoding=\"async\" width=\"300\" height=\"300\" src=\"https:\/\/www.mycover-protection.com\/wp-content\/uploads\/2022\/07\/Motorrrad-Abdeckplane-Indoor-Stoff-300x300.png\" class=\"attachment-woocommerce_thumbnail size-woocommerce_thumbnail\" alt=\"Funda para moto Interior blando\" srcset=\"https:\/\/www.mycover-protection.com\/wp-content\/uploads\/2022\/07\/Motorrrad-Abdeckplane-Indoor-Stoff-300x300.png 300w, https:\/\/www.mycover-protection.com\/wp-content\/uploads\/2022\/07\/Motorrrad-Abdeckplane-Indoor-Stoff-150x150.png 150w, https:\/\/www.mycover-protection.com\/wp-content\/uploads\/2022\/07\/Motorrrad-Abdeckplane-Indoor-Stoff-768x768.png 768w, https:\/\/www.mycover-protection.com\/wp-content\/uploads\/2022\/07\/Motorrrad-Abdeckplane-Indoor-Stoff-270x270.png 270w, https:\/\/www.mycover-protection.com\/wp-content\/uploads\/2022\/07\/Motorrrad-Abdeckplane-Indoor-Stoff-200x200.png 200w, https:\/\/www.mycover-protection.com\/wp-content\/uploads\/2022\/07\/Motorrrad-Abdeckplane-Indoor-Stoff.png 800w\" sizes=\"(max-width: 300px) 100vw, 300px\" \/><\/div>\n\t\t\t\t\t<div class=\"wc-block-grid__product-title\">MYCOVER\u00ae Funda para moto de interior Premium<\/div>\n\t\t\t\t<\/a>\n\t\t\t\t<div class=\"wfa-wc-product-star-rating wfa-wc-block-grid__product-stars\" style=\"--fill:0.96;\" role=\"img\" aria-label=\"Valorado con 4.8 de 5\"><\/div><div class=\"wc-block-grid__product-price price\"><span class=\"woocommerce-Price-amount amount\" aria-hidden=\"true\">109,00<span class=\"woocommerce-Price-currencySymbol\">&euro;<\/span><\/span> <span aria-hidden=\"true\">&#8211;<\/span> <span class=\"woocommerce-Price-amount amount\" aria-hidden=\"true\">129,00<span class=\"woocommerce-Price-currencySymbol\">&euro;<\/span><\/span><span class=\"screen-reader-text\">Rango de precios: desde 109,00&euro; hasta 129,00&euro;<\/span><\/div><div class=\"wfa-wc-block-grid__product-badge-list\" aria-label=\"Caracter\u00edsticas especiales\"><p class=\"wfa-wc-block-grid__product-badge\">\ud83c\udfc6 Bestseller<\/p><p class=\"wfa-wc-block-grid__product-badge\">\u2728 4 Tama\u00f1os<\/p><\/div>\n\t\t\t\t\n\t\t\t\t\n\t\t\t<\/li><\/ul><\/div>\n<figure class=\"wp-block-image size-large\"><img decoding=\"async\" width=\"1024\" height=\"683\" src=\"https:\/\/www.mycover-protection.com\/wp-content\/uploads\/2025\/01\/Motorrad_Kunststoff_politur-1-1024x683.png\" alt=\"Primer plano de un carenado de pl&#xE1;stico de moto en buen estado, ilustra el efecto del pulimento para pl&#xE1;sticos, ideal para cristales de pl&#xE1;stico ciegos o piezas de pl&#xE1;stico mate de la moto.\" class=\"wp-image-53839\" srcset=\"https:\/\/www.mycover-protection.com\/wp-content\/uploads\/2025\/01\/Motorrad_Kunststoff_politur-1-1024x683.png 1024w, https:\/\/www.mycover-protection.com\/wp-content\/uploads\/2025\/01\/Motorrad_Kunststoff_politur-1-300x200.png 300w, https:\/\/www.mycover-protection.com\/wp-content\/uploads\/2025\/01\/Motorrad_Kunststoff_politur-1-768x512.png 768w, https:\/\/www.mycover-protection.com\/wp-content\/uploads\/2025\/01\/Motorrad_Kunststoff_politur-1-400x267.png 400w, https:\/\/www.mycover-protection.com\/wp-content\/uploads\/2025\/01\/Motorrad_Kunststoff_politur-1-800x533.png 800w, https:\/\/www.mycover-protection.com\/wp-content\/uploads\/2025\/01\/Motorrad_Kunststoff_politur-1.png 1536w\" sizes=\"(max-width: 1024px) 100vw, 1024px\" \/><figcaption class=\"wp-element-caption\">Esta imagen se gener\u00f3 con IA<\/figcaption><\/figure>\n\n<div style=\"height:40px\" aria-hidden=\"true\" class=\"wp-block-spacer\"><\/div>\n\n<h2 class=\"wp-block-heading\" id=\"Motorrad-Materialpflege:-Tipps-zur-Kunststoff-Politur-und-wie-man-Motorrad-Plastik-reinigen-kann\">Limpiar y refrescar piezas de pl\u00e1stico<\/h2>\n\n<p>Las piezas de pl\u00e1stico de la moto se embotan, desgastan o manchan r\u00e1pidamente. Las tapas del dep\u00f3sito, los paneles o las ventanillas ciegas de pl\u00e1stico se ven especialmente afectados. Con el pulimento para pl\u00e1sticos adecuado, puedes restaurar el brillo y proteger el material de los da\u00f1os causados por los rayos UV. Tambi\u00e9n se pueden refrescar las zonas amarillentas o mates: ideal para quien quiera mejorar el aspecto de su moto.   <\/p>\n\n<ul class=\"wp-block-list\">\n<li><strong>Limpieza:<\/strong> Con agua tibia, un pa\u00f1o suave y un limpiador para piezas de pl\u00e1stico de moto<\/li>\n\n\n\n<li><strong>Pulido:<\/strong> Pulimento especial para pl\u00e1sticos para un nuevo brillo<\/li>\n\n\n\n<li><strong>Cuidados:<\/strong> Evita que las piezas de pl\u00e1stico de la moto se decoloren con un cuidado que bloquea los rayos UV<\/li>\n\n\n\n<li><strong>Discos ciegos:<\/strong> Limpia los cristales ciegos de pl\u00e1stico con pulimento acr\u00edlico<\/li>\n\n\n\n<li><strong>Consejo:<\/strong> El dep\u00f3sito de pl\u00e1stico de la moto tambi\u00e9n puede tratarse de esta forma<\/li>\n<\/ul>\n\n<div style=\"height:41px\" aria-hidden=\"true\" class=\"wp-block-spacer\"><\/div>\n\n<h3 class=\"wp-block-heading\" id=\"Tipps-und-Tricks-zur-Pflege\">Consejos y trucos para el cuidado del material de pl\u00e1stico de la moto<\/h3>\n\n<p>Manchas dif\u00edciles: Utiliza un cepillo suave para limpiar las zonas dif\u00edciles.<\/p>\n\n<p>Productos para el cuidado: Aseg\u00farate de no utilizar productos de limpieza agresivos que puedan atacar el pl\u00e1stico.<\/p>\n\n<p>Regularidad: Limpia y mant\u00e9n tu moto al menos una vez al mes para garantizar la mejor protecci\u00f3n.<\/p>\n\n<p>Igual que cuidas tus materiales, una <a href=\"https:\/\/www.mycover-protection.com\/es\/produkt-kategorie\/cubiertas-para-moto\/\">Funda para moto MYCOVER\u00ae<\/a> protege de forma fiable el exterior de tu moto, que encontrar\u00e1s en s\u00f3lo 3 clics en el Buscador de tama\u00f1os.<\/p>\n\n<div data-color-scheme=\"error\" class=\"wfa-component-alertbox\" data-wfa-component=\"alertbox\">\t<p><strong>Prohibido<\/strong><\/p>\n\t<p>El shortcode <code>[[wfa-component-tarpaulin-size-recommendation]]<\/code> no est\u00e1 liberado para este tipo de p\u00e1gina.\t<\/p>\n<\/div>\n\n\n\n<div style=\"height:40px\" aria-hidden=\"true\" class=\"wp-block-spacer\"><\/div>\n<div data-align-buttons=\"true\" data-block-name=\"woocommerce\/handpicked-products\" data-content-visibility=\"{&quot;image&quot;:true,&quot;title&quot;:true,&quot;price&quot;:true,&quot;rating&quot;:true,&quot;button&quot;:false}\" data-orderby=\"rating\" data-products=\"[45078,45240,44853]\" class=\"wc-block-grid wp-block-handpicked-products wp-block-woocommerce-handpicked-products wc-block-handpicked-products has-3-columns has-multiple-rows has-aligned-buttons\"><ul class=\"wc-block-grid__products\"><li class=\"wc-block-grid__product\"><span class=\"gtm4wp_productdata\" style=\"display:none; visibility:hidden;\" data-gtm4wp_product_data=\"{&quot;internal_id&quot;:44853,&quot;item_id&quot;:&quot;OC-&quot;,&quot;item_name&quot;:&quot;Funda para moto Premium MYCOVER\\u00ae para exterior&quot;,&quot;sku&quot;:&quot;OC-&quot;,&quot;price&quot;:144,&quot;stocklevel&quot;:0,&quot;stockstatus&quot;:&quot;onbackorder&quot;,&quot;google_business_vertical&quot;:&quot;retail&quot;,&quot;item_category&quot;:&quot;Cubiertas para moto&quot;,&quot;id&quot;:&quot;OC-&quot;,&quot;productlink&quot;:&quot;https:\\\/\\\/www.mycover-protection.com\\\/es\\\/produkt\\\/mycover-funda-para-moto-exterior-premium\\\/&quot;,&quot;item_list_name&quot;:&quot;Lista general de productos&quot;,&quot;index&quot;:0,&quot;product_type&quot;:&quot;variable&quot;,&quot;item_brand&quot;:&quot;&quot;}\"><\/span>\n\t\t\t\t<a href=\"https:\/\/www.mycover-protection.com\/es\/produkt\/mycover-funda-para-moto-exterior-premium\/\" class=\"wc-block-grid__product-link\">\n\t\t\t\t\t\n\t\t\t\t\t<div class=\"wc-block-grid__product-image\"><img decoding=\"async\" width=\"300\" height=\"300\" src=\"https:\/\/www.mycover-protection.com\/wp-content\/uploads\/2025\/11\/funda-moto-exterior-M-300x300.jpg\" class=\"attachment-woocommerce_thumbnail size-woocommerce_thumbnail\" alt=\"Funda para moto Outdoor M+\" srcset=\"https:\/\/www.mycover-protection.com\/wp-content\/uploads\/2025\/11\/funda-moto-exterior-M-300x300.jpg 300w, https:\/\/www.mycover-protection.com\/wp-content\/uploads\/2025\/11\/funda-moto-exterior-M-1024x1024.jpg 1024w, https:\/\/www.mycover-protection.com\/wp-content\/uploads\/2025\/11\/funda-moto-exterior-M-150x150.jpg 150w, https:\/\/www.mycover-protection.com\/wp-content\/uploads\/2025\/11\/funda-moto-exterior-M-768x768.jpg 768w, https:\/\/www.mycover-protection.com\/wp-content\/uploads\/2025\/11\/funda-moto-exterior-M-270x270.jpg 270w, https:\/\/www.mycover-protection.com\/wp-content\/uploads\/2025\/11\/funda-moto-exterior-M-800x800.jpg 800w, https:\/\/www.mycover-protection.com\/wp-content\/uploads\/2025\/11\/funda-moto-exterior-M-200x200.jpg 200w, https:\/\/www.mycover-protection.com\/wp-content\/uploads\/2025\/11\/funda-moto-exterior-M.jpg 1500w\" sizes=\"(max-width: 300px) 100vw, 300px\" \/><\/div>\n\t\t\t\t\t<div class=\"wc-block-grid__product-title\">Funda para moto Premium MYCOVER\u00ae para exterior<\/div>\n\t\t\t\t<\/a>\n\t\t\t\t<div class=\"wfa-wc-product-star-rating wfa-wc-block-grid__product-stars\" style=\"--fill:0.986;\" role=\"img\" aria-label=\"Valorado con 4.93 de 5\"><\/div><div class=\"wc-block-grid__product-price price\"><span class=\"wfa-variable-parent-price-range wfa-variable-parent-price-range--regular\"><del><span class=\"woocommerce-Price-amount amount\" aria-hidden=\"true\">159,00<span class=\"woocommerce-Price-currencySymbol\">&euro;<\/span><\/span> <span aria-hidden=\"true\">&#8211;<\/span> <span class=\"woocommerce-Price-amount amount\" aria-hidden=\"true\">279,00<span class=\"woocommerce-Price-currencySymbol\">&euro;<\/span><\/span><span class=\"screen-reader-text\">Rango de precios: desde 159,00&euro; hasta 279,00&euro;<\/span><\/del><\/span><span class=\"wfa-variable-parent-price-range wfa-variable-parent-price-range--sale\"><ins><span class=\"woocommerce-Price-amount amount\" aria-hidden=\"true\">144,00<span class=\"woocommerce-Price-currencySymbol\">&euro;<\/span><\/span> <span aria-hidden=\"true\">&#8211;<\/span> <span class=\"woocommerce-Price-amount amount\" aria-hidden=\"true\">264,00<span class=\"woocommerce-Price-currencySymbol\">&euro;<\/span><\/span><span class=\"screen-reader-text\">Rango de precios: desde 144,00&euro; hasta 264,00&euro;<\/span><\/ins><\/span><\/div><div class=\"wfa-wc-block-grid__product-badge-list\" aria-label=\"Caracter\u00edsticas especiales\"><p class=\"wfa-wc-block-grid__product-badge\">\ud83c\udfc6 Bestseller<\/p><p class=\"wfa-wc-block-grid__product-badge\">\ud83d\udd25 \u00a1Ahorra 15&euro; ahora!<\/p><p class=\"wfa-wc-block-grid__product-badge\">\u2728 16 Tama\u00f1os<\/p><\/div>\n\t\t\t\t\n\t\t\t\t\n\t\t\t<\/li><li class=\"wc-block-grid__product\"><span class=\"gtm4wp_productdata\" style=\"display:none; visibility:hidden;\" data-gtm4wp_product_data=\"{&quot;internal_id&quot;:45240,&quot;item_id&quot;:&quot;OC-C-&quot;,&quot;item_name&quot;:&quot;MYCOVER\\u00ae Funda Premium para Chopper de exterior&quot;,&quot;sku&quot;:&quot;OC-C-&quot;,&quot;price&quot;:174,&quot;stocklevel&quot;:0,&quot;stockstatus&quot;:&quot;onbackorder&quot;,&quot;google_business_vertical&quot;:&quot;retail&quot;,&quot;item_category&quot;:&quot;Cubiertas para moto&quot;,&quot;id&quot;:&quot;OC-C-&quot;,&quot;productlink&quot;:&quot;https:\\\/\\\/www.mycover-protection.com\\\/es\\\/produkt\\\/mycover-funda-exterior-premium-para-chopper\\\/&quot;,&quot;item_list_name&quot;:&quot;Lista general de productos&quot;,&quot;index&quot;:0,&quot;product_type&quot;:&quot;variable&quot;,&quot;item_brand&quot;:&quot;&quot;}\"><\/span>\n\t\t\t\t<a href=\"https:\/\/www.mycover-protection.com\/es\/produkt\/mycover-funda-exterior-premium-para-chopper\/\" class=\"wc-block-grid__product-link\">\n\t\t\t\t\t\n\t\t\t\t\t<div class=\"wc-block-grid__product-image\"><img decoding=\"async\" width=\"300\" height=\"300\" src=\"https:\/\/www.mycover-protection.com\/wp-content\/uploads\/2025\/04\/funda-chopper-exterior_C-L-2-300x300.jpg\" class=\"attachment-woocommerce_thumbnail size-woocommerce_thumbnail\" alt=\"Funda Chopper Exterior C-L++\" srcset=\"https:\/\/www.mycover-protection.com\/wp-content\/uploads\/2025\/04\/funda-chopper-exterior_C-L-2-300x300.jpg 300w, https:\/\/www.mycover-protection.com\/wp-content\/uploads\/2025\/04\/funda-chopper-exterior_C-L-2-1024x1024.jpg 1024w, https:\/\/www.mycover-protection.com\/wp-content\/uploads\/2025\/04\/funda-chopper-exterior_C-L-2-150x150.jpg 150w, https:\/\/www.mycover-protection.com\/wp-content\/uploads\/2025\/04\/funda-chopper-exterior_C-L-2-768x768.jpg 768w, https:\/\/www.mycover-protection.com\/wp-content\/uploads\/2025\/04\/funda-chopper-exterior_C-L-2-270x270.jpg 270w, https:\/\/www.mycover-protection.com\/wp-content\/uploads\/2025\/04\/funda-chopper-exterior_C-L-2-800x800.jpg 800w, https:\/\/www.mycover-protection.com\/wp-content\/uploads\/2025\/04\/funda-chopper-exterior_C-L-2-200x200.jpg 200w, https:\/\/www.mycover-protection.com\/wp-content\/uploads\/2025\/04\/funda-chopper-exterior_C-L-2.jpg 1500w\" sizes=\"(max-width: 300px) 100vw, 300px\" \/><\/div>\n\t\t\t\t\t<div class=\"wc-block-grid__product-title\">MYCOVER\u00ae Funda Premium para Chopper de exterior<\/div>\n\t\t\t\t<\/a>\n\t\t\t\t<div class=\"wfa-wc-product-star-rating wfa-wc-block-grid__product-stars\" style=\"--fill:0.962;\" role=\"img\" aria-label=\"Valorado con 4.81 de 5\"><\/div><div class=\"wc-block-grid__product-price price\"><span class=\"wfa-variable-parent-price-range wfa-variable-parent-price-range--regular\"><del><span class=\"woocommerce-Price-amount amount\" aria-hidden=\"true\">189,00<span class=\"woocommerce-Price-currencySymbol\">&euro;<\/span><\/span> <span aria-hidden=\"true\">&#8211;<\/span> <span class=\"woocommerce-Price-amount amount\" aria-hidden=\"true\">249,00<span class=\"woocommerce-Price-currencySymbol\">&euro;<\/span><\/span><span class=\"screen-reader-text\">Rango de precios: desde 189,00&euro; hasta 249,00&euro;<\/span><\/del><\/span><span class=\"wfa-variable-parent-price-range wfa-variable-parent-price-range--sale\"><ins><span class=\"woocommerce-Price-amount amount\" aria-hidden=\"true\">174,00<span class=\"woocommerce-Price-currencySymbol\">&euro;<\/span><\/span> <span aria-hidden=\"true\">&#8211;<\/span> <span class=\"woocommerce-Price-amount amount\" aria-hidden=\"true\">234,00<span class=\"woocommerce-Price-currencySymbol\">&euro;<\/span><\/span><span class=\"screen-reader-text\">Rango de precios: desde 174,00&euro; hasta 234,00&euro;<\/span><\/ins><\/span><\/div><div class=\"wfa-wc-block-grid__product-badge-list\" aria-label=\"Caracter\u00edsticas especiales\"><p class=\"wfa-wc-block-grid__product-badge\">\ud83c\udfc6 Bestseller<\/p><p class=\"wfa-wc-block-grid__product-badge\">\ud83d\udd25 \u00a1Ahorra 15&euro; ahora!<\/p><p class=\"wfa-wc-block-grid__product-badge\">\u2728 8 Tama\u00f1os<\/p><\/div>\n\t\t\t\t\n\t\t\t\t\n\t\t\t<\/li><li class=\"wc-block-grid__product\"><span class=\"gtm4wp_productdata\" style=\"display:none; visibility:hidden;\" data-gtm4wp_product_data=\"{&quot;internal_id&quot;:45078,&quot;item_id&quot;:&quot;IC-&quot;,&quot;item_name&quot;:&quot;MYCOVER\\u00ae Funda para moto de interior Premium&quot;,&quot;sku&quot;:&quot;IC-&quot;,&quot;price&quot;:109,&quot;stocklevel&quot;:0,&quot;stockstatus&quot;:&quot;outofstock&quot;,&quot;google_business_vertical&quot;:&quot;retail&quot;,&quot;item_category&quot;:&quot;Cubiertas para moto&quot;,&quot;id&quot;:&quot;IC-&quot;,&quot;productlink&quot;:&quot;https:\\\/\\\/www.mycover-protection.com\\\/es\\\/produkt\\\/mycover-funda-para-moto-de-interior-premium\\\/&quot;,&quot;item_list_name&quot;:&quot;Lista general de productos&quot;,&quot;index&quot;:0,&quot;product_type&quot;:&quot;variable&quot;,&quot;item_brand&quot;:&quot;&quot;}\"><\/span>\n\t\t\t\t<a href=\"https:\/\/www.mycover-protection.com\/es\/produkt\/mycover-funda-para-moto-de-interior-premium\/\" class=\"wc-block-grid__product-link\">\n\t\t\t\t\t\n\t\t\t\t\t<div class=\"wc-block-grid__product-image\"><img decoding=\"async\" width=\"300\" height=\"300\" src=\"https:\/\/www.mycover-protection.com\/wp-content\/uploads\/2022\/07\/Motorrrad-Abdeckplane-Indoor-Stoff-300x300.png\" class=\"attachment-woocommerce_thumbnail size-woocommerce_thumbnail\" alt=\"Funda para moto Interior blando\" srcset=\"https:\/\/www.mycover-protection.com\/wp-content\/uploads\/2022\/07\/Motorrrad-Abdeckplane-Indoor-Stoff-300x300.png 300w, https:\/\/www.mycover-protection.com\/wp-content\/uploads\/2022\/07\/Motorrrad-Abdeckplane-Indoor-Stoff-150x150.png 150w, https:\/\/www.mycover-protection.com\/wp-content\/uploads\/2022\/07\/Motorrrad-Abdeckplane-Indoor-Stoff-768x768.png 768w, https:\/\/www.mycover-protection.com\/wp-content\/uploads\/2022\/07\/Motorrrad-Abdeckplane-Indoor-Stoff-270x270.png 270w, https:\/\/www.mycover-protection.com\/wp-content\/uploads\/2022\/07\/Motorrrad-Abdeckplane-Indoor-Stoff-200x200.png 200w, https:\/\/www.mycover-protection.com\/wp-content\/uploads\/2022\/07\/Motorrrad-Abdeckplane-Indoor-Stoff.png 800w\" sizes=\"(max-width: 300px) 100vw, 300px\" \/><\/div>\n\t\t\t\t\t<div class=\"wc-block-grid__product-title\">MYCOVER\u00ae Funda para moto de interior Premium<\/div>\n\t\t\t\t<\/a>\n\t\t\t\t<div class=\"wfa-wc-product-star-rating wfa-wc-block-grid__product-stars\" style=\"--fill:0.96;\" role=\"img\" aria-label=\"Valorado con 4.8 de 5\"><\/div><div class=\"wc-block-grid__product-price price\"><span class=\"woocommerce-Price-amount amount\" aria-hidden=\"true\">109,00<span class=\"woocommerce-Price-currencySymbol\">&euro;<\/span><\/span> <span aria-hidden=\"true\">&#8211;<\/span> <span class=\"woocommerce-Price-amount amount\" aria-hidden=\"true\">129,00<span class=\"woocommerce-Price-currencySymbol\">&euro;<\/span><\/span><span class=\"screen-reader-text\">Rango de precios: desde 109,00&euro; hasta 129,00&euro;<\/span><\/div><div class=\"wfa-wc-block-grid__product-badge-list\" aria-label=\"Caracter\u00edsticas especiales\"><p class=\"wfa-wc-block-grid__product-badge\">\ud83c\udfc6 Bestseller<\/p><p class=\"wfa-wc-block-grid__product-badge\">\u2728 4 Tama\u00f1os<\/p><\/div>\n\t\t\t\t\n\t\t\t\t\n\t\t\t<\/li><\/ul><\/div>\n<div class=\"wp-block-group wf-shop-item-lock-faq-section\"><div class=\"wp-block-group__inner-container is-layout-flow wp-block-group-is-layout-flow\">\n<div style=\"height:100px\" aria-hidden=\"true\" class=\"wp-block-spacer wf-spacer-section\"><\/div>\n\n\n\n<h2 class=\"wp-block-heading has-text-align-left is-style-not-underlined\" id=\"FAQ---H&#xE4;ufige-Fragen-zur-Materialpflege\">FAQ &#8211; Preguntas frecuentes sobre el cuidado de los materiales<\/h2>\n<\/div><\/div>\n\n<details class=\"wp-block-webfluence-blocks-details-summary\">\n<summary class=\"wp-block-webfluence-blocks-details-summary-title\">\n<h4 class=\"wp-block-heading\">\u00bfCu\u00e1l es la mejor forma de limpiar el cromado de una moto?<\/h4>\n<\/summary>\n\n\n\n<div class=\"wp-block-webfluence-blocks-details-summary-body\">\n<p>Utiliza un limpiador especial para cromo, un pa\u00f1o suave y pule las piezas despu\u00e9s de limpiarlas. Tambi\u00e9n se pueden utilizar remedios caseros como el vinagre o el bicarbonato, pero deben aplicarse con cuidado. <\/p>\n<\/div>\n<\/details>\n\n<details class=\"wp-block-webfluence-blocks-details-summary\">\n<summary class=\"wp-block-webfluence-blocks-details-summary-title\">\n<h4 class=\"wp-block-heading\">\u00bfC\u00f3mo se quitan los ara\u00f1azos del cromo?<\/h4>\n<\/summary>\n\n\n\n<div class=\"wp-block-webfluence-blocks-details-summary-body\">\n<p>Los ara\u00f1azos finos pueden eliminarse con un pulimento. Los ara\u00f1azos profundos requieren una pasta abrasiva especial o ayuda profesional. <\/p>\n<\/div>\n<\/details>\n\n<details class=\"wp-block-webfluence-blocks-details-summary\">\n<summary class=\"wp-block-webfluence-blocks-details-summary-title\">\n<h4 class=\"wp-block-heading\">\u00bfQu\u00e9 productos son adecuados para el cuidado del cromo?<\/h4>\n<\/summary>\n\n\n\n<div class=\"wp-block-webfluence-blocks-details-summary-body\">\n<p>Recomendamos limpiadores de cromados, pastas abrillantadoras y sprays protectores especialmente desarrollados para motos.<\/p>\n<\/div>\n<\/details>\n\n<details class=\"wp-block-webfluence-blocks-details-summary\">\n<summary class=\"wp-block-webfluence-blocks-details-summary-title\">\n<h4 class=\"wp-block-heading\">\u00bfQu\u00e9 consejos hay para el cuidado de las piezas de aluminio de las motos?<\/h4>\n<\/summary>\n\n\n\n<div class=\"wp-block-webfluence-blocks-details-summary-body\">\n<p>Las piezas de aluminio deben limpiarse y pulirse regularmente para evitar la oxidaci\u00f3n. Utiliza para ello pulimentos especiales para aluminio y un pa\u00f1o suave. Tras el pulido, es aconsejable aplicar un sellador para proteger la superficie de las influencias ambientales.  <\/p>\n<\/div>\n<\/details>\n\n<details class=\"wp-block-webfluence-blocks-details-summary\">\n<summary class=\"wp-block-webfluence-blocks-details-summary-title\">\n<h4 class=\"wp-block-heading\">\u00bfC\u00f3mo limpio y mantengo las piezas de carbono de mi moto?<\/h4>\n<\/summary>\n\n\n\n<div class=\"wp-block-webfluence-blocks-details-summary-body\">\n<p>Las piezas de carbono deben limpiarse con un pa\u00f1o suave y un detergente suave. Evita los materiales abrasivos que puedan da\u00f1ar la superficie. Para una protecci\u00f3n adicional, puedes utilizar productos especiales para el cuidado del carbono que forman una capa protectora.  <a href=\"https:\/\/washbro.de\/motorrad-carbonteile-pflege\/?utm_source=chatgpt.com\" target=\"_blank\" rel=\"noreferrer noopener\"><\/a><\/p>\n<\/div>\n<\/details>\n\n<details class=\"wp-block-webfluence-blocks-details-summary\">\n<summary class=\"wp-block-webfluence-blocks-details-summary-title\">\n<h4 class=\"wp-block-heading\">\u00bfQu\u00e9 debo tener en cuenta al cuidar los componentes de acero inoxidable?<\/h4>\n<\/summary>\n\n\n\n<div class=\"wp-block-webfluence-blocks-details-summary-body\">\n<p>Las piezas de acero inoxidable pueden tratarse con pulimentos especiales para acero inoxidable para darles brillo y evitar la corrosi\u00f3n. Aseg\u00farate de limpiar bien la superficie antes y aplicar el pulimento uniformemente; un cuidado regular mantiene el aspecto y la longevidad de las piezas. <a href=\"https:\/\/www.versiegelung24.com\/ratgeber\/magazin\/motorrad-reinigen-und-versiegeln\/?utm_source=chatgpt.com\" target=\"_blank\" rel=\"noreferrer noopener\"><\/a><\/p>\n<\/div>\n<\/details>\n\n<details class=\"wp-block-webfluence-blocks-details-summary\">\n<summary class=\"wp-block-webfluence-blocks-details-summary-title\">\n<h4 class=\"wp-block-heading\">\u00bfC\u00f3mo cuido los componentes de cuero de mi moto?<\/h4>\n<\/summary>\n\n\n\n<div class=\"wp-block-webfluence-blocks-details-summary-body\">\n<p>Las piezas de cuero deben limpiarse regularmente con un pa\u00f1o h\u00famedo y luego tratarse con productos especiales para el cuidado del cuero. Estos productos mantienen el cuero flexible y lo protegen de la desecaci\u00f3n y el agrietamiento. Si es necesario, tambi\u00e9n se puede aplicar una impregnaci\u00f3n para que el cuero sea hidr\u00f3fugo.  <\/p>\n<\/div>\n<\/details>\n\n<details class=\"wp-block-webfluence-blocks-details-summary\">\n<summary class=\"wp-block-webfluence-blocks-details-summary-title\">\n<h4 class=\"wp-block-heading\">\u00bfQu\u00e9 productos son adecuados para el mantenimiento de las piezas de pl\u00e1stico de la moto?<\/h4>\n<\/summary>\n\n\n\n<div class=\"wp-block-webfluence-blocks-details-summary-body\">\n<p>Existen pulimentos y productos de cuidado especiales para piezas de pl\u00e1stico que limpian la superficie y la protegen al mismo tiempo de la radiaci\u00f3n UV. Estos productos ayudan a evitar que el pl\u00e1stico se decolore y se vuelva quebradizo y a mantener su aspecto original. <a href=\"https:\/\/www.mycover-protection.com\/es\/magazin\/lavar-la-moto-como-mantenerla-en-perfecto-estado\/?utm_source=chatgpt.com\" target=\"_blank\" rel=\"noreferrer noopener\"><\/a><\/p>\n<\/div>\n<\/details>\n\n<details class=\"wp-block-webfluence-blocks-details-summary\">\n<summary class=\"wp-block-webfluence-blocks-details-summary-title\">\n<h4 class=\"wp-block-heading\">\u00bfCon qu\u00e9 frecuencia debo realizar el mantenimiento de los distintos materiales de mi moto?<\/h4>\n<\/summary>\n\n\n\n<div class=\"wp-block-webfluence-blocks-details-summary-body\">\n<p>Los intervalos de mantenimiento dependen del uso y de las influencias ambientales. En general, es aconsejable limpiar regularmente todas las partes visibles y realizar un mantenimiento a fondo al menos una vez por temporada. La limpieza inmediata es especialmente importante despu\u00e9s de viajar con mal tiempo o por carreteras cubiertas de sal.  <a href=\"https:\/\/magazin.polo-motorrad.com\/news-stories\/lederkombi-richtig-reinigen-pflegetipps\/?utm_source=chatgpt.com\" target=\"_blank\" rel=\"noreferrer noopener\"><\/a><\/p>\n<\/div>\n<\/details>\n\n<hr class=\"wp-block-separator has-alpha-channel-opacity\"\/>\n\n<div class=\"wp-block-group wfa-reusable-group-all-mycover-products has-black-color has-text-color has-link-color wp-elements-c1312bad93eb8a2600e1f9cc1456014e\"><div class=\"wp-block-group__inner-container is-layout-constrained wp-block-group-is-layout-constrained\">\n<p class=\"has-text-align-center wfa-reusable-group-all-mycover-products__title has-large-font-size\"><strong>Todos MYCOVER\u00ae-Productos<\/strong><\/p>\n\n\n\n<div class=\"wp-block-cb-carousel-v2 cb-carousel-block\" data-cb-slides-per-view=\"2\" data-cb-slides-per-group=\"1\" data-cb-space-between=\"0\" data-cb-speed=\"200\" data-cb-navigation=\"true\" data-cb-breakpoints=\"{&quot;768&quot;:{&quot;slidesPerView&quot;:4,&quot;slidesPerGroup&quot;:1}}\"><div class=\"swiper\"><div class=\"cb-wrapper swiper-wrapper\">\n<div class=\"wp-block-cb-slide-v2 cb-slide swiper-slide\">\n<div class=\"wp-block-group\"><div class=\"wp-block-group__inner-container is-layout-constrained wp-block-group-is-layout-constrained\">\n<figure class=\"wp-block-image size-large\"><img decoding=\"async\" width=\"1024\" height=\"1024\" src=\"https:\/\/www.mycover-protection.com\/wp-content\/uploads\/2022\/11\/Motorrad_abdeckplane_outdoor-1024x1024.jpg\" alt=\"Funda para moto exterior\" class=\"wp-image-22125\" srcset=\"https:\/\/www.mycover-protection.com\/wp-content\/uploads\/2022\/11\/Motorrad_abdeckplane_outdoor-1024x1024.jpg 1024w, https:\/\/www.mycover-protection.com\/wp-content\/uploads\/2022\/11\/Motorrad_abdeckplane_outdoor-300x300.jpg 300w, https:\/\/www.mycover-protection.com\/wp-content\/uploads\/2022\/11\/Motorrad_abdeckplane_outdoor-150x150.jpg 150w, https:\/\/www.mycover-protection.com\/wp-content\/uploads\/2022\/11\/Motorrad_abdeckplane_outdoor-768x768.jpg 768w, https:\/\/www.mycover-protection.com\/wp-content\/uploads\/2022\/11\/Motorrad_abdeckplane_outdoor-270x270.jpg 270w, https:\/\/www.mycover-protection.com\/wp-content\/uploads\/2022\/11\/Motorrad_abdeckplane_outdoor-800x800.jpg 800w, https:\/\/www.mycover-protection.com\/wp-content\/uploads\/2022\/11\/Motorrad_abdeckplane_outdoor-200x200.jpg 200w, https:\/\/www.mycover-protection.com\/wp-content\/uploads\/2022\/11\/Motorrad_abdeckplane_outdoor.jpg 1200w\" sizes=\"(max-width: 1024px) 100vw, 1024px\" \/><\/figure>\n\n\n\n<p><a href=\"https:\/\/www.mycover-protection.com\/es\/produkt\/mycover-funda-para-moto-exterior-premium\/\"><strong>Funda para moto exterior<\/strong><\/a><\/p>\n<\/div><\/div>\n<\/div>\n\n\n\n<div class=\"wp-block-cb-slide-v2 cb-slide swiper-slide\">\n<div class=\"wp-block-group\"><div class=\"wp-block-group__inner-container is-layout-constrained wp-block-group-is-layout-constrained\">\n<figure class=\"wp-block-image size-full\"><img decoding=\"async\" width=\"800\" height=\"800\" src=\"https:\/\/www.mycover-protection.com\/wp-content\/uploads\/2023\/01\/Motorrad-abdeckplane-chopper.png\" alt=\"Funda exterior Chopper\" class=\"wp-image-21485\" srcset=\"https:\/\/www.mycover-protection.com\/wp-content\/uploads\/2023\/01\/Motorrad-abdeckplane-chopper.png 800w, https:\/\/www.mycover-protection.com\/wp-content\/uploads\/2023\/01\/Motorrad-abdeckplane-chopper-300x300.png 300w, https:\/\/www.mycover-protection.com\/wp-content\/uploads\/2023\/01\/Motorrad-abdeckplane-chopper-150x150.png 150w, https:\/\/www.mycover-protection.com\/wp-content\/uploads\/2023\/01\/Motorrad-abdeckplane-chopper-768x768.png 768w, https:\/\/www.mycover-protection.com\/wp-content\/uploads\/2023\/01\/Motorrad-abdeckplane-chopper-270x270.png 270w, https:\/\/www.mycover-protection.com\/wp-content\/uploads\/2023\/01\/Motorrad-abdeckplane-chopper-200x200.png 200w\" sizes=\"(max-width: 800px) 100vw, 800px\" \/><\/figure>\n\n\n\n<p><a href=\"https:\/\/www.mycover-protection.com\/es\/produkt\/mycover-funda-exterior-premium-para-chopper\/\"><strong>Funda exterior Chopper<\/strong><\/a><\/p>\n<\/div><\/div>\n<\/div>\n\n\n\n<div class=\"wp-block-cb-slide-v2 cb-slide swiper-slide\">\n<div class=\"wp-block-group\"><div class=\"wp-block-group__inner-container is-layout-constrained wp-block-group-is-layout-constrained\">\n<figure class=\"wp-block-image size-full\"><img decoding=\"async\" width=\"800\" height=\"800\" src=\"https:\/\/www.mycover-protection.com\/wp-content\/uploads\/2023\/01\/Motorrad-Abdeckplane-Topcase.png\" alt=\"Funda para Scooter con top case\" class=\"wp-image-21482\" srcset=\"https:\/\/www.mycover-protection.com\/wp-content\/uploads\/2023\/01\/Motorrad-Abdeckplane-Topcase.png 800w, https:\/\/www.mycover-protection.com\/wp-content\/uploads\/2023\/01\/Motorrad-Abdeckplane-Topcase-300x300.png 300w, https:\/\/www.mycover-protection.com\/wp-content\/uploads\/2023\/01\/Motorrad-Abdeckplane-Topcase-150x150.png 150w, https:\/\/www.mycover-protection.com\/wp-content\/uploads\/2023\/01\/Motorrad-Abdeckplane-Topcase-768x768.png 768w, https:\/\/www.mycover-protection.com\/wp-content\/uploads\/2023\/01\/Motorrad-Abdeckplane-Topcase-270x270.png 270w, https:\/\/www.mycover-protection.com\/wp-content\/uploads\/2023\/01\/Motorrad-Abdeckplane-Topcase-200x200.png 200w\" sizes=\"(max-width: 800px) 100vw, 800px\" \/><\/figure>\n\n\n\n<p><a href=\"https:\/\/www.mycover-protection.com\/es\/produkt\/mycover-funda-exterior-premium-para-scooter\/\"><strong>Funda Scooter exterior<\/strong><\/a><\/p>\n<\/div><\/div>\n<\/div>\n\n\n\n<div class=\"wp-block-cb-slide-v2 cb-slide swiper-slide\">\n<div class=\"wp-block-group\"><div class=\"wp-block-group__inner-container is-layout-constrained wp-block-group-is-layout-constrained\">\n<figure class=\"wp-block-image size-full\"><img decoding=\"async\" width=\"800\" height=\"800\" src=\"https:\/\/www.mycover-protection.com\/wp-content\/uploads\/2022\/07\/Motorrrad-Abdeckplane-Indoor-Stoff.png\" alt=\"Funda para moto Interior blando\" class=\"wp-image-20162\" srcset=\"https:\/\/www.mycover-protection.com\/wp-content\/uploads\/2022\/07\/Motorrrad-Abdeckplane-Indoor-Stoff.png 800w, https:\/\/www.mycover-protection.com\/wp-content\/uploads\/2022\/07\/Motorrrad-Abdeckplane-Indoor-Stoff-300x300.png 300w, https:\/\/www.mycover-protection.com\/wp-content\/uploads\/2022\/07\/Motorrrad-Abdeckplane-Indoor-Stoff-150x150.png 150w, https:\/\/www.mycover-protection.com\/wp-content\/uploads\/2022\/07\/Motorrrad-Abdeckplane-Indoor-Stoff-768x768.png 768w, https:\/\/www.mycover-protection.com\/wp-content\/uploads\/2022\/07\/Motorrrad-Abdeckplane-Indoor-Stoff-270x270.png 270w, https:\/\/www.mycover-protection.com\/wp-content\/uploads\/2022\/07\/Motorrrad-Abdeckplane-Indoor-Stoff-200x200.png 200w\" sizes=\"(max-width: 800px) 100vw, 800px\" \/><\/figure>\n\n\n\n<p><a href=\"https:\/\/www.mycover-protection.com\/es\/produkt\/mycover-funda-para-moto-de-interior-premium\/\"><strong>Funda para moto de interior<\/strong><\/a><\/p>\n<\/div><\/div>\n<\/div>\n<\/div><\/div><div class=\"cb-button-prev swiper-button-prev\"><\/div><div class=\"cb-button-next swiper-button-next\"><\/div><\/div>\n\n\n\n<p class=\"has-text-align-center wfa-reusable-group-all-mycover-products__category-links has-small-font-size\"><a href=\"https:\/\/www.mycover-protection.com\/es\/produkt-kategorie\/cubiertas-para-moto\/\">Cubiertas para moto<\/a> &#8211; <a href=\"https:\/\/www.mycover-protection.com\/es\/produkt-kategorie\/cubiertas-para-scooter\/\">Cubiertas para scooter<\/a><\/p>\n<\/div><\/div>\n","protected":false},"excerpt":{"rendered":"<p>Tu moto merece cuidados, y los necesita. Ya se trate de pulir cromados, discos ciegos de pl\u00e1stico, paneles de carbono o un silenciador de acero inoxidable: con los productos adecuados, puedes hacer que cualquier material vuelva a brillar. Aqu\u00ed encontrar\u00e1s consejos compactos sobre la limpieza, el cuidado y la preparaci\u00f3n de todas las superficies relevantes, [&#8230;]<\/p>\n","protected":false},"author":1018,"featured_media":53807,"comment_status":"closed","ping_status":"open","sticky":false,"template":"templates\/long-form-small.php","format":"standard","meta":{"footnotes":""},"categories":[585],"tags":[],"class_list":["post-44229","post","type-post","status-publish","format-standard","has-post-thumbnail","hentry","category-sin-categorizar"],"yoast_head":"<!-- This site is optimized with the Yoast SEO plugin v27.4 - https:\/\/yoast.com\/product\/yoast-seo-wordpress\/ -->\n<title>Cuidado del material de la moto - Consejos para PERFECCIONAR<\/title>\n<meta name=\"description\" content=\"Cuidado individual del material para cromo, aluminio, carbono y otros - \u00a1Consigue ahora los CONSEJOS SECRETOS y deja que tu moto brille!\" \/>\n<meta name=\"robots\" content=\"index, follow, max-snippet:-1, max-image-preview:large, max-video-preview:-1\" \/>\n<link rel=\"canonical\" href=\"https:\/\/www.mycover-protection.com\/es\/magazin\/cuidado-del-material-de-la-moto-del-pulido-de-cromados-al-pulido-de-plasticos\/\" \/>\n<meta property=\"og:locale\" content=\"es_ES\" \/>\n<meta property=\"og:type\" content=\"article\" \/>\n<meta property=\"og:title\" content=\"Cuidado del material de la moto - Consejos para PERFECCIONAR\" \/>\n<meta property=\"og:description\" content=\"Cuidado individual del material para cromo, aluminio, carbono y otros - \u00a1Consigue ahora los CONSEJOS SECRETOS y deja que tu moto brille!\" \/>\n<meta property=\"og:url\" content=\"https:\/\/www.mycover-protection.com\/es\/magazin\/cuidado-del-material-de-la-moto-del-pulido-de-cromados-al-pulido-de-plasticos\/\" \/>\n<meta property=\"og:site_name\" content=\"MYCOVER\u00ae Online Shop\" \/>\n<meta property=\"article:publisher\" content=\"https:\/\/www.facebook.com\/Mycover-114242613377158\/\" \/>\n<meta property=\"article:published_time\" content=\"2025-04-02T12:33:34+00:00\" \/>\n<meta property=\"article:modified_time\" content=\"2025-08-21T08:58:48+00:00\" \/>\n<meta property=\"og:image\" content=\"https:\/\/www.mycover-protection.com\/wp-content\/uploads\/2025\/01\/Materialpflege_Chrom_polieren_Kunststoff-Politur-1024x683.png\" \/>\n\t<meta property=\"og:image:width\" content=\"1024\" \/>\n\t<meta property=\"og:image:height\" content=\"683\" \/>\n\t<meta property=\"og:image:type\" content=\"image\/png\" \/>\n<meta name=\"author\" content=\"Nina Marten\" \/>\n<meta name=\"twitter:card\" content=\"summary_large_image\" \/>\n<meta name=\"twitter:label1\" content=\"Escrito por\" \/>\n\t<meta name=\"twitter:data1\" content=\"Nina Marten\" \/>\n\t<meta name=\"twitter:label2\" content=\"Tiempo de lectura\" \/>\n\t<meta name=\"twitter:data2\" content=\"10 minutos\" \/>\n<script type=\"application\/ld+json\" class=\"yoast-schema-graph\">{\"@context\":\"https:\\\/\\\/schema.org\",\"@graph\":[{\"@type\":\"Article\",\"@id\":\"https:\\\/\\\/www.mycover-protection.com\\\/es\\\/magazin\\\/cuidado-del-material-de-la-moto-del-pulido-de-cromados-al-pulido-de-plasticos\\\/#article\",\"isPartOf\":{\"@id\":\"https:\\\/\\\/www.mycover-protection.com\\\/es\\\/magazin\\\/cuidado-del-material-de-la-moto-del-pulido-de-cromados-al-pulido-de-plasticos\\\/\"},\"author\":{\"name\":\"Nina Marten\",\"@id\":\"https:\\\/\\\/www.mycover-protection.com\\\/es\\\/#\\\/schema\\\/person\\\/7206415fa2df9f65e36dff37f9d5c65b\"},\"headline\":\"Cuidado del material de la moto: consejos para el cromo, el pl\u00e1stico y el carbono\",\"datePublished\":\"2025-04-02T12:33:34+00:00\",\"dateModified\":\"2025-08-21T08:58:48+00:00\",\"mainEntityOfPage\":{\"@id\":\"https:\\\/\\\/www.mycover-protection.com\\\/es\\\/magazin\\\/cuidado-del-material-de-la-moto-del-pulido-de-cromados-al-pulido-de-plasticos\\\/\"},\"wordCount\":2112,\"publisher\":{\"@id\":\"https:\\\/\\\/www.mycover-protection.com\\\/es\\\/#organization\"},\"image\":{\"@id\":\"https:\\\/\\\/www.mycover-protection.com\\\/es\\\/magazin\\\/cuidado-del-material-de-la-moto-del-pulido-de-cromados-al-pulido-de-plasticos\\\/#primaryimage\"},\"thumbnailUrl\":\"https:\\\/\\\/www.mycover-protection.com\\\/wp-content\\\/uploads\\\/2025\\\/01\\\/Materialpflege_Chrom_polieren_Kunststoff-Politur.png\",\"articleSection\":[\"Sin categorizar\"],\"inLanguage\":\"es\"},{\"@type\":\"WebPage\",\"@id\":\"https:\\\/\\\/www.mycover-protection.com\\\/es\\\/magazin\\\/cuidado-del-material-de-la-moto-del-pulido-de-cromados-al-pulido-de-plasticos\\\/\",\"url\":\"https:\\\/\\\/www.mycover-protection.com\\\/es\\\/magazin\\\/cuidado-del-material-de-la-moto-del-pulido-de-cromados-al-pulido-de-plasticos\\\/\",\"name\":\"Cuidado del material de la moto - Consejos para PERFECCIONAR\",\"isPartOf\":{\"@id\":\"https:\\\/\\\/www.mycover-protection.com\\\/es\\\/#website\"},\"primaryImageOfPage\":{\"@id\":\"https:\\\/\\\/www.mycover-protection.com\\\/es\\\/magazin\\\/cuidado-del-material-de-la-moto-del-pulido-de-cromados-al-pulido-de-plasticos\\\/#primaryimage\"},\"image\":{\"@id\":\"https:\\\/\\\/www.mycover-protection.com\\\/es\\\/magazin\\\/cuidado-del-material-de-la-moto-del-pulido-de-cromados-al-pulido-de-plasticos\\\/#primaryimage\"},\"thumbnailUrl\":\"https:\\\/\\\/www.mycover-protection.com\\\/wp-content\\\/uploads\\\/2025\\\/01\\\/Materialpflege_Chrom_polieren_Kunststoff-Politur.png\",\"datePublished\":\"2025-04-02T12:33:34+00:00\",\"dateModified\":\"2025-08-21T08:58:48+00:00\",\"description\":\"Cuidado individual del material para cromo, aluminio, carbono y otros - \u00a1Consigue ahora los CONSEJOS SECRETOS y deja que tu moto brille!\",\"breadcrumb\":{\"@id\":\"https:\\\/\\\/www.mycover-protection.com\\\/es\\\/magazin\\\/cuidado-del-material-de-la-moto-del-pulido-de-cromados-al-pulido-de-plasticos\\\/#breadcrumb\"},\"inLanguage\":\"es\",\"potentialAction\":[{\"@type\":\"ReadAction\",\"target\":[\"https:\\\/\\\/www.mycover-protection.com\\\/es\\\/magazin\\\/cuidado-del-material-de-la-moto-del-pulido-de-cromados-al-pulido-de-plasticos\\\/\"]}]},{\"@type\":\"ImageObject\",\"inLanguage\":\"es\",\"@id\":\"https:\\\/\\\/www.mycover-protection.com\\\/es\\\/magazin\\\/cuidado-del-material-de-la-moto-del-pulido-de-cromados-al-pulido-de-plasticos\\\/#primaryimage\",\"url\":\"https:\\\/\\\/www.mycover-protection.com\\\/wp-content\\\/uploads\\\/2025\\\/01\\\/Materialpflege_Chrom_polieren_Kunststoff-Politur.png\",\"contentUrl\":\"https:\\\/\\\/www.mycover-protection.com\\\/wp-content\\\/uploads\\\/2025\\\/01\\\/Materialpflege_Chrom_polieren_Kunststoff-Politur.png\",\"width\":1536,\"height\":1024,\"caption\":\"Dieses Bild wurde mit AI generiert\"},{\"@type\":\"BreadcrumbList\",\"@id\":\"https:\\\/\\\/www.mycover-protection.com\\\/es\\\/magazin\\\/cuidado-del-material-de-la-moto-del-pulido-de-cromados-al-pulido-de-plasticos\\\/#breadcrumb\",\"itemListElement\":[{\"@type\":\"ListItem\",\"position\":1,\"name\":\"Startseite\",\"item\":\"https:\\\/\\\/www.mycover-protection.com\\\/es\\\/\"},{\"@type\":\"ListItem\",\"position\":2,\"name\":\"Cuidado del material de la moto: consejos para el cromo, el pl\u00e1stico y el carbono\"}]},{\"@type\":\"WebSite\",\"@id\":\"https:\\\/\\\/www.mycover-protection.com\\\/es\\\/#website\",\"url\":\"https:\\\/\\\/www.mycover-protection.com\\\/es\\\/\",\"name\":\"MYCOVER\u00ae Online Shop\",\"description\":\"Protection at its finest\",\"publisher\":{\"@id\":\"https:\\\/\\\/www.mycover-protection.com\\\/es\\\/#organization\"},\"potentialAction\":[{\"@type\":\"SearchAction\",\"target\":{\"@type\":\"EntryPoint\",\"urlTemplate\":\"https:\\\/\\\/www.mycover-protection.com\\\/es\\\/?s={search_term_string}\"},\"query-input\":{\"@type\":\"PropertyValueSpecification\",\"valueRequired\":true,\"valueName\":\"search_term_string\"}}],\"inLanguage\":\"es\"},{\"@type\":\"Organization\",\"@id\":\"https:\\\/\\\/www.mycover-protection.com\\\/es\\\/#organization\",\"name\":\"MYCOVER\u00ae - PROTECTION AT ITS FINEST\",\"url\":\"https:\\\/\\\/www.mycover-protection.com\\\/es\\\/\",\"logo\":{\"@type\":\"ImageObject\",\"inLanguage\":\"es\",\"@id\":\"https:\\\/\\\/www.mycover-protection.com\\\/es\\\/#\\\/schema\\\/logo\\\/image\\\/\",\"url\":\"https:\\\/\\\/www.mycover-protection.com\\\/wp-content\\\/uploads\\\/2020\\\/01\\\/PAYPAL_190x60_mycover-white.jpg\",\"contentUrl\":\"https:\\\/\\\/www.mycover-protection.com\\\/wp-content\\\/uploads\\\/2020\\\/01\\\/PAYPAL_190x60_mycover-white.jpg\",\"width\":190,\"height\":60,\"caption\":\"MYCOVER\u00ae - PROTECTION AT ITS FINEST\"},\"image\":{\"@id\":\"https:\\\/\\\/www.mycover-protection.com\\\/es\\\/#\\\/schema\\\/logo\\\/image\\\/\"},\"sameAs\":[\"https:\\\/\\\/www.facebook.com\\\/Mycover-114242613377158\\\/\"]},{\"@type\":\"Person\",\"@id\":\"https:\\\/\\\/www.mycover-protection.com\\\/es\\\/#\\\/schema\\\/person\\\/7206415fa2df9f65e36dff37f9d5c65b\",\"name\":\"Nina Marten\"}]}<\/script>\n<!-- \/ Yoast SEO plugin. -->","yoast_head_json":{"title":"Cuidado del material de la moto - Consejos para PERFECCIONAR","description":"Cuidado individual del material para cromo, aluminio, carbono y otros - \u00a1Consigue ahora los CONSEJOS SECRETOS y deja que tu moto brille!","robots":{"index":"index","follow":"follow","max-snippet":"max-snippet:-1","max-image-preview":"max-image-preview:large","max-video-preview":"max-video-preview:-1"},"canonical":"https:\/\/www.mycover-protection.com\/es\/magazin\/cuidado-del-material-de-la-moto-del-pulido-de-cromados-al-pulido-de-plasticos\/","og_locale":"es_ES","og_type":"article","og_title":"Cuidado del material de la moto - Consejos para PERFECCIONAR","og_description":"Cuidado individual del material para cromo, aluminio, carbono y otros - \u00a1Consigue ahora los CONSEJOS SECRETOS y deja que tu moto brille!","og_url":"https:\/\/www.mycover-protection.com\/es\/magazin\/cuidado-del-material-de-la-moto-del-pulido-de-cromados-al-pulido-de-plasticos\/","og_site_name":"MYCOVER\u00ae Online Shop","article_publisher":"https:\/\/www.facebook.com\/Mycover-114242613377158\/","article_published_time":"2025-04-02T12:33:34+00:00","article_modified_time":"2025-08-21T08:58:48+00:00","og_image":[{"width":1024,"height":683,"url":"https:\/\/www.mycover-protection.com\/wp-content\/uploads\/2025\/01\/Materialpflege_Chrom_polieren_Kunststoff-Politur-1024x683.png","type":"image\/png"}],"author":"Nina Marten","twitter_card":"summary_large_image","twitter_misc":{"Escrito por":"Nina Marten","Tiempo de lectura":"10 minutos"},"schema":{"@context":"https:\/\/schema.org","@graph":[{"@type":"Article","@id":"https:\/\/www.mycover-protection.com\/es\/magazin\/cuidado-del-material-de-la-moto-del-pulido-de-cromados-al-pulido-de-plasticos\/#article","isPartOf":{"@id":"https:\/\/www.mycover-protection.com\/es\/magazin\/cuidado-del-material-de-la-moto-del-pulido-de-cromados-al-pulido-de-plasticos\/"},"author":{"name":"Nina Marten","@id":"https:\/\/www.mycover-protection.com\/es\/#\/schema\/person\/7206415fa2df9f65e36dff37f9d5c65b"},"headline":"Cuidado del material de la moto: consejos para el cromo, el pl\u00e1stico y el carbono","datePublished":"2025-04-02T12:33:34+00:00","dateModified":"2025-08-21T08:58:48+00:00","mainEntityOfPage":{"@id":"https:\/\/www.mycover-protection.com\/es\/magazin\/cuidado-del-material-de-la-moto-del-pulido-de-cromados-al-pulido-de-plasticos\/"},"wordCount":2112,"publisher":{"@id":"https:\/\/www.mycover-protection.com\/es\/#organization"},"image":{"@id":"https:\/\/www.mycover-protection.com\/es\/magazin\/cuidado-del-material-de-la-moto-del-pulido-de-cromados-al-pulido-de-plasticos\/#primaryimage"},"thumbnailUrl":"https:\/\/www.mycover-protection.com\/wp-content\/uploads\/2025\/01\/Materialpflege_Chrom_polieren_Kunststoff-Politur.png","articleSection":["Sin categorizar"],"inLanguage":"es"},{"@type":"WebPage","@id":"https:\/\/www.mycover-protection.com\/es\/magazin\/cuidado-del-material-de-la-moto-del-pulido-de-cromados-al-pulido-de-plasticos\/","url":"https:\/\/www.mycover-protection.com\/es\/magazin\/cuidado-del-material-de-la-moto-del-pulido-de-cromados-al-pulido-de-plasticos\/","name":"Cuidado del material de la moto - Consejos para PERFECCIONAR","isPartOf":{"@id":"https:\/\/www.mycover-protection.com\/es\/#website"},"primaryImageOfPage":{"@id":"https:\/\/www.mycover-protection.com\/es\/magazin\/cuidado-del-material-de-la-moto-del-pulido-de-cromados-al-pulido-de-plasticos\/#primaryimage"},"image":{"@id":"https:\/\/www.mycover-protection.com\/es\/magazin\/cuidado-del-material-de-la-moto-del-pulido-de-cromados-al-pulido-de-plasticos\/#primaryimage"},"thumbnailUrl":"https:\/\/www.mycover-protection.com\/wp-content\/uploads\/2025\/01\/Materialpflege_Chrom_polieren_Kunststoff-Politur.png","datePublished":"2025-04-02T12:33:34+00:00","dateModified":"2025-08-21T08:58:48+00:00","description":"Cuidado individual del material para cromo, aluminio, carbono y otros - \u00a1Consigue ahora los CONSEJOS SECRETOS y deja que tu moto brille!","breadcrumb":{"@id":"https:\/\/www.mycover-protection.com\/es\/magazin\/cuidado-del-material-de-la-moto-del-pulido-de-cromados-al-pulido-de-plasticos\/#breadcrumb"},"inLanguage":"es","potentialAction":[{"@type":"ReadAction","target":["https:\/\/www.mycover-protection.com\/es\/magazin\/cuidado-del-material-de-la-moto-del-pulido-de-cromados-al-pulido-de-plasticos\/"]}]},{"@type":"ImageObject","inLanguage":"es","@id":"https:\/\/www.mycover-protection.com\/es\/magazin\/cuidado-del-material-de-la-moto-del-pulido-de-cromados-al-pulido-de-plasticos\/#primaryimage","url":"https:\/\/www.mycover-protection.com\/wp-content\/uploads\/2025\/01\/Materialpflege_Chrom_polieren_Kunststoff-Politur.png","contentUrl":"https:\/\/www.mycover-protection.com\/wp-content\/uploads\/2025\/01\/Materialpflege_Chrom_polieren_Kunststoff-Politur.png","width":1536,"height":1024,"caption":"Dieses Bild wurde mit AI generiert"},{"@type":"BreadcrumbList","@id":"https:\/\/www.mycover-protection.com\/es\/magazin\/cuidado-del-material-de-la-moto-del-pulido-de-cromados-al-pulido-de-plasticos\/#breadcrumb","itemListElement":[{"@type":"ListItem","position":1,"name":"Startseite","item":"https:\/\/www.mycover-protection.com\/es\/"},{"@type":"ListItem","position":2,"name":"Cuidado del material de la moto: consejos para el cromo, el pl\u00e1stico y el carbono"}]},{"@type":"WebSite","@id":"https:\/\/www.mycover-protection.com\/es\/#website","url":"https:\/\/www.mycover-protection.com\/es\/","name":"MYCOVER\u00ae Online Shop","description":"Protection at its finest","publisher":{"@id":"https:\/\/www.mycover-protection.com\/es\/#organization"},"potentialAction":[{"@type":"SearchAction","target":{"@type":"EntryPoint","urlTemplate":"https:\/\/www.mycover-protection.com\/es\/?s={search_term_string}"},"query-input":{"@type":"PropertyValueSpecification","valueRequired":true,"valueName":"search_term_string"}}],"inLanguage":"es"},{"@type":"Organization","@id":"https:\/\/www.mycover-protection.com\/es\/#organization","name":"MYCOVER\u00ae - PROTECTION AT ITS FINEST","url":"https:\/\/www.mycover-protection.com\/es\/","logo":{"@type":"ImageObject","inLanguage":"es","@id":"https:\/\/www.mycover-protection.com\/es\/#\/schema\/logo\/image\/","url":"https:\/\/www.mycover-protection.com\/wp-content\/uploads\/2020\/01\/PAYPAL_190x60_mycover-white.jpg","contentUrl":"https:\/\/www.mycover-protection.com\/wp-content\/uploads\/2020\/01\/PAYPAL_190x60_mycover-white.jpg","width":190,"height":60,"caption":"MYCOVER\u00ae - PROTECTION AT ITS FINEST"},"image":{"@id":"https:\/\/www.mycover-protection.com\/es\/#\/schema\/logo\/image\/"},"sameAs":["https:\/\/www.facebook.com\/Mycover-114242613377158\/"]},{"@type":"Person","@id":"https:\/\/www.mycover-protection.com\/es\/#\/schema\/person\/7206415fa2df9f65e36dff37f9d5c65b","name":"Nina Marten"}]}},"_links":{"self":[{"href":"https:\/\/www.mycover-protection.com\/es\/wp-json\/wp\/v2\/posts\/44229","targetHints":{"allow":["GET"]}}],"collection":[{"href":"https:\/\/www.mycover-protection.com\/es\/wp-json\/wp\/v2\/posts"}],"about":[{"href":"https:\/\/www.mycover-protection.com\/es\/wp-json\/wp\/v2\/types\/post"}],"author":[{"embeddable":true,"href":"https:\/\/www.mycover-protection.com\/es\/wp-json\/wp\/v2\/users\/1018"}],"replies":[{"embeddable":true,"href":"https:\/\/www.mycover-protection.com\/es\/wp-json\/wp\/v2\/comments?post=44229"}],"version-history":[{"count":15,"href":"https:\/\/www.mycover-protection.com\/es\/wp-json\/wp\/v2\/posts\/44229\/revisions"}],"predecessor-version":[{"id":57586,"href":"https:\/\/www.mycover-protection.com\/es\/wp-json\/wp\/v2\/posts\/44229\/revisions\/57586"}],"wp:featuredmedia":[{"embeddable":true,"href":"https:\/\/www.mycover-protection.com\/es\/wp-json\/wp\/v2\/media\/53807"}],"wp:attachment":[{"href":"https:\/\/www.mycover-protection.com\/es\/wp-json\/wp\/v2\/media?parent=44229"}],"wp:term":[{"taxonomy":"category","embeddable":true,"href":"https:\/\/www.mycover-protection.com\/es\/wp-json\/wp\/v2\/categories?post=44229"},{"taxonomy":"post_tag","embeddable":true,"href":"https:\/\/www.mycover-protection.com\/es\/wp-json\/wp\/v2\/tags?post=44229"}],"curies":[{"name":"wp","href":"https:\/\/api.w.org\/{rel}","templated":true}]}}