{"id":44381,"date":"2025-04-02T13:34:31","date_gmt":"2025-04-02T12:34:31","guid":{"rendered":"https:\/\/www.mycover-protection.com\/magazin\/garajes-para-motos-son-los-garajes-plegables-o-de-tienda-la-solucion-ideal\/"},"modified":"2025-07-24T15:44:56","modified_gmt":"2025-07-24T14:44:56","slug":"garajes-para-motos-son-los-garajes-plegables-o-de-tienda-la-solucion-ideal","status":"publish","type":"post","link":"https:\/\/www.mycover-protection.com\/es\/magazin\/garajes-para-motos-son-los-garajes-plegables-o-de-tienda-la-solucion-ideal\/","title":{"rendered":"Garaje para moto: \u00bfson los garajes plegables o de tienda la soluci\u00f3n ideal?"},"content":{"rendered":"\n<div class=\"wp-block-group is-content-intro\"><div class=\"wp-block-group__inner-container is-layout-flow wp-block-group-is-layout-flow\">\n<p>Mucha gente lo sabe, demasiado poco espacio. \u00bfTu moto est\u00e1 simplemente aparcada en la puerta de tu casa, sin protecci\u00f3n contra el robo o las inclemencias del tiempo?  Un garaje para moto puede ayudarte a conseguirlo. No es s\u00f3lo un refugio, sino tambi\u00e9n una inversi\u00f3n en la longevidad de tu moto. Los garajes plegables y de tienda son soluciones pr\u00e1cticas, sobre todo en invierno o cuando el espacio es limitado.  <\/p>\n\n\n\n<p>Este tipo de garajes no s\u00f3lo son flexibles y ahorran espacio, sino que tambi\u00e9n ofrecen protecci\u00f3n frente a elementos como la lluvia, la nieve y los rayos UV.  <\/p>\n\n\n\n<p>\u00bfBuscas ideas de garajes para motos para espacios reducidos o necesidades especiales? Entonces los garajes plegables o de tienda pueden ser lo que necesitas. <\/p>\n\n\n\n<p>\u00a1El <a href=\"https:\/\/www.mycover-protection.com\/es\/sobre-nosotros\/\" data-type=\"URL\" data-id=\"https:\/\/www.mycover-protection.com\/ueber-uns\/\">equipo de MYCOVER\u00ae<\/a> lo aclara!  <\/p>\n<\/div><\/div>\n\n<div style=\"height:10px\" aria-hidden=\"true\" class=\"wp-block-spacer\"><\/div>\n\n<div class=\"wp-block-group is-table-of-contents\"><div class=\"wp-block-group__inner-container is-layout-flow wp-block-group-is-layout-flow\">\n<p class=\"is-table-of-contents__heading\">\u00cdndice<\/p>\n\n\n\n<ol class=\"wp-block-list\">\n<li><a href=\"#Aufbau-und-funktionsweise\">\u00bfCu\u00e1l es la diferencia entre un garaje plegable y un garaje tienda?<\/a><\/li>\n\n\n\n<li><a href=\"#Vorteile\">Ventajas de un garaje plegable para motos<\/a><\/li>\n\n\n\n<li><a href=\"#Schutz-vor-witterung\">Garaje para moto: \u00bfProtecci\u00f3n fiable contra los elementos?<\/a><\/li>\n\n\n\n<li><a href=\"#Zeltgaragen\">Garajes tienda como alternativa a los garajes plegables para moto<\/a><\/li>\n\n\n\n<li><a href=\"#Motorrad-Abdeckplanen-im-Vergleich-zu-Falt--und-Zeltgaragen\">Fundas para moto comparadas con garajes plegables y tiendas de campa\u00f1a<\/a><\/li>\n\n\n\n<li><a href=\"#Auswahlkriterien\">Criterios de selecci\u00f3n del taller de motos adecuado<\/a><\/li>\n\n\n\n<li><a href=\"#Flexibilit%C3%A4t-und-Schutz\">Flexibilidad y protecci\u00f3n con los garajes plegables y de carpa<\/a><\/li>\n\n\n\n<li><a href=\"#praktische-Alternative\">La alternativa pr\u00e1ctica: Fundas para moto de exterior<\/a><\/li>\n\n\n\n<li><a href=\"#Zusammenfassung\">Conclusi\u00f3n: \u00bfQu\u00e9 taller de motos convence de verdad?<\/a><\/li>\n\n\n\n<li><a href=\"#FAQ---Fragen-zur-Falt--und-Zeltgarage\">FAQ &#8211; Preguntas sobre el garaje plegable y de carpas  <\/a><\/li>\n<\/ol>\n<\/div><\/div>\n\n<div style=\"height:20px\" aria-hidden=\"true\" class=\"wp-block-spacer\"><\/div>\n\n<figure class=\"wp-block-image size-large\"><img decoding=\"async\" width=\"1024\" height=\"683\" src=\"https:\/\/www.mycover-protection.com\/wp-content\/uploads\/2024\/09\/Motorrad_Zeltgarage_klein-1024x683.png\" alt=\"Tienda de garaje para moto peque&#xF1;a ideal para aparcamientos estrechos contra la pared de la casa o en la zona delantera del jard&#xED;n.\" class=\"wp-image-51228\" srcset=\"https:\/\/www.mycover-protection.com\/wp-content\/uploads\/2024\/09\/Motorrad_Zeltgarage_klein-1024x683.png 1024w, https:\/\/www.mycover-protection.com\/wp-content\/uploads\/2024\/09\/Motorrad_Zeltgarage_klein-300x200.png 300w, https:\/\/www.mycover-protection.com\/wp-content\/uploads\/2024\/09\/Motorrad_Zeltgarage_klein-768x512.png 768w, https:\/\/www.mycover-protection.com\/wp-content\/uploads\/2024\/09\/Motorrad_Zeltgarage_klein-400x267.png 400w, https:\/\/www.mycover-protection.com\/wp-content\/uploads\/2024\/09\/Motorrad_Zeltgarage_klein-800x533.png 800w, https:\/\/www.mycover-protection.com\/wp-content\/uploads\/2024\/09\/Motorrad_Zeltgarage_klein.png 1536w\" sizes=\"(max-width: 1024px) 100vw, 1024px\" \/><figcaption class=\"wp-element-caption\">Esta imagen se gener\u00f3 con IA<\/figcaption><\/figure>\n\n<div style=\"height:10px\" aria-hidden=\"true\" class=\"wp-block-spacer\"><\/div>\n\n<div class=\"wp-block-group\"><div class=\"wp-block-group__inner-container is-layout-constrained wp-block-group-is-layout-constrained\">\n<h2 class=\"wp-block-heading\" id=\"Wie-kann-eine-winterfeste-Motorradabdeckplane-sch&#xFC;tzen\">\u00bfCu\u00e1l es la diferencia entre un garaje plegable y un garaje tienda? \u00a1Estructura y funci\u00f3n explicadas! <\/h2>\n\n\n\n<div id=\"Aufbau-und-funktionsweise\" class=\"wp-block-group\"><div class=\"wp-block-group__inner-container is-layout-constrained wp-block-group-is-layout-constrained\">\n<p>En primer lugar, aclaremos el principio b\u00e1sico de estos garajes.<\/p>\n\n\n\n<p>Los garajes plegables y de tienda de campa\u00f1a son sorprendentemente f\u00e1ciles de montar y normalmente se pueden hacer en pocos minutos. Un garaje plegable para moto suele consistir en un robusto armaz\u00f3n de metal o pl\u00e1stico sobre el que se extiende una lona impermeable.   <\/p>\n\n\n\n<p>El armaz\u00f3n est\u00e1 dise\u00f1ado para que pueda plegarse y desplegarse f\u00e1cilmente, de forma similar al armaz\u00f3n de una tienda de campa\u00f1a. Esto hace que el garaje plegable ahorre espacio, ya que requiere poco espacio de almacenamiento cuando est\u00e1 plegado. <\/p>\n\n\n\n<p>Las tiendas-garaje funcionan de forma muy similar, pero a menudo tienen postes m\u00e1s robustos y ofrecen m\u00e1s espacio gracias a su construcci\u00f3n. Se montan como una tienda de campa\u00f1a normal, con postes robustos y una piel exterior resistente.   <\/p>\n\n\n\n<p>El garaje tienda para moto encierra completamente el veh\u00edculo y as\u00ed lo protege mejor de las influencias externas. Muchos modelos tienen una puerta con cremallera que permite un f\u00e1cil acceso. Algunas variantes tambi\u00e9n pueden cerrarse con llave, lo que ofrece una protecci\u00f3n adicional contra el robo.    <\/p>\n\n\n\n<p class=\"has-black-color has-text-color has-link-color wp-elements-8bfbccf58297a8b33466bf4e1ff67fb8\">Aunque ambos tipos de garaje son te\u00f3ricamente transportables, no est\u00e1n dise\u00f1ados para un uso m\u00f3vil. Est\u00e1n pensados para instalarse en un lugar fijo y permanecer donde se instalaron, por ejemplo, en el jard\u00edn de casa, en la entrada o en otro lugar adecuado. <\/p>\n<\/div><\/div>\n<\/div><\/div>\n\n<div style=\"height:10px\" aria-hidden=\"true\" class=\"wp-block-spacer wf-spacer-section\"><\/div>\n\n<h2 class=\"wp-block-heading\">Ventajas de un garaje plegable para motos<\/h2>\n\n<div id=\"Vorteile\" class=\"wp-block-group\"><div class=\"wp-block-group__inner-container is-layout-constrained wp-block-group-is-layout-constrained\">\n<div id=\"stellplatz\" class=\"wp-block-group\"><div class=\"wp-block-group__inner-container is-layout-constrained wp-block-group-is-layout-constrained\">\n<p>Un garaje plegable para moto es especialmente pr\u00e1ctico si quieres mantener la flexibilidad. Es f\u00e1cil de montar y se puede plegar y volver a guardar cuando sea necesario.   <\/p>\n\n\n\n<p class=\"has-black-color has-text-color has-link-color wp-elements-8772c189eaa1915d2b10a51018fe1b16\">Este tipo de garaje para moto es especialmente adecuado para los motoristas que disponen de espacio suficiente en su propiedad y pueden instalar el garaje plegable de forma permanente sin tener que montarlo y desmontarlo con regularidad.  <\/p>\n\n\n\n<p class=\"has-black-color has-text-color has-link-color wp-elements-c8dc74603478a530d0939c1aa206c9e9\">Ofrece una buena protecci\u00f3n contra la lluvia o el sol, pero es menos adecuada para los motoristas que tienen poco espacio o aparcan ocasionalmente la moto en otros lugares. En estos casos, una soluci\u00f3n m\u00f3vil como una <a href=\"https:\/\/www.mycover-protection.com\/produkt\/mycover-premium-outdoor\/\">Funda para moto de exterior<\/a>, f\u00e1cil de transportar y que se puede levantar con flexibilidad, es la mejor opci\u00f3n. <\/p>\n<\/div><\/div>\n\n\n\n<div class=\"wp-block-group is-banner__info\"><div class=\"wp-block-group__inner-container is-layout-flow wp-block-group-is-layout-flow\">\n<p><strong>Consejo<\/strong>: Especialmente para los fans de Harley-Davidson o los propietarios de motos m\u00e1s grandes, hay garajes plegables especiales XXL que ofrecen espacio suficiente, pero tambi\u00e9n cuestan m\u00e1s.<\/p>\n<\/div><\/div>\n<\/div><\/div>\n\n<div style=\"height:20px\" aria-hidden=\"true\" class=\"wp-block-spacer\"><\/div>\n\n<figure class=\"wp-block-image size-large\"><img decoding=\"async\" width=\"1024\" height=\"683\" src=\"https:\/\/www.mycover-protection.com\/wp-content\/uploads\/2024\/09\/Motorrad_Zeltgarage_outdoor-1024x683.png\" alt=\"Moto_tienda_garaje_exterior\" class=\"wp-image-51233\" srcset=\"https:\/\/www.mycover-protection.com\/wp-content\/uploads\/2024\/09\/Motorrad_Zeltgarage_outdoor-1024x683.png 1024w, https:\/\/www.mycover-protection.com\/wp-content\/uploads\/2024\/09\/Motorrad_Zeltgarage_outdoor-300x200.png 300w, https:\/\/www.mycover-protection.com\/wp-content\/uploads\/2024\/09\/Motorrad_Zeltgarage_outdoor-768x512.png 768w, https:\/\/www.mycover-protection.com\/wp-content\/uploads\/2024\/09\/Motorrad_Zeltgarage_outdoor-400x267.png 400w, https:\/\/www.mycover-protection.com\/wp-content\/uploads\/2024\/09\/Motorrad_Zeltgarage_outdoor-800x533.png 800w, https:\/\/www.mycover-protection.com\/wp-content\/uploads\/2024\/09\/Motorrad_Zeltgarage_outdoor.png 1536w\" sizes=\"(max-width: 1024px) 100vw, 1024px\" \/><figcaption class=\"wp-element-caption\">Esta imagen se gener\u00f3 con IA<\/figcaption><\/figure>\n\n<div style=\"height:20px\" aria-hidden=\"true\" class=\"wp-block-spacer\"><\/div>\n\n<h2 class=\"wp-block-heading\">Garaje para moto: \u00bfProtecci\u00f3n fiable contra los elementos?<\/h2>\n\n<div id=\"versicherung\" class=\"wp-block-group\"><div class=\"wp-block-group__inner-container is-layout-constrained wp-block-group-is-layout-constrained\">\n<div id=\"Schutz-vor-witterung\" class=\"wp-block-group\"><div class=\"wp-block-group__inner-container is-layout-constrained wp-block-group-is-layout-constrained\">\n<p>Un garaje plegable ofrece a tu moto protecci\u00f3n frente a una amplia gama de condiciones meteorol\u00f3gicas. Es especialmente importante proteger tu moto en invierno. <\/p>\n\n\n\n<div class=\"wp-block-group is-banner__info\"><div class=\"wp-block-group__inner-container is-layout-flow wp-block-group-is-layout-flow\">\n<p><strong>Consejo<\/strong>: Si a\u00fan no sabes cu\u00e1l es la mejor forma de preparar tu moto para el invierno, echa un vistazo a nuestro art\u00edculo sobre <a href=\"https:\/\/www.mycover-protection.com\/es\/magazin\/prepara-tu-moto-para-el-invierno-lista-de-comprobacion-y-consejos-2024\/\">c\u00f3mo preparar tu moto para el invierno<\/a>.  <\/p>\n<\/div><\/div>\n\n\n\n<p>Un garaje para moto protege tu moto de la nieve y las heladas, y protege la pintura de los da\u00f1os causados por los rayos UV o la lluvia. Los garajes plegables para moto suelen estar hechos de material robusto e impermeable, que permanece estanco incluso con lluvia intensa. <\/p>\n\n\n\n<p>El garaje plegable es una alternativa que ahorra espacio, especialmente para los motoristas que no tienen espacio suficiente para un garaje fijo en su propiedad.<\/p>\n\n\n\n<p>Los modelos met\u00e1licos son especialmente duraderos. Un garaje met\u00e1lico para motos es robusto, resistente a la intemperie y adecuado para un uso permanente en tu propiedad. <\/p>\n<\/div><\/div>\n<\/div><\/div>\n\n<div style=\"height:20px\" aria-hidden=\"true\" class=\"wp-block-spacer\"><\/div>\n\n<h2 class=\"wp-block-heading\" id=\"Zeltgaragen\">Garajes tienda como alternativa a los garajes plegables para moto<\/h2>\n\n<div class=\"wp-block-group\"><div class=\"wp-block-group__inner-container is-layout-constrained wp-block-group-is-layout-constrained\">\n<p>Los garajes tienda para motos ofrecen una protecci\u00f3n similar a la de los garajes plegables, pero a menudo son a\u00fan m\u00e1s robustos y ofrecen m\u00e1s espacio. Tambi\u00e9n son f\u00e1ciles de montar y desmontar, y su tama\u00f1o los convierte en una soluci\u00f3n ideal para propietarios de varias motos o m\u00e1quinas grandes.   <\/p>\n\n\n\n<p>Muchos garajes para tiendas de campa\u00f1a pueden incluso cerrarse con llave, por lo que ofrecen una protecci\u00f3n antirrobo adicional. Para los que aparcan durante mucho tiempo o los propietarios de una moto que quieren aparcarla durante el invierno, estos garajes son muy adecuados si hay espacio suficiente en la propiedad. <\/p>\n\n\n\n<div id=\"hinweise\" class=\"wp-block-group\"><div class=\"wp-block-group__inner-container is-layout-constrained wp-block-group-is-layout-constrained\">\n<div class=\"wp-block-group is-banner__info\"><div class=\"wp-block-group__inner-container is-layout-flow wp-block-group-is-layout-flow\">\n<p><strong>Consejo:<\/strong> Aunque el garaje de tu plegable o tienda tenga cerradura, utiliza un candado en tu moto para estar seguro al 100%. Para ideas sobre candados, echa un vistazo a la gran selecci\u00f3n de <a href=\"https:\/\/www.mycover-protection.com\/es\/produkt-kategorie\/candados-abus\/\">candados ABUS<\/a>. <\/p>\n<\/div><\/div>\n\n\n\n<p>Si eres un manitas, tambi\u00e9n puedes construir t\u00fa mismo un garaje para moto con madera, metal o con la ayuda de un kit. Es importante tener una base estable y suficiente protecci\u00f3n contra la intemperie. <\/p>\n\n\n\n<div style=\"height:20px\" aria-hidden=\"true\" class=\"wp-block-spacer\"><\/div>\n\n\n\n<figure class=\"wp-block-image size-large\"><img decoding=\"async\" width=\"1024\" height=\"683\" src=\"https:\/\/www.mycover-protection.com\/wp-content\/uploads\/2024\/09\/Motorrad_Garagenbox_-1024x683.png\" alt=\"Moto_garaje_nbox_\" class=\"wp-image-51238\" srcset=\"https:\/\/www.mycover-protection.com\/wp-content\/uploads\/2024\/09\/Motorrad_Garagenbox_-1024x683.png 1024w, https:\/\/www.mycover-protection.com\/wp-content\/uploads\/2024\/09\/Motorrad_Garagenbox_-300x200.png 300w, https:\/\/www.mycover-protection.com\/wp-content\/uploads\/2024\/09\/Motorrad_Garagenbox_-768x512.png 768w, https:\/\/www.mycover-protection.com\/wp-content\/uploads\/2024\/09\/Motorrad_Garagenbox_-400x267.png 400w, https:\/\/www.mycover-protection.com\/wp-content\/uploads\/2024\/09\/Motorrad_Garagenbox_-800x533.png 800w, https:\/\/www.mycover-protection.com\/wp-content\/uploads\/2024\/09\/Motorrad_Garagenbox_.png 1536w\" sizes=\"(max-width: 1024px) 100vw, 1024px\" \/><figcaption class=\"wp-element-caption\">Esta imagen se gener\u00f3 con IA<\/figcaption><\/figure>\n\n\n\n<div style=\"height:20px\" aria-hidden=\"true\" class=\"wp-block-spacer\"><\/div>\n<\/div><\/div>\n<\/div><\/div>\n\n<div class=\"wp-block-group\"><div class=\"wp-block-group__inner-container is-layout-constrained wp-block-group-is-layout-constrained\">\n<h2 class=\"wp-block-heading\" id=\"Motorrad-Abdeckplanen-im-Vergleich-zu-Falt--und-Zeltgaragen\">Fundas para moto comparadas con garajes plegables y tiendas de campa\u00f1a<\/h2>\n\n\n\n<p><a href=\"\/?product_cat=motorrad_abdeckplane\">Las Fundas para moto<\/a> no s\u00f3lo ofrecen una protecci\u00f3n flexible y rentable, sino tambi\u00e9n la m\u00e1xima movilidad y facilidad de manejo. A diferencia de los garajes plegables, que ocupan mucho espacio y a menudo requieren complejos anclajes al suelo, las Fundas se adaptan perfectamente al tama\u00f1o de tu moto y son f\u00e1ciles de guardar. <\/p>\n\n\n\n<p>Las Fundas Premium est\u00e1n especialmente dise\u00f1adas para proteger tu moto de elementos como la lluvia, la nieve y los rayos UV durante todo el a\u00f1o. Gracias a sus materiales de alta calidad, como el material exterior 300D resistente a ara\u00f1azos y desgarros, las costuras doblemente reforzadas y un nanorrevestimiento hidr\u00f3fugo, ofrecen una protecci\u00f3n robusta en cualquier entorno. El suave forro interior tambi\u00e9n protege la pintura, algo que los garajes plegables a menudo no pueden ofrecer.  <\/p>\n\n\n\n<p>Otra ventaja de las Fundas es su flexibilidad. Se pueden utilizar en cualquier sitio -de viaje o en tu propio jard\u00edn-, mientras que los garajes plegables a menudo s\u00f3lo se pueden montar en propiedades privadas con espacio suficiente y una superficie adecuada. Las correas ajustables mantienen las lonas en su sitio incluso con vientos fuertes y protegen tu moto de forma fiable.  <\/p>\n<\/div><\/div>\n\n<div style=\"height:20px\" aria-hidden=\"true\" class=\"wp-block-spacer\"><\/div>\n\n<div class=\"wp-block-group\"><div class=\"wp-block-group__inner-container is-layout-constrained wp-block-group-is-layout-constrained\">\n<div class=\"wp-block-group\"><div class=\"wp-block-group__inner-container is-layout-constrained wp-block-group-is-layout-constrained\">\n<h2 class=\"wp-block-heading\" id=\"Auswahlkriterien\">Criterios de selecci\u00f3n del taller de motos adecuado<\/h2>\n\n\n\n<p>Antes de decidirte por un taller de motos, debes tener en cuenta los siguientes puntos:<\/p>\n\n\n\n<ul class=\"wp-block-list\">\n<li><strong>Tama\u00f1o<\/strong>: aseg\u00farate de que el garaje ofrece espacio suficiente para tu moto. Los modelos XXL son recomendables para m\u00e1quinas grandes o para guardar varias motos. <\/li>\n\n\n\n<li><strong>Material<\/strong>: Es esencial una lona robusta y resistente a la intemperie. Debe ser impermeable, resistente a los rayos UV y duradera.<\/li>\n\n\n\n<li><strong>Aspectos de seguridad<\/strong>: Muchos garajes tienen ahora cerradura, lo que ofrece una protecci\u00f3n adicional contra los robos.<\/li>\n\n\n\n<li><strong>Transportabilidad:<\/strong> Debido a su dise\u00f1o y al hecho de que a menudo hay que anclarlos al suelo, los garajes para motos suelen ser fijos y no aptos para el transporte m\u00f3vil.<\/li>\n<\/ul>\n<\/div><\/div>\n\n\n\n<div style=\"height:20px\" aria-hidden=\"true\" class=\"wp-block-spacer\"><\/div>\n\n\n\n<div class=\"wp-block-group\"><div class=\"wp-block-group__inner-container is-layout-constrained wp-block-group-is-layout-constrained\">\n<h2 class=\"wp-block-heading\" id=\"Flexibilit&#xE4;t-und-Schutz\">Flexibilidad y protecci\u00f3n con los garajes plegables y de carpa<\/h2>\n\n\n\n<div class=\"wp-block-group\"><div class=\"wp-block-group__inner-container is-layout-constrained wp-block-group-is-layout-constrained\">\n<p>Ya se trate de un garaje plegable para moto o de un garaje tienda de campa\u00f1a, ambos pueden proporcionar una buena protecci\u00f3n para tu moto, sobre todo en la estaci\u00f3n fr\u00eda. Sin embargo, este tipo de alojamiento no es adecuado para todo el mundo, ya que necesitas espacio suficiente y, en muchos casos, tu propia propiedad para utilizarlo adecuadamente. Si no tienes espacio ni presupuesto para un garaje tan grande, una Funda para moto de alta calidad es la mejor opci\u00f3n.  <\/p>\n<\/div><\/div>\n\n\n\n<div style=\"height:20px\" aria-hidden=\"true\" class=\"wp-block-spacer\"><\/div>\n\n\n\n<figure class=\"wp-block-image size-large\"><img decoding=\"async\" width=\"1024\" height=\"683\" src=\"https:\/\/www.mycover-protection.com\/wp-content\/uploads\/2024\/09\/Motorrad_Zeltgarage_XXL-1024x683.png\" alt=\"Tienda_de_motos_garaje\" class=\"wp-image-51243\" srcset=\"https:\/\/www.mycover-protection.com\/wp-content\/uploads\/2024\/09\/Motorrad_Zeltgarage_XXL-1024x683.png 1024w, https:\/\/www.mycover-protection.com\/wp-content\/uploads\/2024\/09\/Motorrad_Zeltgarage_XXL-300x200.png 300w, https:\/\/www.mycover-protection.com\/wp-content\/uploads\/2024\/09\/Motorrad_Zeltgarage_XXL-768x512.png 768w, https:\/\/www.mycover-protection.com\/wp-content\/uploads\/2024\/09\/Motorrad_Zeltgarage_XXL-400x267.png 400w, https:\/\/www.mycover-protection.com\/wp-content\/uploads\/2024\/09\/Motorrad_Zeltgarage_XXL-800x533.png 800w, https:\/\/www.mycover-protection.com\/wp-content\/uploads\/2024\/09\/Motorrad_Zeltgarage_XXL.png 1536w\" sizes=\"(max-width: 1024px) 100vw, 1024px\" \/><figcaption class=\"wp-element-caption\">Esta imagen se gener\u00f3 con IA<\/figcaption><\/figure>\n\n\n\n<div style=\"height:20px\" aria-hidden=\"true\" class=\"wp-block-spacer\"><\/div>\n\n\n\n<div id=\"praktische-Alternative\" class=\"wp-block-group\"><div class=\"wp-block-group__inner-container is-layout-constrained wp-block-group-is-layout-constrained\">\n<h2 class=\"wp-block-heading\" id=\"Flexibilit&#xE4;t-und-Schutz\">La alternativa pr\u00e1ctica: Fundas para moto de exterior<\/h2>\n\n\n\n<figure class=\"wp-block-image size-large\"><img decoding=\"async\" width=\"970\" height=\"1024\" src=\"https:\/\/www.mycover-protection.com\/wp-content\/uploads\/2019\/12\/Motorradabdeckplane_wasserdicht_atmungsaktiv_reissfest-970x1024.jpg\" alt=\"Lona moto_impermeable_transpirable\" class=\"wp-image-33061\" srcset=\"https:\/\/www.mycover-protection.com\/wp-content\/uploads\/2019\/12\/Motorradabdeckplane_wasserdicht_atmungsaktiv_reissfest-970x1024.jpg 970w, https:\/\/www.mycover-protection.com\/wp-content\/uploads\/2019\/12\/Motorradabdeckplane_wasserdicht_atmungsaktiv_reissfest-284x300.jpg 284w, https:\/\/www.mycover-protection.com\/wp-content\/uploads\/2019\/12\/Motorradabdeckplane_wasserdicht_atmungsaktiv_reissfest-768x811.jpg 768w, https:\/\/www.mycover-protection.com\/wp-content\/uploads\/2019\/12\/Motorradabdeckplane_wasserdicht_atmungsaktiv_reissfest-1455x1536.jpg 1455w, https:\/\/www.mycover-protection.com\/wp-content\/uploads\/2019\/12\/Motorradabdeckplane_wasserdicht_atmungsaktiv_reissfest-1940x2048.jpg 1940w, https:\/\/www.mycover-protection.com\/wp-content\/uploads\/2019\/12\/Motorradabdeckplane_wasserdicht_atmungsaktiv_reissfest-256x270.jpg 256w, https:\/\/www.mycover-protection.com\/wp-content\/uploads\/2019\/12\/Motorradabdeckplane_wasserdicht_atmungsaktiv_reissfest-800x845.jpg 800w\" sizes=\"(max-width: 970px) 100vw, 970px\" \/><\/figure>\n\n\n\n<p>Una <a href=\"https:\/\/www.mycover-protection.com\/produkt\/mycover-premium-outdoor\/\">Funda para moto de exterior<\/a> ofrece una s\u00f3lida protecci\u00f3n contra influencias meteorol\u00f3gicas como la lluvia, la nieve y los rayos UV. Gracias a los materiales resistentes, el revestimiento hidr\u00f3fugo y el forro interior que no da\u00f1a la pintura, protege tu moto de forma fiable y evita ara\u00f1azos y la formaci\u00f3n de \u00f3xido. Adem\u00e1s, una Funda es f\u00e1cil de manejar, se puede utilizar con flexibilidad y no requiere mucho espacio de almacenamiento, por lo que es ideal para los motoristas que no disponen de una plaza de aparcamiento fija o de un presupuesto limitado. Si buscas soluciones especialmente estables y duraderas, tambi\u00e9n puedes considerar una caja de garaje para moto. Estos cofres m\u00e1s resistentes suelen ser de metal o pl\u00e1stico y ofrecen una protecci\u00f3n antirrobo adicional.    <\/p>\n\n\n\n<p class=\"has-text-align-center\">Recomendaciones para 100 fabricantes y 2500 modelos<\/p>\n\n\n\n<h2 class=\"wp-block-heading has-text-align-center is-style-not-underlined wf-overline\" id=\"groessentabelle\">MYCOVER Buscador de tallas de Fundas<\/h2>\n\n\n\n<h3 class=\"wp-block-heading has-text-align-center\">&#8211; Tu talla en 3 clics &#8211;<\/h3>\n\n\n\n<div style=\"height:50px\" aria-hidden=\"true\" class=\"wp-block-spacer\"><\/div>\n\n\n\n<div data-color-scheme=\"error\" class=\"wfa-component-alertbox\" data-wfa-component=\"alertbox\">\t<p><strong>Prohibido<\/strong><\/p>\n\t<p>El shortcode <code>[[wfa-component-tarpaulin-size-recommendation]]<\/code> no est\u00e1 liberado para este tipo de p\u00e1gina.\t<\/p>\n<\/div>\n\n\n<\/div><\/div>\n\n\n<div data-align-buttons=\"true\" data-block-name=\"woocommerce\/handpicked-products\" data-content-visibility=\"{&quot;image&quot;:true,&quot;title&quot;:true,&quot;price&quot;:true,&quot;rating&quot;:true,&quot;button&quot;:false}\" data-orderby=\"rating\" data-products=\"[45078,45240,44853]\" class=\"wc-block-grid wp-block-handpicked-products wp-block-woocommerce-handpicked-products wc-block-handpicked-products has-3-columns has-multiple-rows has-aligned-buttons\"><ul class=\"wc-block-grid__products\"><li class=\"wc-block-grid__product\"><span class=\"gtm4wp_productdata\" style=\"display:none; visibility:hidden;\" data-gtm4wp_product_data=\"{&quot;internal_id&quot;:44853,&quot;item_id&quot;:&quot;OC-&quot;,&quot;item_name&quot;:&quot;Funda para moto Premium MYCOVER\\u00ae para exterior&quot;,&quot;sku&quot;:&quot;OC-&quot;,&quot;price&quot;:144,&quot;stocklevel&quot;:0,&quot;stockstatus&quot;:&quot;onbackorder&quot;,&quot;google_business_vertical&quot;:&quot;retail&quot;,&quot;item_category&quot;:&quot;Cubiertas para moto&quot;,&quot;id&quot;:&quot;OC-&quot;,&quot;productlink&quot;:&quot;https:\\\/\\\/www.mycover-protection.com\\\/es\\\/produkt\\\/mycover-funda-para-moto-exterior-premium\\\/&quot;,&quot;item_list_name&quot;:&quot;Lista general de productos&quot;,&quot;index&quot;:0,&quot;product_type&quot;:&quot;variable&quot;,&quot;item_brand&quot;:&quot;&quot;}\"><\/span>\n\t\t\t\t<a href=\"https:\/\/www.mycover-protection.com\/es\/produkt\/mycover-funda-para-moto-exterior-premium\/\" class=\"wc-block-grid__product-link\">\n\t\t\t\t\t\n\t\t\t\t\t<div class=\"wc-block-grid__product-image\"><img decoding=\"async\" width=\"300\" height=\"300\" src=\"https:\/\/www.mycover-protection.com\/wp-content\/uploads\/2025\/11\/funda-moto-exterior-M-300x300.jpg\" class=\"attachment-woocommerce_thumbnail size-woocommerce_thumbnail\" alt=\"Funda para moto Outdoor M+\" srcset=\"https:\/\/www.mycover-protection.com\/wp-content\/uploads\/2025\/11\/funda-moto-exterior-M-300x300.jpg 300w, https:\/\/www.mycover-protection.com\/wp-content\/uploads\/2025\/11\/funda-moto-exterior-M-1024x1024.jpg 1024w, https:\/\/www.mycover-protection.com\/wp-content\/uploads\/2025\/11\/funda-moto-exterior-M-150x150.jpg 150w, https:\/\/www.mycover-protection.com\/wp-content\/uploads\/2025\/11\/funda-moto-exterior-M-768x768.jpg 768w, https:\/\/www.mycover-protection.com\/wp-content\/uploads\/2025\/11\/funda-moto-exterior-M-270x270.jpg 270w, https:\/\/www.mycover-protection.com\/wp-content\/uploads\/2025\/11\/funda-moto-exterior-M-800x800.jpg 800w, https:\/\/www.mycover-protection.com\/wp-content\/uploads\/2025\/11\/funda-moto-exterior-M-200x200.jpg 200w, https:\/\/www.mycover-protection.com\/wp-content\/uploads\/2025\/11\/funda-moto-exterior-M.jpg 1500w\" sizes=\"(max-width: 300px) 100vw, 300px\" \/><\/div>\n\t\t\t\t\t<div class=\"wc-block-grid__product-title\">Funda para moto Premium MYCOVER\u00ae para exterior<\/div>\n\t\t\t\t<\/a>\n\t\t\t\t<div class=\"wfa-wc-product-star-rating wfa-wc-block-grid__product-stars\" style=\"--fill:0.986;\" role=\"img\" aria-label=\"Valorado con 4.93 de 5\"><\/div><div class=\"wc-block-grid__product-price price\"><span class=\"wfa-variable-parent-price-range wfa-variable-parent-price-range--regular\"><del><span class=\"woocommerce-Price-amount amount\" aria-hidden=\"true\">159,00<span class=\"woocommerce-Price-currencySymbol\">&euro;<\/span><\/span> <span aria-hidden=\"true\">&#8211;<\/span> <span class=\"woocommerce-Price-amount amount\" aria-hidden=\"true\">279,00<span class=\"woocommerce-Price-currencySymbol\">&euro;<\/span><\/span><span class=\"screen-reader-text\">Rango de precios: desde 159,00&euro; hasta 279,00&euro;<\/span><\/del><\/span><span class=\"wfa-variable-parent-price-range wfa-variable-parent-price-range--sale\"><ins><span class=\"woocommerce-Price-amount amount\" aria-hidden=\"true\">144,00<span class=\"woocommerce-Price-currencySymbol\">&euro;<\/span><\/span> <span aria-hidden=\"true\">&#8211;<\/span> <span class=\"woocommerce-Price-amount amount\" aria-hidden=\"true\">264,00<span class=\"woocommerce-Price-currencySymbol\">&euro;<\/span><\/span><span class=\"screen-reader-text\">Rango de precios: desde 144,00&euro; hasta 264,00&euro;<\/span><\/ins><\/span><\/div><div class=\"wfa-wc-block-grid__product-badge-list\" aria-label=\"Caracter\u00edsticas especiales\"><p class=\"wfa-wc-block-grid__product-badge\">\ud83c\udfc6 Bestseller<\/p><p class=\"wfa-wc-block-grid__product-badge\">\ud83d\udd25 \u00a1Ahorra 15&euro; ahora!<\/p><p class=\"wfa-wc-block-grid__product-badge\">\u2728 16 Tama\u00f1os<\/p><\/div>\n\t\t\t\t\n\t\t\t\t\n\t\t\t<\/li><li class=\"wc-block-grid__product\"><span class=\"gtm4wp_productdata\" style=\"display:none; visibility:hidden;\" data-gtm4wp_product_data=\"{&quot;internal_id&quot;:45240,&quot;item_id&quot;:&quot;OC-C-&quot;,&quot;item_name&quot;:&quot;MYCOVER\\u00ae Funda Premium para Chopper de exterior&quot;,&quot;sku&quot;:&quot;OC-C-&quot;,&quot;price&quot;:174,&quot;stocklevel&quot;:0,&quot;stockstatus&quot;:&quot;onbackorder&quot;,&quot;google_business_vertical&quot;:&quot;retail&quot;,&quot;item_category&quot;:&quot;Cubiertas para moto&quot;,&quot;id&quot;:&quot;OC-C-&quot;,&quot;productlink&quot;:&quot;https:\\\/\\\/www.mycover-protection.com\\\/es\\\/produkt\\\/mycover-funda-exterior-premium-para-chopper\\\/&quot;,&quot;item_list_name&quot;:&quot;Lista general de productos&quot;,&quot;index&quot;:0,&quot;product_type&quot;:&quot;variable&quot;,&quot;item_brand&quot;:&quot;&quot;}\"><\/span>\n\t\t\t\t<a href=\"https:\/\/www.mycover-protection.com\/es\/produkt\/mycover-funda-exterior-premium-para-chopper\/\" class=\"wc-block-grid__product-link\">\n\t\t\t\t\t\n\t\t\t\t\t<div class=\"wc-block-grid__product-image\"><img decoding=\"async\" width=\"300\" height=\"300\" src=\"https:\/\/www.mycover-protection.com\/wp-content\/uploads\/2025\/04\/funda-chopper-exterior_C-L-2-300x300.jpg\" class=\"attachment-woocommerce_thumbnail size-woocommerce_thumbnail\" alt=\"Funda Chopper Exterior C-L++\" srcset=\"https:\/\/www.mycover-protection.com\/wp-content\/uploads\/2025\/04\/funda-chopper-exterior_C-L-2-300x300.jpg 300w, https:\/\/www.mycover-protection.com\/wp-content\/uploads\/2025\/04\/funda-chopper-exterior_C-L-2-1024x1024.jpg 1024w, https:\/\/www.mycover-protection.com\/wp-content\/uploads\/2025\/04\/funda-chopper-exterior_C-L-2-150x150.jpg 150w, https:\/\/www.mycover-protection.com\/wp-content\/uploads\/2025\/04\/funda-chopper-exterior_C-L-2-768x768.jpg 768w, https:\/\/www.mycover-protection.com\/wp-content\/uploads\/2025\/04\/funda-chopper-exterior_C-L-2-270x270.jpg 270w, https:\/\/www.mycover-protection.com\/wp-content\/uploads\/2025\/04\/funda-chopper-exterior_C-L-2-800x800.jpg 800w, https:\/\/www.mycover-protection.com\/wp-content\/uploads\/2025\/04\/funda-chopper-exterior_C-L-2-200x200.jpg 200w, https:\/\/www.mycover-protection.com\/wp-content\/uploads\/2025\/04\/funda-chopper-exterior_C-L-2.jpg 1500w\" sizes=\"(max-width: 300px) 100vw, 300px\" \/><\/div>\n\t\t\t\t\t<div class=\"wc-block-grid__product-title\">MYCOVER\u00ae Funda Premium para Chopper de exterior<\/div>\n\t\t\t\t<\/a>\n\t\t\t\t<div class=\"wfa-wc-product-star-rating wfa-wc-block-grid__product-stars\" style=\"--fill:0.962;\" role=\"img\" aria-label=\"Valorado con 4.81 de 5\"><\/div><div class=\"wc-block-grid__product-price price\"><span class=\"wfa-variable-parent-price-range wfa-variable-parent-price-range--regular\"><del><span class=\"woocommerce-Price-amount amount\" aria-hidden=\"true\">189,00<span class=\"woocommerce-Price-currencySymbol\">&euro;<\/span><\/span> <span aria-hidden=\"true\">&#8211;<\/span> <span class=\"woocommerce-Price-amount amount\" aria-hidden=\"true\">249,00<span class=\"woocommerce-Price-currencySymbol\">&euro;<\/span><\/span><span class=\"screen-reader-text\">Rango de precios: desde 189,00&euro; hasta 249,00&euro;<\/span><\/del><\/span><span class=\"wfa-variable-parent-price-range wfa-variable-parent-price-range--sale\"><ins><span class=\"woocommerce-Price-amount amount\" aria-hidden=\"true\">174,00<span class=\"woocommerce-Price-currencySymbol\">&euro;<\/span><\/span> <span aria-hidden=\"true\">&#8211;<\/span> <span class=\"woocommerce-Price-amount amount\" aria-hidden=\"true\">234,00<span class=\"woocommerce-Price-currencySymbol\">&euro;<\/span><\/span><span class=\"screen-reader-text\">Rango de precios: desde 174,00&euro; hasta 234,00&euro;<\/span><\/ins><\/span><\/div><div class=\"wfa-wc-block-grid__product-badge-list\" aria-label=\"Caracter\u00edsticas especiales\"><p class=\"wfa-wc-block-grid__product-badge\">\ud83c\udfc6 Bestseller<\/p><p class=\"wfa-wc-block-grid__product-badge\">\ud83d\udd25 \u00a1Ahorra 15&euro; ahora!<\/p><p class=\"wfa-wc-block-grid__product-badge\">\u2728 8 Tama\u00f1os<\/p><\/div>\n\t\t\t\t\n\t\t\t\t\n\t\t\t<\/li><li class=\"wc-block-grid__product\"><span class=\"gtm4wp_productdata\" style=\"display:none; visibility:hidden;\" data-gtm4wp_product_data=\"{&quot;internal_id&quot;:45078,&quot;item_id&quot;:&quot;IC-&quot;,&quot;item_name&quot;:&quot;MYCOVER\\u00ae Funda para moto de interior Premium&quot;,&quot;sku&quot;:&quot;IC-&quot;,&quot;price&quot;:109,&quot;stocklevel&quot;:0,&quot;stockstatus&quot;:&quot;outofstock&quot;,&quot;google_business_vertical&quot;:&quot;retail&quot;,&quot;item_category&quot;:&quot;Cubiertas para moto&quot;,&quot;id&quot;:&quot;IC-&quot;,&quot;productlink&quot;:&quot;https:\\\/\\\/www.mycover-protection.com\\\/es\\\/produkt\\\/mycover-funda-para-moto-de-interior-premium\\\/&quot;,&quot;item_list_name&quot;:&quot;Lista general de productos&quot;,&quot;index&quot;:0,&quot;product_type&quot;:&quot;variable&quot;,&quot;item_brand&quot;:&quot;&quot;}\"><\/span>\n\t\t\t\t<a href=\"https:\/\/www.mycover-protection.com\/es\/produkt\/mycover-funda-para-moto-de-interior-premium\/\" class=\"wc-block-grid__product-link\">\n\t\t\t\t\t\n\t\t\t\t\t<div class=\"wc-block-grid__product-image\"><img decoding=\"async\" width=\"300\" height=\"300\" src=\"https:\/\/www.mycover-protection.com\/wp-content\/uploads\/2022\/07\/Motorrrad-Abdeckplane-Indoor-Stoff-300x300.png\" class=\"attachment-woocommerce_thumbnail size-woocommerce_thumbnail\" alt=\"Funda para moto Interior blando\" srcset=\"https:\/\/www.mycover-protection.com\/wp-content\/uploads\/2022\/07\/Motorrrad-Abdeckplane-Indoor-Stoff-300x300.png 300w, https:\/\/www.mycover-protection.com\/wp-content\/uploads\/2022\/07\/Motorrrad-Abdeckplane-Indoor-Stoff-150x150.png 150w, https:\/\/www.mycover-protection.com\/wp-content\/uploads\/2022\/07\/Motorrrad-Abdeckplane-Indoor-Stoff-768x768.png 768w, https:\/\/www.mycover-protection.com\/wp-content\/uploads\/2022\/07\/Motorrrad-Abdeckplane-Indoor-Stoff-270x270.png 270w, https:\/\/www.mycover-protection.com\/wp-content\/uploads\/2022\/07\/Motorrrad-Abdeckplane-Indoor-Stoff-200x200.png 200w, https:\/\/www.mycover-protection.com\/wp-content\/uploads\/2022\/07\/Motorrrad-Abdeckplane-Indoor-Stoff.png 800w\" sizes=\"(max-width: 300px) 100vw, 300px\" \/><\/div>\n\t\t\t\t\t<div class=\"wc-block-grid__product-title\">MYCOVER\u00ae Funda para moto de interior Premium<\/div>\n\t\t\t\t<\/a>\n\t\t\t\t<div class=\"wfa-wc-product-star-rating wfa-wc-block-grid__product-stars\" style=\"--fill:0.96;\" role=\"img\" aria-label=\"Valorado con 4.8 de 5\"><\/div><div class=\"wc-block-grid__product-price price\"><span class=\"woocommerce-Price-amount amount\" aria-hidden=\"true\">109,00<span class=\"woocommerce-Price-currencySymbol\">&euro;<\/span><\/span> <span aria-hidden=\"true\">&#8211;<\/span> <span class=\"woocommerce-Price-amount amount\" aria-hidden=\"true\">129,00<span class=\"woocommerce-Price-currencySymbol\">&euro;<\/span><\/span><span class=\"screen-reader-text\">Rango de precios: desde 109,00&euro; hasta 129,00&euro;<\/span><\/div><div class=\"wfa-wc-block-grid__product-badge-list\" aria-label=\"Caracter\u00edsticas especiales\"><p class=\"wfa-wc-block-grid__product-badge\">\ud83c\udfc6 Bestseller<\/p><p class=\"wfa-wc-block-grid__product-badge\">\u2728 4 Tama\u00f1os<\/p><\/div>\n\t\t\t\t\n\t\t\t\t\n\t\t\t<\/li><\/ul><\/div>\n\n\n<div id=\"hinweise\" class=\"wp-block-group\"><div class=\"wp-block-group__inner-container is-layout-constrained wp-block-group-is-layout-constrained\">\n<div class=\"wp-block-group is-banner__info\"><div class=\"wp-block-group__inner-container is-layout-flow wp-block-group-is-layout-flow\">\n<p><strong>Consejo:<\/strong> Si a\u00fan no sabes c\u00f3mo prevenir la oxidaci\u00f3n de tu moto, echa un vistazo a nuestro art\u00edculo sobre <a href=\"https:\/\/www.mycover-protection.com\/es\/magazin\/oxido-en-tu-moto-como-eliminar-el-oxido-de-los-cromados-y-proteger-tu-moto-a-largo-plazo\/\">las motos y la oxidaci\u00f3n<\/a>.<\/p>\n<\/div><\/div>\n\n\n\n<div style=\"height:40px\" aria-hidden=\"true\" class=\"wp-block-spacer\"><\/div>\n<\/div><\/div>\n\n\n\n<div style=\"height:40px\" aria-hidden=\"true\" class=\"wp-block-spacer\"><\/div>\n\n\n\n<div id=\"Zusammenfassung\" class=\"wp-block-group\"><div class=\"wp-block-group__inner-container is-layout-constrained wp-block-group-is-layout-constrained\">\n<h2 class=\"wp-block-heading\" id=\"Flexibilit&#xE4;t-und-Schutz\">Conclusi\u00f3n: \u00bfQu\u00e9 taller de motos convence de verdad?<\/h2>\n\n\n\n<p>Con un garaje para moto de alta calidad, ya sea un garaje plegable o un garaje tienda, puedes proteger tu moto de las influencias ambientales y prolongar su vida \u00fatil. Estos modelos son una alternativa ideal a un garaje cl\u00e1sico, sobre todo si no dispones de un garaje fijo. <\/p>\n\n\n\n<p>Si no tienes espacio suficiente en tu propiedad o no tienes permiso del propietario para hacer agujeros en el suelo, entonces una Funda para moto de exterior es la alternativa pr\u00e1ctica y rentable para ti.  <\/p>\n<\/div><\/div>\n<\/div><\/div>\n<\/div><\/div>\n\n<div style=\"height:40px\" aria-hidden=\"true\" class=\"wp-block-spacer wf-spacer-section\"><\/div>\n\n<h2 class=\"wp-block-heading is-style-not-underlined\" id=\"FAQ---Fragen-zur-Falt--und-Zeltgarage\">FAQ &#8211; Preguntas sobre el garaje plegable y de carpas<\/h2>\n\n<details class=\"wp-block-webfluence-blocks-details-summary\">\n<summary class=\"wp-block-webfluence-blocks-details-summary-title\">\n<h3 class=\"wp-block-heading is-style-not-underlined\">\u00bfCu\u00e1nto cuestan los garajes plegables y de carpa?  <\/h3>\n<\/summary>\n\n\n\n<div class=\"wp-block-webfluence-blocks-details-summary-body\">\n<p>Los precios de ambos productos var\u00edan mucho en funci\u00f3n de la calidad y el tama\u00f1o. Los garajes plegables y de tienda para motos suelen oscilar entre 200 y 500 euros. Con los modelos m\u00e1s baratos, siempre debes tener en cuenta que suele haber una falta de calidad.  <\/p>\n<\/div>\n<\/details>\n\n<details class=\"wp-block-webfluence-blocks-details-summary\">\n<summary class=\"wp-block-webfluence-blocks-details-summary-title\">\n<h3 class=\"wp-block-heading is-style-not-underlined\">\u00bfCu\u00e1nto cuesta una Funda para moto premium?<\/h3>\n<\/summary>\n\n\n\n<div class=\"wp-block-webfluence-blocks-details-summary-body\">\n<p>Los precios de nuestras Fundas para moto premium oscilan entre 139,00 \u20ac y 259,00 \u20ac, dependiendo de la talla.<br\/>Para asegurarte de que eliges la talla adecuada para tu moto, te recomendamos que eches un vistazo a nuestra <a href=\"https:\/\/www.mycover-protection.com\/es\/recomendaciones-de-tamano\/fundas-para-moto\/en-el-exterior\/\">gu\u00eda de tallas.<\/a> As\u00ed obtendr\u00e1s la mejor protecci\u00f3n posible para tu moto. <\/p>\n<\/div>\n<\/details>\n\n<details class=\"wp-block-webfluence-blocks-details-summary\">\n<summary class=\"wp-block-webfluence-blocks-details-summary-title\">\n<h3 class=\"wp-block-heading is-style-not-underlined\">\u00bfEs dif\u00edcil montar un garaje plegable o de tienda?<\/h3>\n<\/summary>\n\n\n\n<div class=\"wp-block-webfluence-blocks-details-summary-body\">\n<p>El montaje de los garajes plegables y de tienda es relativamente sencillo y suele llevar s\u00f3lo unos minutos. Ambos tipos de garaje tienen un armaz\u00f3n ligero pero resistente que se monta r\u00e1pidamente. <\/p>\n\n\n\n<p>Los garajes plegables funcionan de forma similar a una tienda de campa\u00f1a, y pueden desmontarse y guardarse con la misma rapidez.  <\/p>\n\n\n\n<p>No se necesitan herramientas especiales y muchos modelos est\u00e1n dise\u00f1ados para que una sola persona pueda montarlos f\u00e1cilmente.<\/p>\n<\/div>\n<\/details>\n\n<details class=\"wp-block-webfluence-blocks-details-summary\">\n<summary class=\"wp-block-webfluence-blocks-details-summary-title\">\n<h3 class=\"wp-block-heading is-style-not-underlined\">\u00bfCu\u00e1nto espacio necesita una carpa\/garaje plegable?<\/h3>\n<\/summary>\n\n\n\n<div class=\"wp-block-webfluence-blocks-details-summary-body\">\n<p>Las tiendas de campa\u00f1a y los garajes plegables suelen ser muy grandes y, por tanto, ocupan mucho espacio. Por tanto, debes prever un espacio de al menos 1,6 x 2,4 metros. Por supuesto, esta cifra puede variar mucho en funci\u00f3n del tama\u00f1o de tu moto.    <\/p>\n\n\n\n<p>En cambio, una Funda para moto s\u00f3lo ocupa el espacio que ya tiene tu moto. As\u00ed que comprueba de cu\u00e1nto espacio dispones antes de comprarla. <\/p>\n<\/div>\n<\/details>\n\n<details class=\"wp-block-webfluence-blocks-details-summary\">\n<summary class=\"wp-block-webfluence-blocks-details-summary-title\">\n<h3 class=\"wp-block-heading is-style-not-underlined\">\u00bfD\u00f3nde puedo montar mi tienda o garaje plegable?<\/h3>\n<\/summary>\n\n\n\n<div class=\"wp-block-webfluence-blocks-details-summary-body\">\n<p>En principio, puedes montar tiendas de campa\u00f1a o garajes plegables en cualquier sitio, siempre que haya espacio suficiente.  <\/p>\n\n\n\n<p>Sin embargo, para que el garaje se mantenga estable incluso con vientos fuertes, debes utilizar anclajes al suelo. Para ello, o bien necesitas una zona con c\u00e9sped o debes poder perforar suelos de piedra, lo que a menudo s\u00f3lo est\u00e1 permitido en tu propia propiedad.   <\/p>\n\n\n\n<p>Tal vez una Funda ser\u00eda la mejor opci\u00f3n en este caso, ya que se sujeta bien incluso con vientos fuertes gracias a las correas ajustables.<\/p>\n<\/div>\n<\/details>\n\n<details class=\"wp-block-webfluence-blocks-details-summary\">\n<summary class=\"wp-block-webfluence-blocks-details-summary-title\">\n<h3 class=\"wp-block-heading is-style-not-underlined\">\u00bfNecesito una cerradura para mi garaje?<\/h3>\n<\/summary>\n\n\n\n<div class=\"wp-block-webfluence-blocks-details-summary-body\">\n<p>S\u00ed, utiliza siempre una <a href=\"https:\/\/www.mycover-protection.com\/es\/produkt-kategorie\/candados-abus\/\">cerradura<\/a> adicional. Los garajes abatibles pueden ser retirados f\u00e1cilmente por personas ajenas a la empresa y, por tanto, no son a prueba de robos. <\/p>\n\n\n\n<p>Echa un vistazo a este art\u00edculo sobre <a href=\"https:\/\/www.mycover-protection.com\/es\/magazin\/proteccion-100-antirrobo-de-la-moto-los-consejos-que-todo-motorista-debe-conocer\/?preview_id=35696&#038;preview_nonce=b3b4c293b2&#038;preview=true&#038;_thumbnail_id=35868\">antirrobos para motos<\/a>.<\/p>\n<\/div>\n<\/details>\n\n<details class=\"wp-block-webfluence-blocks-details-summary\">\n<summary class=\"wp-block-webfluence-blocks-details-summary-title\">\n<h3 class=\"wp-block-heading is-style-not-underlined\">\u00bfLos garajes plegables y para tiendas de campa\u00f1a tambi\u00e9n son adecuados para el invierno?<\/h3>\n<\/summary>\n\n\n\n<div class=\"wp-block-webfluence-blocks-details-summary-body\">\n<p>S\u00ed, los garajes plegables y de tienda tambi\u00e9n ofrecen una excelente protecci\u00f3n para tu moto en invierno. Est\u00e1n fabricados con materiales resistentes a la intemperie y robustos que impiden la entrada de nieve, lluvia y escarcha.   <\/p>\n\n\n\n<p>Los modelos con lonas impermeables y postes reforzados son especialmente adecuados para <a href=\"https:\/\/www.mycover-protection.com\/es\/magazin\/prepara-tu-moto-para-el-invierno-lista-de-comprobacion-y-consejos-2024\/\">invernar la moto<\/a>. Tambi\u00e9n protegen de la humedad que podr\u00eda causar \u00f3xido y protegen la pintura de los da\u00f1os causados por las condiciones meteorol\u00f3gicas invernales. <\/p>\n<\/div>\n<\/details>\n\n<details class=\"wp-block-webfluence-blocks-details-summary\">\n<summary class=\"wp-block-webfluence-blocks-details-summary-title\">\n<h3 class=\"wp-block-heading is-style-not-underlined\">\u00bfCu\u00e1l es la diferencia entre un garaje tienda y un garaje plegable?<\/h3>\n<\/summary>\n\n\n\n<div class=\"wp-block-webfluence-blocks-details-summary-body\">\n<p>Un garaje plegable suele plegarse sobre la moto como un cap\u00f3 mediante un sistema de bisagras. Un garaje tienda, en cambio, es una estructura independiente con postes y lona, similar a un peque\u00f1o pabell\u00f3n. Un garaje tienda para moto te ofrece la misma protecci\u00f3n que un garaje plegable, pero suele ser m\u00e1s robusto y ofrece m\u00e1s espacio de almacenamiento.  <\/p>\n<\/div>\n<\/details>\n\n<details class=\"wp-block-webfluence-blocks-details-summary\">\n<summary class=\"wp-block-webfluence-blocks-details-summary-title\">\n<h3 class=\"wp-block-heading is-style-not-underlined\">\u00bfExisten alternativas a los garajes plegables o de tienda?<\/h3>\n<\/summary>\n\n\n\n<div class=\"wp-block-webfluence-blocks-details-summary-body\">\n<p>S\u00ed, <a href=\"https:\/\/www.mycover-protection.com\/produkt\/mycover-premium-outdoor\/\">las Cubiertas para moto<\/a> de alta calidad, como la MYCOVER\u00ae lona son una alternativa flexible y segura. Son m\u00e1s compactas, protegen igual de bien de la lluvia, los rayos UV y la suciedad, y son f\u00e1ciles de guardar, sin necesidad de montaje ni autorizaci\u00f3n. <\/p>\n<\/div>\n<\/details>\n\n<details class=\"wp-block-webfluence-blocks-details-summary\">\n<summary class=\"wp-block-webfluence-blocks-details-summary-title\">\n<h3 class=\"wp-block-heading is-style-not-underlined\">\u00bfEst\u00e1 sujeto a autorizaci\u00f3n un garaje tienda?<\/h3>\n<\/summary>\n\n\n\n<div class=\"wp-block-webfluence-blocks-details-summary-body\">\n<p>Depende del tama\u00f1o, la ubicaci\u00f3n y las normas de construcci\u00f3n. Los garajes tienda peque\u00f1os y m\u00f3viles suelen considerarse estructuras temporales y no requieren autorizaci\u00f3n. Sin embargo, para un uso permanente o de gran formato, puede ser necesaria una autorizaci\u00f3n, sobre todo en espacios p\u00fablicos o de alquiler.  <\/p>\n<\/div>\n<\/details>\n\n<details class=\"wp-block-webfluence-blocks-details-summary\">\n<summary class=\"wp-block-webfluence-blocks-details-summary-title\">\n<h3 class=\"wp-block-heading is-style-not-underlined\">\u00bfQu\u00e9 hay que tener en cuenta al ventilar los garajes tienda?<\/h3>\n<\/summary>\n\n\n\n<div class=\"wp-block-webfluence-blocks-details-summary-body\">\n<p>Sin ventilaci\u00f3n suficiente, la humedad se acumula, lo que puede provocar oxidaci\u00f3n. Por tanto, aseg\u00farate de que tiene ranuras de ventilaci\u00f3n integradas o ventilaci\u00f3n regular, o bien utiliza una <a href=\"https:\/\/www.mycover-protection.com\/produkt\/mycover-premium-outdoor\/\">Funda<\/a> transpirable que evacue la humedad. <\/p>\n<\/div>\n<\/details>\n\n<details class=\"wp-block-webfluence-blocks-details-summary\">\n<summary class=\"wp-block-webfluence-blocks-details-summary-title\">\n<h3 class=\"wp-block-heading is-style-not-underlined\">\u00bfCu\u00e1nto duran de media los talleres m\u00f3viles para motos?<\/h3>\n<\/summary>\n\n\n\n<div class=\"wp-block-webfluence-blocks-details-summary-body\">\n<p>La vida \u00fatil depende mucho del material y del cuidado. Los modelos baratos suelen durar s\u00f3lo 1-2 a\u00f1os, mientras que los de alta calidad pueden utilizarse 5 a\u00f1os o m\u00e1s si se cuidan bien. La protecci\u00f3n contra los rayos UV, la resistencia al desgarro y la estabilidad son cruciales.  <\/p>\n<\/div>\n<\/details>\n\n<div class=\"wp-block-columns alignwide are-vertically-aligned-center is-layout-flex wp-container-core-columns-is-layout-9d6595d7 wp-block-columns-is-layout-flex\">\n<div class=\"wp-block-column is-layout-flow wp-block-column-is-layout-flow\">\n<div style=\"height:40px\" aria-hidden=\"true\" class=\"wp-block-spacer\"><\/div>\n<\/div>\n<\/div>\n\n<hr class=\"wp-block-separator has-alpha-channel-opacity\"\/>\n\n<div class=\"wp-block-group wfa-reusable-group-all-mycover-products has-black-color has-text-color has-link-color wp-elements-c1312bad93eb8a2600e1f9cc1456014e\"><div class=\"wp-block-group__inner-container is-layout-constrained wp-block-group-is-layout-constrained\">\n<p class=\"has-text-align-center wfa-reusable-group-all-mycover-products__title has-large-font-size\"><strong>Todos MYCOVER\u00ae-Productos<\/strong><\/p>\n\n\n\n<div class=\"wp-block-cb-carousel-v2 cb-carousel-block\" data-cb-slides-per-view=\"2\" data-cb-slides-per-group=\"1\" data-cb-space-between=\"0\" data-cb-speed=\"200\" data-cb-navigation=\"true\" data-cb-breakpoints=\"{&quot;768&quot;:{&quot;slidesPerView&quot;:4,&quot;slidesPerGroup&quot;:1}}\"><div class=\"swiper\"><div class=\"cb-wrapper swiper-wrapper\">\n<div class=\"wp-block-cb-slide-v2 cb-slide swiper-slide\">\n<div class=\"wp-block-group\"><div class=\"wp-block-group__inner-container is-layout-constrained wp-block-group-is-layout-constrained\">\n<figure class=\"wp-block-image size-large\"><img decoding=\"async\" width=\"1024\" height=\"1024\" src=\"https:\/\/www.mycover-protection.com\/wp-content\/uploads\/2022\/11\/Motorrad_abdeckplane_outdoor-1024x1024.jpg\" alt=\"Funda para moto exterior\" class=\"wp-image-22125\" srcset=\"https:\/\/www.mycover-protection.com\/wp-content\/uploads\/2022\/11\/Motorrad_abdeckplane_outdoor-1024x1024.jpg 1024w, https:\/\/www.mycover-protection.com\/wp-content\/uploads\/2022\/11\/Motorrad_abdeckplane_outdoor-300x300.jpg 300w, https:\/\/www.mycover-protection.com\/wp-content\/uploads\/2022\/11\/Motorrad_abdeckplane_outdoor-150x150.jpg 150w, https:\/\/www.mycover-protection.com\/wp-content\/uploads\/2022\/11\/Motorrad_abdeckplane_outdoor-768x768.jpg 768w, https:\/\/www.mycover-protection.com\/wp-content\/uploads\/2022\/11\/Motorrad_abdeckplane_outdoor-270x270.jpg 270w, https:\/\/www.mycover-protection.com\/wp-content\/uploads\/2022\/11\/Motorrad_abdeckplane_outdoor-800x800.jpg 800w, https:\/\/www.mycover-protection.com\/wp-content\/uploads\/2022\/11\/Motorrad_abdeckplane_outdoor-200x200.jpg 200w, https:\/\/www.mycover-protection.com\/wp-content\/uploads\/2022\/11\/Motorrad_abdeckplane_outdoor.jpg 1200w\" sizes=\"(max-width: 1024px) 100vw, 1024px\" \/><\/figure>\n\n\n\n<p><a href=\"https:\/\/www.mycover-protection.com\/es\/produkt\/mycover-funda-para-moto-exterior-premium\/\"><strong>Funda para moto exterior<\/strong><\/a><\/p>\n<\/div><\/div>\n<\/div>\n\n\n\n<div class=\"wp-block-cb-slide-v2 cb-slide swiper-slide\">\n<div class=\"wp-block-group\"><div class=\"wp-block-group__inner-container is-layout-constrained wp-block-group-is-layout-constrained\">\n<figure class=\"wp-block-image size-full\"><img decoding=\"async\" width=\"800\" height=\"800\" src=\"https:\/\/www.mycover-protection.com\/wp-content\/uploads\/2023\/01\/Motorrad-abdeckplane-chopper.png\" alt=\"Funda exterior Chopper\" class=\"wp-image-21485\" srcset=\"https:\/\/www.mycover-protection.com\/wp-content\/uploads\/2023\/01\/Motorrad-abdeckplane-chopper.png 800w, https:\/\/www.mycover-protection.com\/wp-content\/uploads\/2023\/01\/Motorrad-abdeckplane-chopper-300x300.png 300w, https:\/\/www.mycover-protection.com\/wp-content\/uploads\/2023\/01\/Motorrad-abdeckplane-chopper-150x150.png 150w, https:\/\/www.mycover-protection.com\/wp-content\/uploads\/2023\/01\/Motorrad-abdeckplane-chopper-768x768.png 768w, https:\/\/www.mycover-protection.com\/wp-content\/uploads\/2023\/01\/Motorrad-abdeckplane-chopper-270x270.png 270w, https:\/\/www.mycover-protection.com\/wp-content\/uploads\/2023\/01\/Motorrad-abdeckplane-chopper-200x200.png 200w\" sizes=\"(max-width: 800px) 100vw, 800px\" \/><\/figure>\n\n\n\n<p><a href=\"https:\/\/www.mycover-protection.com\/es\/produkt\/mycover-funda-exterior-premium-para-chopper\/\"><strong>Funda exterior Chopper<\/strong><\/a><\/p>\n<\/div><\/div>\n<\/div>\n\n\n\n<div class=\"wp-block-cb-slide-v2 cb-slide swiper-slide\">\n<div class=\"wp-block-group\"><div class=\"wp-block-group__inner-container is-layout-constrained wp-block-group-is-layout-constrained\">\n<figure class=\"wp-block-image size-full\"><img decoding=\"async\" width=\"800\" height=\"800\" src=\"https:\/\/www.mycover-protection.com\/wp-content\/uploads\/2023\/01\/Motorrad-Abdeckplane-Topcase.png\" alt=\"Funda para Scooter con top case\" class=\"wp-image-21482\" srcset=\"https:\/\/www.mycover-protection.com\/wp-content\/uploads\/2023\/01\/Motorrad-Abdeckplane-Topcase.png 800w, https:\/\/www.mycover-protection.com\/wp-content\/uploads\/2023\/01\/Motorrad-Abdeckplane-Topcase-300x300.png 300w, https:\/\/www.mycover-protection.com\/wp-content\/uploads\/2023\/01\/Motorrad-Abdeckplane-Topcase-150x150.png 150w, https:\/\/www.mycover-protection.com\/wp-content\/uploads\/2023\/01\/Motorrad-Abdeckplane-Topcase-768x768.png 768w, https:\/\/www.mycover-protection.com\/wp-content\/uploads\/2023\/01\/Motorrad-Abdeckplane-Topcase-270x270.png 270w, https:\/\/www.mycover-protection.com\/wp-content\/uploads\/2023\/01\/Motorrad-Abdeckplane-Topcase-200x200.png 200w\" sizes=\"(max-width: 800px) 100vw, 800px\" \/><\/figure>\n\n\n\n<p><a href=\"https:\/\/www.mycover-protection.com\/es\/produkt\/mycover-funda-exterior-premium-para-scooter\/\"><strong>Funda Scooter exterior<\/strong><\/a><\/p>\n<\/div><\/div>\n<\/div>\n\n\n\n<div class=\"wp-block-cb-slide-v2 cb-slide swiper-slide\">\n<div class=\"wp-block-group\"><div class=\"wp-block-group__inner-container is-layout-constrained wp-block-group-is-layout-constrained\">\n<figure class=\"wp-block-image size-full\"><img decoding=\"async\" width=\"800\" height=\"800\" src=\"https:\/\/www.mycover-protection.com\/wp-content\/uploads\/2022\/07\/Motorrrad-Abdeckplane-Indoor-Stoff.png\" alt=\"Funda para moto Interior blando\" class=\"wp-image-20162\" srcset=\"https:\/\/www.mycover-protection.com\/wp-content\/uploads\/2022\/07\/Motorrrad-Abdeckplane-Indoor-Stoff.png 800w, https:\/\/www.mycover-protection.com\/wp-content\/uploads\/2022\/07\/Motorrrad-Abdeckplane-Indoor-Stoff-300x300.png 300w, https:\/\/www.mycover-protection.com\/wp-content\/uploads\/2022\/07\/Motorrrad-Abdeckplane-Indoor-Stoff-150x150.png 150w, https:\/\/www.mycover-protection.com\/wp-content\/uploads\/2022\/07\/Motorrrad-Abdeckplane-Indoor-Stoff-768x768.png 768w, https:\/\/www.mycover-protection.com\/wp-content\/uploads\/2022\/07\/Motorrrad-Abdeckplane-Indoor-Stoff-270x270.png 270w, https:\/\/www.mycover-protection.com\/wp-content\/uploads\/2022\/07\/Motorrrad-Abdeckplane-Indoor-Stoff-200x200.png 200w\" sizes=\"(max-width: 800px) 100vw, 800px\" \/><\/figure>\n\n\n\n<p><a href=\"https:\/\/www.mycover-protection.com\/es\/produkt\/mycover-funda-para-moto-de-interior-premium\/\"><strong>Funda para moto de interior<\/strong><\/a><\/p>\n<\/div><\/div>\n<\/div>\n<\/div><\/div><div class=\"cb-button-prev swiper-button-prev\"><\/div><div class=\"cb-button-next swiper-button-next\"><\/div><\/div>\n\n\n\n<p class=\"has-text-align-center wfa-reusable-group-all-mycover-products__category-links has-small-font-size\"><a href=\"https:\/\/www.mycover-protection.com\/es\/produkt-kategorie\/cubiertas-para-moto\/\">Cubiertas para moto<\/a> &#8211; <a href=\"https:\/\/www.mycover-protection.com\/es\/produkt-kategorie\/cubiertas-para-scooter\/\">Cubiertas para scooter<\/a><\/p>\n<\/div><\/div>\n\n<p><\/p>\n","protected":false},"excerpt":{"rendered":"<p>Mucha gente lo sabe, demasiado poco espacio. \u00bfTu moto est\u00e1 simplemente aparcada en la puerta de tu casa, sin protecci\u00f3n contra el robo o las inclemencias del tiempo? Un garaje para moto puede ayudarte a conseguirlo. No es s\u00f3lo un refugio, sino tambi\u00e9n una inversi\u00f3n en la longevidad de tu moto. Los garajes plegables y [&#8230;]<\/p>\n","protected":false},"author":1018,"featured_media":51227,"comment_status":"closed","ping_status":"open","sticky":false,"template":"templates\/long-form-small.php","format":"standard","meta":{"footnotes":""},"categories":[585],"tags":[],"class_list":["post-44381","post","type-post","status-publish","format-standard","has-post-thumbnail","hentry","category-sin-categorizar"],"yoast_head":"<!-- This site is optimized with the Yoast SEO plugin v27.4 - https:\/\/yoast.com\/product\/yoast-seo-wordpress\/ -->\n<title>Tienda garaje para moto - protecci\u00f3n sensata en la prueba<\/title>\n<meta name=\"description\" content=\"Descubre las ventajas e inconvenientes del garaje plegable o tienda de campa\u00f1a. Flexible, resistente a la intemperie y f\u00e1cil de montar.\" \/>\n<meta name=\"robots\" content=\"index, follow, max-snippet:-1, max-image-preview:large, max-video-preview:-1\" \/>\n<link rel=\"canonical\" href=\"https:\/\/www.mycover-protection.com\/es\/magazin\/garajes-para-motos-son-los-garajes-plegables-o-de-tienda-la-solucion-ideal\/\" \/>\n<meta property=\"og:locale\" content=\"es_ES\" \/>\n<meta property=\"og:type\" content=\"article\" \/>\n<meta property=\"og:title\" content=\"Tienda garaje para moto - protecci\u00f3n sensata en la prueba\" \/>\n<meta property=\"og:description\" content=\"Descubre las ventajas e inconvenientes del garaje plegable o tienda de campa\u00f1a. Flexible, resistente a la intemperie y f\u00e1cil de montar.\" \/>\n<meta property=\"og:url\" content=\"https:\/\/www.mycover-protection.com\/es\/magazin\/garajes-para-motos-son-los-garajes-plegables-o-de-tienda-la-solucion-ideal\/\" \/>\n<meta property=\"og:site_name\" content=\"MYCOVER\u00ae Online Shop\" \/>\n<meta property=\"article:publisher\" content=\"https:\/\/www.facebook.com\/Mycover-114242613377158\/\" \/>\n<meta property=\"article:published_time\" content=\"2025-04-02T12:34:31+00:00\" \/>\n<meta property=\"article:modified_time\" content=\"2025-07-24T14:44:56+00:00\" \/>\n<meta property=\"og:image\" content=\"https:\/\/www.mycover-protection.com\/wp-content\/uploads\/2024\/09\/Motorrad_Faltgarage_wetterfest-1024x683.png\" \/>\n\t<meta property=\"og:image:width\" content=\"1024\" \/>\n\t<meta property=\"og:image:height\" content=\"683\" \/>\n\t<meta property=\"og:image:type\" content=\"image\/png\" \/>\n<meta name=\"author\" content=\"Nina Marten\" \/>\n<meta name=\"twitter:card\" content=\"summary_large_image\" \/>\n<meta name=\"twitter:label1\" content=\"Escrito por\" \/>\n\t<meta name=\"twitter:data1\" content=\"Nina Marten\" \/>\n\t<meta name=\"twitter:label2\" content=\"Tiempo de lectura\" \/>\n\t<meta name=\"twitter:data2\" content=\"13 minutos\" \/>\n<script type=\"application\/ld+json\" class=\"yoast-schema-graph\">{\"@context\":\"https:\\\/\\\/schema.org\",\"@graph\":[{\"@type\":\"Article\",\"@id\":\"https:\\\/\\\/www.mycover-protection.com\\\/es\\\/magazin\\\/garajes-para-motos-son-los-garajes-plegables-o-de-tienda-la-solucion-ideal\\\/#article\",\"isPartOf\":{\"@id\":\"https:\\\/\\\/www.mycover-protection.com\\\/es\\\/magazin\\\/garajes-para-motos-son-los-garajes-plegables-o-de-tienda-la-solucion-ideal\\\/\"},\"author\":{\"name\":\"Nina Marten\",\"@id\":\"https:\\\/\\\/www.mycover-protection.com\\\/es\\\/#\\\/schema\\\/person\\\/7206415fa2df9f65e36dff37f9d5c65b\"},\"headline\":\"Garaje para moto: \u00bfson los garajes plegables o de tienda la soluci\u00f3n ideal?\",\"datePublished\":\"2025-04-02T12:34:31+00:00\",\"dateModified\":\"2025-07-24T14:44:56+00:00\",\"mainEntityOfPage\":{\"@id\":\"https:\\\/\\\/www.mycover-protection.com\\\/es\\\/magazin\\\/garajes-para-motos-son-los-garajes-plegables-o-de-tienda-la-solucion-ideal\\\/\"},\"wordCount\":2660,\"publisher\":{\"@id\":\"https:\\\/\\\/www.mycover-protection.com\\\/es\\\/#organization\"},\"image\":{\"@id\":\"https:\\\/\\\/www.mycover-protection.com\\\/es\\\/magazin\\\/garajes-para-motos-son-los-garajes-plegables-o-de-tienda-la-solucion-ideal\\\/#primaryimage\"},\"thumbnailUrl\":\"https:\\\/\\\/www.mycover-protection.com\\\/wp-content\\\/uploads\\\/2024\\\/09\\\/Motorrad_Faltgarage_wetterfest.png\",\"articleSection\":[\"Sin categorizar\"],\"inLanguage\":\"es\"},{\"@type\":\"WebPage\",\"@id\":\"https:\\\/\\\/www.mycover-protection.com\\\/es\\\/magazin\\\/garajes-para-motos-son-los-garajes-plegables-o-de-tienda-la-solucion-ideal\\\/\",\"url\":\"https:\\\/\\\/www.mycover-protection.com\\\/es\\\/magazin\\\/garajes-para-motos-son-los-garajes-plegables-o-de-tienda-la-solucion-ideal\\\/\",\"name\":\"Tienda garaje para moto - protecci\u00f3n sensata en la prueba\",\"isPartOf\":{\"@id\":\"https:\\\/\\\/www.mycover-protection.com\\\/es\\\/#website\"},\"primaryImageOfPage\":{\"@id\":\"https:\\\/\\\/www.mycover-protection.com\\\/es\\\/magazin\\\/garajes-para-motos-son-los-garajes-plegables-o-de-tienda-la-solucion-ideal\\\/#primaryimage\"},\"image\":{\"@id\":\"https:\\\/\\\/www.mycover-protection.com\\\/es\\\/magazin\\\/garajes-para-motos-son-los-garajes-plegables-o-de-tienda-la-solucion-ideal\\\/#primaryimage\"},\"thumbnailUrl\":\"https:\\\/\\\/www.mycover-protection.com\\\/wp-content\\\/uploads\\\/2024\\\/09\\\/Motorrad_Faltgarage_wetterfest.png\",\"datePublished\":\"2025-04-02T12:34:31+00:00\",\"dateModified\":\"2025-07-24T14:44:56+00:00\",\"description\":\"Descubre las ventajas e inconvenientes del garaje plegable o tienda de campa\u00f1a. Flexible, resistente a la intemperie y f\u00e1cil de montar.\",\"breadcrumb\":{\"@id\":\"https:\\\/\\\/www.mycover-protection.com\\\/es\\\/magazin\\\/garajes-para-motos-son-los-garajes-plegables-o-de-tienda-la-solucion-ideal\\\/#breadcrumb\"},\"inLanguage\":\"es\",\"potentialAction\":[{\"@type\":\"ReadAction\",\"target\":[\"https:\\\/\\\/www.mycover-protection.com\\\/es\\\/magazin\\\/garajes-para-motos-son-los-garajes-plegables-o-de-tienda-la-solucion-ideal\\\/\"]}]},{\"@type\":\"ImageObject\",\"inLanguage\":\"es\",\"@id\":\"https:\\\/\\\/www.mycover-protection.com\\\/es\\\/magazin\\\/garajes-para-motos-son-los-garajes-plegables-o-de-tienda-la-solucion-ideal\\\/#primaryimage\",\"url\":\"https:\\\/\\\/www.mycover-protection.com\\\/wp-content\\\/uploads\\\/2024\\\/09\\\/Motorrad_Faltgarage_wetterfest.png\",\"contentUrl\":\"https:\\\/\\\/www.mycover-protection.com\\\/wp-content\\\/uploads\\\/2024\\\/09\\\/Motorrad_Faltgarage_wetterfest.png\",\"width\":1536,\"height\":1024,\"caption\":\"Dieses Bild wurde mit AI generiert\"},{\"@type\":\"BreadcrumbList\",\"@id\":\"https:\\\/\\\/www.mycover-protection.com\\\/es\\\/magazin\\\/garajes-para-motos-son-los-garajes-plegables-o-de-tienda-la-solucion-ideal\\\/#breadcrumb\",\"itemListElement\":[{\"@type\":\"ListItem\",\"position\":1,\"name\":\"Startseite\",\"item\":\"https:\\\/\\\/www.mycover-protection.com\\\/es\\\/\"},{\"@type\":\"ListItem\",\"position\":2,\"name\":\"Garaje para moto: \u00bfson los garajes plegables o de tienda la soluci\u00f3n ideal?\"}]},{\"@type\":\"WebSite\",\"@id\":\"https:\\\/\\\/www.mycover-protection.com\\\/es\\\/#website\",\"url\":\"https:\\\/\\\/www.mycover-protection.com\\\/es\\\/\",\"name\":\"MYCOVER\u00ae Online Shop\",\"description\":\"Protection at its finest\",\"publisher\":{\"@id\":\"https:\\\/\\\/www.mycover-protection.com\\\/es\\\/#organization\"},\"potentialAction\":[{\"@type\":\"SearchAction\",\"target\":{\"@type\":\"EntryPoint\",\"urlTemplate\":\"https:\\\/\\\/www.mycover-protection.com\\\/es\\\/?s={search_term_string}\"},\"query-input\":{\"@type\":\"PropertyValueSpecification\",\"valueRequired\":true,\"valueName\":\"search_term_string\"}}],\"inLanguage\":\"es\"},{\"@type\":\"Organization\",\"@id\":\"https:\\\/\\\/www.mycover-protection.com\\\/es\\\/#organization\",\"name\":\"MYCOVER\u00ae - PROTECTION AT ITS FINEST\",\"url\":\"https:\\\/\\\/www.mycover-protection.com\\\/es\\\/\",\"logo\":{\"@type\":\"ImageObject\",\"inLanguage\":\"es\",\"@id\":\"https:\\\/\\\/www.mycover-protection.com\\\/es\\\/#\\\/schema\\\/logo\\\/image\\\/\",\"url\":\"https:\\\/\\\/www.mycover-protection.com\\\/wp-content\\\/uploads\\\/2020\\\/01\\\/PAYPAL_190x60_mycover-white.jpg\",\"contentUrl\":\"https:\\\/\\\/www.mycover-protection.com\\\/wp-content\\\/uploads\\\/2020\\\/01\\\/PAYPAL_190x60_mycover-white.jpg\",\"width\":190,\"height\":60,\"caption\":\"MYCOVER\u00ae - PROTECTION AT ITS FINEST\"},\"image\":{\"@id\":\"https:\\\/\\\/www.mycover-protection.com\\\/es\\\/#\\\/schema\\\/logo\\\/image\\\/\"},\"sameAs\":[\"https:\\\/\\\/www.facebook.com\\\/Mycover-114242613377158\\\/\"]},{\"@type\":\"Person\",\"@id\":\"https:\\\/\\\/www.mycover-protection.com\\\/es\\\/#\\\/schema\\\/person\\\/7206415fa2df9f65e36dff37f9d5c65b\",\"name\":\"Nina Marten\"}]}<\/script>\n<!-- \/ Yoast SEO plugin. -->","yoast_head_json":{"title":"Tienda garaje para moto - protecci\u00f3n sensata en la prueba","description":"Descubre las ventajas e inconvenientes del garaje plegable o tienda de campa\u00f1a. Flexible, resistente a la intemperie y f\u00e1cil de montar.","robots":{"index":"index","follow":"follow","max-snippet":"max-snippet:-1","max-image-preview":"max-image-preview:large","max-video-preview":"max-video-preview:-1"},"canonical":"https:\/\/www.mycover-protection.com\/es\/magazin\/garajes-para-motos-son-los-garajes-plegables-o-de-tienda-la-solucion-ideal\/","og_locale":"es_ES","og_type":"article","og_title":"Tienda garaje para moto - protecci\u00f3n sensata en la prueba","og_description":"Descubre las ventajas e inconvenientes del garaje plegable o tienda de campa\u00f1a. Flexible, resistente a la intemperie y f\u00e1cil de montar.","og_url":"https:\/\/www.mycover-protection.com\/es\/magazin\/garajes-para-motos-son-los-garajes-plegables-o-de-tienda-la-solucion-ideal\/","og_site_name":"MYCOVER\u00ae Online Shop","article_publisher":"https:\/\/www.facebook.com\/Mycover-114242613377158\/","article_published_time":"2025-04-02T12:34:31+00:00","article_modified_time":"2025-07-24T14:44:56+00:00","og_image":[{"width":1024,"height":683,"url":"https:\/\/www.mycover-protection.com\/wp-content\/uploads\/2024\/09\/Motorrad_Faltgarage_wetterfest-1024x683.png","type":"image\/png"}],"author":"Nina Marten","twitter_card":"summary_large_image","twitter_misc":{"Escrito por":"Nina Marten","Tiempo de lectura":"13 minutos"},"schema":{"@context":"https:\/\/schema.org","@graph":[{"@type":"Article","@id":"https:\/\/www.mycover-protection.com\/es\/magazin\/garajes-para-motos-son-los-garajes-plegables-o-de-tienda-la-solucion-ideal\/#article","isPartOf":{"@id":"https:\/\/www.mycover-protection.com\/es\/magazin\/garajes-para-motos-son-los-garajes-plegables-o-de-tienda-la-solucion-ideal\/"},"author":{"name":"Nina Marten","@id":"https:\/\/www.mycover-protection.com\/es\/#\/schema\/person\/7206415fa2df9f65e36dff37f9d5c65b"},"headline":"Garaje para moto: \u00bfson los garajes plegables o de tienda la soluci\u00f3n ideal?","datePublished":"2025-04-02T12:34:31+00:00","dateModified":"2025-07-24T14:44:56+00:00","mainEntityOfPage":{"@id":"https:\/\/www.mycover-protection.com\/es\/magazin\/garajes-para-motos-son-los-garajes-plegables-o-de-tienda-la-solucion-ideal\/"},"wordCount":2660,"publisher":{"@id":"https:\/\/www.mycover-protection.com\/es\/#organization"},"image":{"@id":"https:\/\/www.mycover-protection.com\/es\/magazin\/garajes-para-motos-son-los-garajes-plegables-o-de-tienda-la-solucion-ideal\/#primaryimage"},"thumbnailUrl":"https:\/\/www.mycover-protection.com\/wp-content\/uploads\/2024\/09\/Motorrad_Faltgarage_wetterfest.png","articleSection":["Sin categorizar"],"inLanguage":"es"},{"@type":"WebPage","@id":"https:\/\/www.mycover-protection.com\/es\/magazin\/garajes-para-motos-son-los-garajes-plegables-o-de-tienda-la-solucion-ideal\/","url":"https:\/\/www.mycover-protection.com\/es\/magazin\/garajes-para-motos-son-los-garajes-plegables-o-de-tienda-la-solucion-ideal\/","name":"Tienda garaje para moto - protecci\u00f3n sensata en la prueba","isPartOf":{"@id":"https:\/\/www.mycover-protection.com\/es\/#website"},"primaryImageOfPage":{"@id":"https:\/\/www.mycover-protection.com\/es\/magazin\/garajes-para-motos-son-los-garajes-plegables-o-de-tienda-la-solucion-ideal\/#primaryimage"},"image":{"@id":"https:\/\/www.mycover-protection.com\/es\/magazin\/garajes-para-motos-son-los-garajes-plegables-o-de-tienda-la-solucion-ideal\/#primaryimage"},"thumbnailUrl":"https:\/\/www.mycover-protection.com\/wp-content\/uploads\/2024\/09\/Motorrad_Faltgarage_wetterfest.png","datePublished":"2025-04-02T12:34:31+00:00","dateModified":"2025-07-24T14:44:56+00:00","description":"Descubre las ventajas e inconvenientes del garaje plegable o tienda de campa\u00f1a. Flexible, resistente a la intemperie y f\u00e1cil de montar.","breadcrumb":{"@id":"https:\/\/www.mycover-protection.com\/es\/magazin\/garajes-para-motos-son-los-garajes-plegables-o-de-tienda-la-solucion-ideal\/#breadcrumb"},"inLanguage":"es","potentialAction":[{"@type":"ReadAction","target":["https:\/\/www.mycover-protection.com\/es\/magazin\/garajes-para-motos-son-los-garajes-plegables-o-de-tienda-la-solucion-ideal\/"]}]},{"@type":"ImageObject","inLanguage":"es","@id":"https:\/\/www.mycover-protection.com\/es\/magazin\/garajes-para-motos-son-los-garajes-plegables-o-de-tienda-la-solucion-ideal\/#primaryimage","url":"https:\/\/www.mycover-protection.com\/wp-content\/uploads\/2024\/09\/Motorrad_Faltgarage_wetterfest.png","contentUrl":"https:\/\/www.mycover-protection.com\/wp-content\/uploads\/2024\/09\/Motorrad_Faltgarage_wetterfest.png","width":1536,"height":1024,"caption":"Dieses Bild wurde mit AI generiert"},{"@type":"BreadcrumbList","@id":"https:\/\/www.mycover-protection.com\/es\/magazin\/garajes-para-motos-son-los-garajes-plegables-o-de-tienda-la-solucion-ideal\/#breadcrumb","itemListElement":[{"@type":"ListItem","position":1,"name":"Startseite","item":"https:\/\/www.mycover-protection.com\/es\/"},{"@type":"ListItem","position":2,"name":"Garaje para moto: \u00bfson los garajes plegables o de tienda la soluci\u00f3n ideal?"}]},{"@type":"WebSite","@id":"https:\/\/www.mycover-protection.com\/es\/#website","url":"https:\/\/www.mycover-protection.com\/es\/","name":"MYCOVER\u00ae Online Shop","description":"Protection at its finest","publisher":{"@id":"https:\/\/www.mycover-protection.com\/es\/#organization"},"potentialAction":[{"@type":"SearchAction","target":{"@type":"EntryPoint","urlTemplate":"https:\/\/www.mycover-protection.com\/es\/?s={search_term_string}"},"query-input":{"@type":"PropertyValueSpecification","valueRequired":true,"valueName":"search_term_string"}}],"inLanguage":"es"},{"@type":"Organization","@id":"https:\/\/www.mycover-protection.com\/es\/#organization","name":"MYCOVER\u00ae - PROTECTION AT ITS FINEST","url":"https:\/\/www.mycover-protection.com\/es\/","logo":{"@type":"ImageObject","inLanguage":"es","@id":"https:\/\/www.mycover-protection.com\/es\/#\/schema\/logo\/image\/","url":"https:\/\/www.mycover-protection.com\/wp-content\/uploads\/2020\/01\/PAYPAL_190x60_mycover-white.jpg","contentUrl":"https:\/\/www.mycover-protection.com\/wp-content\/uploads\/2020\/01\/PAYPAL_190x60_mycover-white.jpg","width":190,"height":60,"caption":"MYCOVER\u00ae - PROTECTION AT ITS FINEST"},"image":{"@id":"https:\/\/www.mycover-protection.com\/es\/#\/schema\/logo\/image\/"},"sameAs":["https:\/\/www.facebook.com\/Mycover-114242613377158\/"]},{"@type":"Person","@id":"https:\/\/www.mycover-protection.com\/es\/#\/schema\/person\/7206415fa2df9f65e36dff37f9d5c65b","name":"Nina Marten"}]}},"_links":{"self":[{"href":"https:\/\/www.mycover-protection.com\/es\/wp-json\/wp\/v2\/posts\/44381","targetHints":{"allow":["GET"]}}],"collection":[{"href":"https:\/\/www.mycover-protection.com\/es\/wp-json\/wp\/v2\/posts"}],"about":[{"href":"https:\/\/www.mycover-protection.com\/es\/wp-json\/wp\/v2\/types\/post"}],"author":[{"embeddable":true,"href":"https:\/\/www.mycover-protection.com\/es\/wp-json\/wp\/v2\/users\/1018"}],"replies":[{"embeddable":true,"href":"https:\/\/www.mycover-protection.com\/es\/wp-json\/wp\/v2\/comments?post=44381"}],"version-history":[{"count":20,"href":"https:\/\/www.mycover-protection.com\/es\/wp-json\/wp\/v2\/posts\/44381\/revisions"}],"predecessor-version":[{"id":56207,"href":"https:\/\/www.mycover-protection.com\/es\/wp-json\/wp\/v2\/posts\/44381\/revisions\/56207"}],"wp:featuredmedia":[{"embeddable":true,"href":"https:\/\/www.mycover-protection.com\/es\/wp-json\/wp\/v2\/media\/51227"}],"wp:attachment":[{"href":"https:\/\/www.mycover-protection.com\/es\/wp-json\/wp\/v2\/media?parent=44381"}],"wp:term":[{"taxonomy":"category","embeddable":true,"href":"https:\/\/www.mycover-protection.com\/es\/wp-json\/wp\/v2\/categories?post=44381"},{"taxonomy":"post_tag","embeddable":true,"href":"https:\/\/www.mycover-protection.com\/es\/wp-json\/wp\/v2\/tags?post=44381"}],"curies":[{"name":"wp","href":"https:\/\/api.w.org\/{rel}","templated":true}]}}