{"id":17540,"date":"2022-05-09T13:18:32","date_gmt":"2022-05-09T12:18:32","guid":{"rendered":"https:\/\/www.mycover-protection.com\/magazin\/bache-de-protection-pour-moto-resistante-a-lhiver-comment-passer-lhiver-en-toute-securite\/"},"modified":"2026-03-24T11:33:10","modified_gmt":"2026-03-24T10:33:10","slug":"bache-de-protection-pour-moto-resistante-a-lhiver-comment-passer-lhiver-en-toute-securite","status":"publish","type":"post","link":"https:\/\/www.mycover-protection.com\/fr\/magazin\/bache-de-protection-pour-moto-resistante-a-lhiver-comment-passer-lhiver-en-toute-securite\/","title":{"rendered":"Housse moto r\u00e9sistante \u00e0 l&rsquo;hiver&nbsp;: S\u00fbre et sans souci lorsque les temp\u00e9ratures chutent \u2744\ufe0f"},"content":{"rendered":"\n<div class=\"wp-block-group is-content-intro\"><div class=\"wp-block-group__inner-container is-layout-flow wp-block-group-is-layout-flow\">\n<p>De nombreux motocyclistes ne peuvent pas garer leur moto dans un garage en hiver. Elle reste dehors, expos\u00e9e au froid, \u00e0 l\u2019humidit\u00e9 et au sel. Il en r\u00e9sulte de la rouille, des d\u00e9g\u00e2ts dus au gel et des r\u00e9parations co\u00fbteuses. C\u2019est pr\u00e9cis\u00e9ment pour cette raison que beaucoup misent sur une housse moto hivernale, qui prot\u00e8ge la moto contre les dommages typiques de l\u2019hiver.   <\/p>\n\n\n\n<p>Mais \u00e0 quoi faut-il vraiment faire attention lors de l\u2019achat d\u2019une housse moto pour l\u2019hiver ? Toutes les housses ne tiennent pas leurs promesses. Ici, vous apprendrez \u00e0 reconna\u00eetre une housse moto hivernale de haute qualit\u00e9 et pourquoi votre moto ne devrait pas rester dehors sans protection en hiver.  <\/p>\n\n\n\n<p>L&rsquo;<a data-type=\"URL\" data-id=\"https:\/\/www.mycover-protection.com\/ueber-uns\/\" href=\"https:\/\/www.mycover-protection.com\/fr\/a-propos-de-nous\/\">\u00e9quipe MYCOVER\u00ae<\/a> vous \u00e9claire !<\/p>\n<\/div><\/div>\n\n<div class=\"wp-block-group is-table-of-contents\"><div class=\"wp-block-group__inner-container is-layout-flow wp-block-group-is-layout-flow\">\n<p class=\"is-table-of-contents__heading\">Table des mati\u00e8res<\/p>\n\n\n\n<ol class=\"wp-block-list\">\n<li><a data-type=\"internal\" data-id=\"#Wie-kann-eine-winterfeste-Motorradabdeckplane-sch&#xFC;tzen\" href=\"#Wie-kann-eine-winterfeste-Motorradabdeckplane-sch%C3%BCtzen\">Comment une housse moto r\u00e9sistante \u00e0 l&rsquo;hiver peut-elle prot\u00e9ger ? <\/a><\/li>\n\n\n\n<li><a href=\"#Worauf-solltest-du-besonders-achten?\">A quoi devez-vous faire particuli\u00e8rement attention ?<\/a><\/li>\n\n\n\n<li><a href=\"#H%C3%A4ufige-Probleme,-die-ohne-geeignete-Winterplane-am-Motorrad-auftreten\">Probl\u00e8mes courants sur une moto sans b\u00e2che d&rsquo;hiver adapt\u00e9e<\/a><\/li>\n\n\n\n<li><a href=\"#Nicht-jede-Motorrad-Abdeckplane-ist-winterfest-und-f%C3%BCr-den-Winter-geeignet\">Toutes les housses moto ne sont pas r\u00e9sistantes \u00e0 l&rsquo;hiver et adapt\u00e9es \u00e0 cette saison<\/a><\/li>\n\n\n\n<li><a data-type=\"internal\" data-id=\"#Mit-der-richtigen-Abdeckplane-dein-Motorrad-winterfest-machen\" href=\"#Mit-der-richtigen-Abdeckplane-dein-Motorrad-winterfest-machen\">Housses moto pour l&rsquo;hiver : la bonne solution<\/a><\/li>\n\n\n\n<li><a href=\"#Fragen-zur-winterfesten-Motorradplane\">FAQ &#8211; Questions fr\u00e9quentes sur les housses r\u00e9sistantes \u00e0 l&rsquo;hiver<\/a><\/li>\n<\/ol>\n<\/div><\/div>\n\n<div style=\"height:12px\" aria-hidden=\"true\" class=\"wp-block-spacer\"><\/div>\n\n<figure class=\"wp-block-image size-full\"><img decoding=\"async\" width=\"1536\" height=\"1024\" src=\"https:\/\/www.mycover-protection.com\/wp-content\/uploads\/2022\/02\/Motorrad_Winterschaeden.png.avif\" alt=\"Housses moto r&#xE9;sistantes &#xE0; l'hiver prot&#xE8;ge contre les dommages hivernaux, tels que la neige, le gel et emp&#xEA;che les dommages caus&#xE9;s par la glace, l'humidit&#xE9; et le sel de d&#xE9;neigement.\" class=\"wp-image-64802\" srcset=\"https:\/\/www.mycover-protection.com\/wp-content\/uploads\/2022\/02\/Motorrad_Winterschaeden.png.avif 1536w, https:\/\/www.mycover-protection.com\/wp-content\/uploads\/2022\/02\/Motorrad_Winterschaeden.png-300x200.avif 300w, https:\/\/www.mycover-protection.com\/wp-content\/uploads\/2022\/02\/Motorrad_Winterschaeden.png-1024x683.avif 1024w, https:\/\/www.mycover-protection.com\/wp-content\/uploads\/2022\/02\/Motorrad_Winterschaeden.png-768x512.avif 768w, https:\/\/www.mycover-protection.com\/wp-content\/uploads\/2022\/02\/Motorrad_Winterschaeden.png-400x267.avif 400w, https:\/\/www.mycover-protection.com\/wp-content\/uploads\/2022\/02\/Motorrad_Winterschaeden.png-800x533.avif 800w\" sizes=\"(max-width: 1536px) 100vw, 1536px\" \/><figcaption class=\"wp-element-caption\">Cette image a \u00e9t\u00e9 g\u00e9n\u00e9r\u00e9e avec AI<\/figcaption><\/figure>\n\n<div style=\"height:40px\" aria-hidden=\"true\" class=\"wp-block-spacer\"><\/div>\n\n<h2 class=\"wp-block-heading\" id=\"Wie-kann-eine-winterfeste-Motorradabdeckplane-sch&#xFC;tzen\">Comment une Housse moto r\u00e9sistante \u00e0 l&rsquo;hiver peut-elle prot\u00e9ger ?<\/h2>\n\n<p>Il est indispensable de prot\u00e9ger suffisamment votre moto contre la pluie, la neige et le gel lorsqu&rsquo;elle reste dehors toute l&rsquo;ann\u00e9e. En effet, en hiver, les temp\u00e9ratures chutent souvent drastiquement, avec des valeurs pouvant atteindre -20 \u00b0C, ce qui repr\u00e9sente une contrainte \u00e9norme, non seulement pour la peinture, mais surtout pour l&rsquo;\u00e9lectronique sensible. <\/p>\n\n<p>Sans protection suppl\u00e9mentaire, des dommages co\u00fbteux et permanents peuvent rapidement survenir. Une <g id=\"gid_0\">housse moto<\/g> d&rsquo;hiver offre pr\u00e9cis\u00e9ment la solution id\u00e9ale en prot\u00e9geant votre v\u00e9hicule de mani\u00e8re fiable contre les intemp\u00e9ries. <\/p>\n\n<p>Votre moto restera non seulement au sec, mais aussi prot\u00e9g\u00e9e gr\u00e2ce \u00e0 une Housses moto adapt\u00e9e. Vous passerez ainsi l&rsquo;hiver sans surprises co\u00fbteuses et votre moto sera pr\u00eate pour le prochain d\u00e9but de saison ! En effet, une b\u00e2che d&rsquo;hiver pour moto de qualit\u00e9 ne prot\u00e8ge pas seulement du gel et de la neige, mais pr\u00e9serve \u00e9galement votre v\u00e9hicule de dangers moins \u00e9vidents.  <\/p>\n\n<div style=\"height:50px\" aria-hidden=\"true\" class=\"wp-block-spacer\"><\/div>\n<div data-align-buttons=\"true\" data-block-name=\"woocommerce\/handpicked-products\" data-content-visibility=\"{&quot;image&quot;:true,&quot;title&quot;:true,&quot;price&quot;:true,&quot;rating&quot;:true,&quot;button&quot;:false}\" data-orderby=\"rating\" data-products=\"[20181,32678,17478]\" class=\"wc-block-grid wp-block-handpicked-products wp-block-woocommerce-handpicked-products wc-block-handpicked-products has-3-columns has-multiple-rows has-aligned-buttons\"><ul class=\"wc-block-grid__products\"><li class=\"wc-block-grid__product\"><span class=\"gtm4wp_productdata\" style=\"display:none; visibility:hidden;\" data-gtm4wp_product_data=\"{&quot;internal_id&quot;:17478,&quot;item_id&quot;:&quot;OC-&quot;,&quot;item_name&quot;:&quot;Housse moto MYCOVER\\u00ae Premium Outdoor&quot;,&quot;sku&quot;:&quot;OC-&quot;,&quot;price&quot;:144,&quot;stocklevel&quot;:0,&quot;stockstatus&quot;:&quot;onbackorder&quot;,&quot;google_business_vertical&quot;:&quot;retail&quot;,&quot;item_category&quot;:&quot;Couvertures moto&quot;,&quot;id&quot;:&quot;OC-&quot;,&quot;productlink&quot;:&quot;https:\\\/\\\/www.mycover-protection.com\\\/fr\\\/produkt\\\/mycover-premium-outdoor\\\/&quot;,&quot;item_list_name&quot;:&quot;Liste g\\u00e9n\\u00e9rale des produits&quot;,&quot;index&quot;:0,&quot;product_type&quot;:&quot;variable&quot;,&quot;item_brand&quot;:&quot;&quot;}\"><\/span>\n\t\t\t\t<a href=\"https:\/\/www.mycover-protection.com\/fr\/produkt\/mycover-premium-outdoor\/\" class=\"wc-block-grid__product-link\">\n\t\t\t\t\t\n\t\t\t\t\t<div class=\"wc-block-grid__product-image\"><img decoding=\"async\" width=\"300\" height=\"300\" src=\"https:\/\/www.mycover-protection.com\/wp-content\/uploads\/2025\/11\/housse-moto-exterieur-M-300x300.jpg\" class=\"attachment-woocommerce_thumbnail size-woocommerce_thumbnail\" alt=\"Housses moto Outdoor M+\" srcset=\"https:\/\/www.mycover-protection.com\/wp-content\/uploads\/2025\/11\/housse-moto-exterieur-M-300x300.jpg 300w, https:\/\/www.mycover-protection.com\/wp-content\/uploads\/2025\/11\/housse-moto-exterieur-M-1024x1024.jpg 1024w, https:\/\/www.mycover-protection.com\/wp-content\/uploads\/2025\/11\/housse-moto-exterieur-M-150x150.jpg 150w, https:\/\/www.mycover-protection.com\/wp-content\/uploads\/2025\/11\/housse-moto-exterieur-M-768x768.jpg 768w, https:\/\/www.mycover-protection.com\/wp-content\/uploads\/2025\/11\/housse-moto-exterieur-M-270x270.jpg 270w, https:\/\/www.mycover-protection.com\/wp-content\/uploads\/2025\/11\/housse-moto-exterieur-M-800x800.jpg 800w, https:\/\/www.mycover-protection.com\/wp-content\/uploads\/2025\/11\/housse-moto-exterieur-M-200x200.jpg 200w, https:\/\/www.mycover-protection.com\/wp-content\/uploads\/2025\/11\/housse-moto-exterieur-M.jpg 1500w\" sizes=\"(max-width: 300px) 100vw, 300px\" \/><\/div>\n\t\t\t\t\t<div class=\"wc-block-grid__product-title\">Housse moto MYCOVER\u00ae Premium Outdoor<\/div>\n\t\t\t\t<\/a>\n\t\t\t\t<div class=\"wfa-wc-product-star-rating wfa-wc-block-grid__product-stars\" style=\"--fill:0.986;\" role=\"img\" aria-label=\"Note 4.93 sur 5\"><\/div><div class=\"wc-block-grid__product-price price\"><span class=\"wfa-variable-parent-price-range wfa-variable-parent-price-range--regular\"><del><span class=\"woocommerce-Price-amount amount\" aria-hidden=\"true\">159,00<span class=\"woocommerce-Price-currencySymbol\">&euro;<\/span><\/span> <span aria-hidden=\"true\">\u00a0\u2013\u00a0<\/span> <span class=\"woocommerce-Price-amount amount\" aria-hidden=\"true\">279,00<span class=\"woocommerce-Price-currencySymbol\">&euro;<\/span><\/span><span class=\"screen-reader-text\">Plage de prix\u00a0: 159,00&euro; \u00e0 279,00&euro;<\/span><\/del><\/span><span class=\"wfa-variable-parent-price-range wfa-variable-parent-price-range--sale\"><ins><span class=\"woocommerce-Price-amount amount\" aria-hidden=\"true\">144,00<span class=\"woocommerce-Price-currencySymbol\">&euro;<\/span><\/span> <span aria-hidden=\"true\">\u00a0\u2013\u00a0<\/span> <span class=\"woocommerce-Price-amount amount\" aria-hidden=\"true\">264,00<span class=\"woocommerce-Price-currencySymbol\">&euro;<\/span><\/span><span class=\"screen-reader-text\">Plage de prix\u00a0: 144,00&euro; \u00e0 264,00&euro;<\/span><\/ins><\/span><\/div><div class=\"wfa-wc-block-grid__product-badge-list\" aria-label=\"Caract\u00e9ristiques sp\u00e9ciales\"><p class=\"wfa-wc-block-grid__product-badge\">\ud83c\udfc6 Bestseller<\/p><p class=\"wfa-wc-block-grid__product-badge\">\ud83d\udd25 \u00c9conomisez 15&euro; maintenant !<\/p><p class=\"wfa-wc-block-grid__product-badge\">\u2728 16 Tailles<\/p><\/div>\n\t\t\t\t\n\t\t\t\t\n\t\t\t<\/li><li class=\"wc-block-grid__product\"><span class=\"gtm4wp_productdata\" style=\"display:none; visibility:hidden;\" data-gtm4wp_product_data=\"{&quot;internal_id&quot;:32678,&quot;item_id&quot;:&quot;OC-C-&quot;,&quot;item_name&quot;:&quot;MYCOVER\\u00ae Housse Chopper Premium Outdoor&quot;,&quot;sku&quot;:&quot;OC-C-&quot;,&quot;price&quot;:174,&quot;stocklevel&quot;:0,&quot;stockstatus&quot;:&quot;onbackorder&quot;,&quot;google_business_vertical&quot;:&quot;retail&quot;,&quot;item_category&quot;:&quot;Couvertures moto&quot;,&quot;id&quot;:&quot;OC-C-&quot;,&quot;productlink&quot;:&quot;https:\\\/\\\/www.mycover-protection.com\\\/fr\\\/produkt\\\/mycover-housses-pour-moto-chopper-dexterieur-de-premiere-qualite\\\/&quot;,&quot;item_list_name&quot;:&quot;Liste g\\u00e9n\\u00e9rale des produits&quot;,&quot;index&quot;:0,&quot;product_type&quot;:&quot;variable&quot;,&quot;item_brand&quot;:&quot;&quot;}\"><\/span>\n\t\t\t\t<a href=\"https:\/\/www.mycover-protection.com\/fr\/produkt\/mycover-housses-pour-moto-chopper-dexterieur-de-premiere-qualite\/\" class=\"wc-block-grid__product-link\">\n\t\t\t\t\t\n\t\t\t\t\t<div class=\"wc-block-grid__product-image\"><img decoding=\"async\" width=\"300\" height=\"300\" src=\"https:\/\/www.mycover-protection.com\/wp-content\/uploads\/2025\/04\/housse-chopper-exterieur_C-L-2-300x300.jpg\" class=\"attachment-woocommerce_thumbnail size-woocommerce_thumbnail\" alt=\"Housse Chopper Outdoor C-L++\" srcset=\"https:\/\/www.mycover-protection.com\/wp-content\/uploads\/2025\/04\/housse-chopper-exterieur_C-L-2-300x300.jpg 300w, https:\/\/www.mycover-protection.com\/wp-content\/uploads\/2025\/04\/housse-chopper-exterieur_C-L-2-1024x1024.jpg 1024w, https:\/\/www.mycover-protection.com\/wp-content\/uploads\/2025\/04\/housse-chopper-exterieur_C-L-2-150x150.jpg 150w, https:\/\/www.mycover-protection.com\/wp-content\/uploads\/2025\/04\/housse-chopper-exterieur_C-L-2-768x768.jpg 768w, https:\/\/www.mycover-protection.com\/wp-content\/uploads\/2025\/04\/housse-chopper-exterieur_C-L-2-270x270.jpg 270w, https:\/\/www.mycover-protection.com\/wp-content\/uploads\/2025\/04\/housse-chopper-exterieur_C-L-2-800x800.jpg 800w, https:\/\/www.mycover-protection.com\/wp-content\/uploads\/2025\/04\/housse-chopper-exterieur_C-L-2-200x200.jpg 200w, https:\/\/www.mycover-protection.com\/wp-content\/uploads\/2025\/04\/housse-chopper-exterieur_C-L-2.jpg 1500w\" sizes=\"(max-width: 300px) 100vw, 300px\" \/><\/div>\n\t\t\t\t\t<div class=\"wc-block-grid__product-title\">MYCOVER\u00ae Housse Chopper Premium Outdoor<\/div>\n\t\t\t\t<\/a>\n\t\t\t\t<div class=\"wfa-wc-product-star-rating wfa-wc-block-grid__product-stars\" style=\"--fill:0.962;\" role=\"img\" aria-label=\"Note 4.81 sur 5\"><\/div><div class=\"wc-block-grid__product-price price\"><span class=\"wfa-variable-parent-price-range wfa-variable-parent-price-range--regular\"><del><span class=\"woocommerce-Price-amount amount\" aria-hidden=\"true\">189,00<span class=\"woocommerce-Price-currencySymbol\">&euro;<\/span><\/span> <span aria-hidden=\"true\">\u00a0\u2013\u00a0<\/span> <span class=\"woocommerce-Price-amount amount\" aria-hidden=\"true\">249,00<span class=\"woocommerce-Price-currencySymbol\">&euro;<\/span><\/span><span class=\"screen-reader-text\">Plage de prix\u00a0: 189,00&euro; \u00e0 249,00&euro;<\/span><\/del><\/span><span class=\"wfa-variable-parent-price-range wfa-variable-parent-price-range--sale\"><ins><span class=\"woocommerce-Price-amount amount\" aria-hidden=\"true\">174,00<span class=\"woocommerce-Price-currencySymbol\">&euro;<\/span><\/span> <span aria-hidden=\"true\">\u00a0\u2013\u00a0<\/span> <span class=\"woocommerce-Price-amount amount\" aria-hidden=\"true\">234,00<span class=\"woocommerce-Price-currencySymbol\">&euro;<\/span><\/span><span class=\"screen-reader-text\">Plage de prix\u00a0: 174,00&euro; \u00e0 234,00&euro;<\/span><\/ins><\/span><\/div><div class=\"wfa-wc-block-grid__product-badge-list\" aria-label=\"Caract\u00e9ristiques sp\u00e9ciales\"><p class=\"wfa-wc-block-grid__product-badge\">\ud83c\udfc6 Bestseller<\/p><p class=\"wfa-wc-block-grid__product-badge\">\ud83d\udd25 \u00c9conomisez 15&euro; maintenant !<\/p><p class=\"wfa-wc-block-grid__product-badge\">\u2728 8 Tailles<\/p><\/div>\n\t\t\t\t\n\t\t\t\t\n\t\t\t<\/li><li class=\"wc-block-grid__product\"><span class=\"gtm4wp_productdata\" style=\"display:none; visibility:hidden;\" data-gtm4wp_product_data=\"{&quot;internal_id&quot;:20181,&quot;item_id&quot;:&quot;IC-&quot;,&quot;item_name&quot;:&quot;MYCOVER\\u00ae B\\u00e2che moto Premium Indoor&quot;,&quot;sku&quot;:&quot;IC-&quot;,&quot;price&quot;:109,&quot;stocklevel&quot;:0,&quot;stockstatus&quot;:&quot;outofstock&quot;,&quot;google_business_vertical&quot;:&quot;retail&quot;,&quot;item_category&quot;:&quot;Couvertures moto&quot;,&quot;id&quot;:&quot;IC-&quot;,&quot;productlink&quot;:&quot;https:\\\/\\\/www.mycover-protection.com\\\/fr\\\/produkt\\\/mycover-bache-moto-indoor\\\/&quot;,&quot;item_list_name&quot;:&quot;Liste g\\u00e9n\\u00e9rale des produits&quot;,&quot;index&quot;:0,&quot;product_type&quot;:&quot;variable&quot;,&quot;item_brand&quot;:&quot;&quot;}\"><\/span>\n\t\t\t\t<a href=\"https:\/\/www.mycover-protection.com\/fr\/produkt\/mycover-bache-moto-indoor\/\" class=\"wc-block-grid__product-link\">\n\t\t\t\t\t\n\t\t\t\t\t<div class=\"wc-block-grid__product-image\"><img decoding=\"async\" width=\"300\" height=\"300\" src=\"https:\/\/www.mycover-protection.com\/wp-content\/uploads\/2022\/07\/Motorrrad-Abdeckplane-Indoor-Stoff-300x300.png\" class=\"attachment-woocommerce_thumbnail size-woocommerce_thumbnail\" alt=\"Housses moto Indoor soft\" srcset=\"https:\/\/www.mycover-protection.com\/wp-content\/uploads\/2022\/07\/Motorrrad-Abdeckplane-Indoor-Stoff-300x300.png 300w, https:\/\/www.mycover-protection.com\/wp-content\/uploads\/2022\/07\/Motorrrad-Abdeckplane-Indoor-Stoff-150x150.png 150w, https:\/\/www.mycover-protection.com\/wp-content\/uploads\/2022\/07\/Motorrrad-Abdeckplane-Indoor-Stoff-768x768.png 768w, https:\/\/www.mycover-protection.com\/wp-content\/uploads\/2022\/07\/Motorrrad-Abdeckplane-Indoor-Stoff-270x270.png 270w, https:\/\/www.mycover-protection.com\/wp-content\/uploads\/2022\/07\/Motorrrad-Abdeckplane-Indoor-Stoff-200x200.png 200w, https:\/\/www.mycover-protection.com\/wp-content\/uploads\/2022\/07\/Motorrrad-Abdeckplane-Indoor-Stoff.png 800w\" sizes=\"(max-width: 300px) 100vw, 300px\" \/><\/div>\n\t\t\t\t\t<div class=\"wc-block-grid__product-title\">MYCOVER\u00ae B\u00e2che moto Premium Indoor<\/div>\n\t\t\t\t<\/a>\n\t\t\t\t<div class=\"wfa-wc-product-star-rating wfa-wc-block-grid__product-stars\" style=\"--fill:0.96;\" role=\"img\" aria-label=\"Note 4.8 sur 5\"><\/div><div class=\"wc-block-grid__product-price price\"><span class=\"woocommerce-Price-amount amount\" aria-hidden=\"true\">109,00<span class=\"woocommerce-Price-currencySymbol\">&euro;<\/span><\/span> <span aria-hidden=\"true\">\u00a0\u2013\u00a0<\/span> <span class=\"woocommerce-Price-amount amount\" aria-hidden=\"true\">129,00<span class=\"woocommerce-Price-currencySymbol\">&euro;<\/span><\/span><span class=\"screen-reader-text\">Plage de prix\u00a0: 109,00&euro; \u00e0 129,00&euro;<\/span><\/div><div class=\"wfa-wc-block-grid__product-badge-list\" aria-label=\"Caract\u00e9ristiques sp\u00e9ciales\"><p class=\"wfa-wc-block-grid__product-badge\">\ud83c\udfc6 Bestseller<\/p><p class=\"wfa-wc-block-grid__product-badge\">\u2728 4 Tailles<\/p><\/div>\n\t\t\t\t\n\t\t\t\t\n\t\t\t<\/li><\/ul><\/div>\n<div style=\"height:50px\" aria-hidden=\"true\" class=\"wp-block-spacer\"><\/div>\n\n<h2 class=\"wp-block-heading\" id=\"Worauf-solltest-du-besonders-achten?\">A quoi devez-vous faire particuli\u00e8rement attention ?<\/h2>\n\n<p>Beaucoup ignorent que le sel de d\u00e9neigement, r\u00e9pandu \u00e0 grande \u00e9chelle par les v\u00e9hicules d&rsquo;\u00e9pandage, est \u00e9galement un danger sous-estim\u00e9 en hiver. Le sel agressif se d\u00e9pose sur la peinture non seulement par les \u00e9claboussures, mais aussi par la neige tourbillonnante ou m\u00eame par les boules de neige, causant ainsi des dommages co\u00fbteux. \u00c0 cela s&rsquo;ajoute l&rsquo;eau de fonte, qui repr\u00e9sente \u00e9galement un danger consid\u00e9rable pour votre moto.   <\/p>\n\n<p>Il se fraie un chemin \u00e0 travers les moindres fissures et ouvertures, souvent avec des cons\u00e9quences irr\u00e9versibles. L&rsquo;eau g\u00e8le \u00e0 nouveau et se dilate lorsque les temp\u00e9ratures baissent \u00e0 nouveau, ce qui peut m\u00eame entra\u00eener l&rsquo;\u00e9clatement des composants. Mais une Housse moto sp\u00e9cialement con\u00e7ue pour l&rsquo;hiver permet de prot\u00e9ger votre moto des d\u00e9g\u00e2ts du gel \u00e0 long terme en repoussant efficacement l&rsquo;humidit\u00e9.  <\/p>\n\n<div style=\"height:50px\" aria-hidden=\"true\" class=\"wp-block-spacer\"><\/div>\n\n<figure class=\"wp-block-image size-full\"><img decoding=\"async\" width=\"1536\" height=\"1024\" src=\"https:\/\/www.mycover-protection.com\/wp-content\/uploads\/2022\/02\/Motorrad_Abdeckplane_winterfest_.png.avif\" alt=\"Housse moto r&#xE9;sistante &#xE0; l'hiver, les motos enneig&#xE9;es sont expos&#xE9;es sans protection aux temp&#xEA;tes hivernales glaciales.\" class=\"wp-image-64807\" srcset=\"https:\/\/www.mycover-protection.com\/wp-content\/uploads\/2022\/02\/Motorrad_Abdeckplane_winterfest_.png.avif 1536w, https:\/\/www.mycover-protection.com\/wp-content\/uploads\/2022\/02\/Motorrad_Abdeckplane_winterfest_.png-300x200.avif 300w, https:\/\/www.mycover-protection.com\/wp-content\/uploads\/2022\/02\/Motorrad_Abdeckplane_winterfest_.png-1024x683.avif 1024w, https:\/\/www.mycover-protection.com\/wp-content\/uploads\/2022\/02\/Motorrad_Abdeckplane_winterfest_.png-768x512.avif 768w, https:\/\/www.mycover-protection.com\/wp-content\/uploads\/2022\/02\/Motorrad_Abdeckplane_winterfest_.png-400x267.avif 400w, https:\/\/www.mycover-protection.com\/wp-content\/uploads\/2022\/02\/Motorrad_Abdeckplane_winterfest_.png-800x533.avif 800w\" sizes=\"(max-width: 1536px) 100vw, 1536px\" \/><figcaption class=\"wp-element-caption\">Cette image a \u00e9t\u00e9 g\u00e9n\u00e9r\u00e9e avec AI<\/figcaption><\/figure>\n\n<div style=\"height:50px\" aria-hidden=\"true\" class=\"wp-block-spacer\"><\/div>\n\n<h2 class=\"wp-block-heading\" id=\"H&#xE4;ufige-Probleme,-die-ohne-geeignete-Winterplane-am-Motorrad-auftreten\">Probl\u00e8mes courants sur une moto sans b\u00e2che d&rsquo;hiver adapt\u00e9e<\/h2>\n\n<ul class=\"wp-block-list\">\n<li>la <strong>formation de rouille sur les composants<\/strong> tels que la cha\u00eene, les vis et autres pi\u00e8ces m\u00e9talliques, car l&rsquo;humidit\u00e9 peut p\u00e9n\u00e9trer librement dans la moto<\/li>\n\n\n\n<li><strong>Pi\u00e8ces en plastique, en caoutchouc et en chrome endommag\u00e9es<\/strong>, car l&rsquo;humidit\u00e9 constante et les temp\u00e9ratures extr\u00eames les fragilisent ou les rendent cassantes.<\/li>\n\n\n\n<li><strong>les dommages caus\u00e9s \u00e0 la peinture par les v\u00e9hicules d&rsquo;\u00e9pandage et le sel de d\u00e9neigement<\/strong>, car les particules de salet\u00e9 et les r\u00e9sidus de sel peuvent attaquer et d\u00e9truire la surface<\/li>\n\n\n\n<li><strong>les composants \u00e9lectroniques d\u00e9fectueux<\/strong>, comme le tableau de bord ou les commandes, car l&rsquo;humidit\u00e9 peut les endommager et entra\u00eener des r\u00e9parations co\u00fbteuses<\/li>\n\n\n\n<li><strong>les dommages caus\u00e9s par la gr\u00eale au pare-brise, au cockpit et<\/strong> <strong>\u00e0 la peinture<\/strong> lorsque votre moto est expos\u00e9e sans protection aux intemp\u00e9ries hivernales<\/li>\n\n\n\n<li><strong>Absence de protection contre les rayures<\/strong>, car de nombreuses Housses de mauvaise qualit\u00e9 ne disposent pas d&rsquo;un rev\u00eatement int\u00e9rieur souple et frottent directement sur la peinture.<\/li>\n<\/ul>\n\n<div style=\"height:40px\" aria-hidden=\"true\" class=\"wp-block-spacer\"><\/div>\n\n<div class=\"wp-block-group is-banner__info\"><div class=\"wp-block-group__inner-container is-layout-flow wp-block-group-is-layout-flow\">\n<p><strong>Conclusion :<\/strong> sans protection ni entretien, votre moto perd rapidement de sa valeur : la rouille, le gel et le sel de d\u00e9neigement causent des dommages co\u00fbteux. Pour que votre moto passe l&rsquo;hiver sans encombre et que vous puissiez en profiter sans soucis, elle a besoin d&rsquo;une protection suppl\u00e9mentaire avec une <a href=\"https:\/\/www.mycover-protection.com\/fr\/produkt\/mycover-premium-outdoor\/\">Housses moto d&rsquo;ext\u00e9rieur pour l&rsquo;hiver<\/a> &#8211; pr\u00eate pour le prochain d\u00e9but de saison ! <\/p>\n<\/div><\/div>\n\n<div style=\"height:100px\" aria-hidden=\"true\" class=\"wp-block-spacer wf-spacer-section\"><\/div>\n\n<h2 class=\"wp-block-heading\" id=\"Nicht-jede-Motorrad-Abdeckplane-ist-winterfest-und-f&#xFC;r-den-Winter-geeignet\">Toutes les Housses moto ne r\u00e9sistent pas \u00e0 l&rsquo;hiver et ne sont pas adapt\u00e9es \u00e0 l&rsquo;hiver !<\/h2>\n\n<p>ATTENTION : Les Housses moto bon march\u00e9 endommagent votre moto !<\/p>\n\n<p>Comme de nombreuses housses moto bon march\u00e9 sont souvent fabriqu\u00e9es \u00e0 partir de mat\u00e9riaux de mauvaise qualit\u00e9, elles sont susceptibles de se fissurer et de se d\u00e9chirer plus facilement, en particulier lorsque les temp\u00e9ratures sont n\u00e9gatives. De ce fait, elles ne durent souvent m\u00eame pas une seule saison d&rsquo;hiver et n&rsquo;offrent qu&rsquo;une protection faible, voire nulle. <a data-type=\"URL\" data-id=\"https:\/\/www.mycover-protection.com\/ueber-uns\/\" href=\"https:\/\/www.mycover-protection.com\/fr\/a-propos-de-nous\/\">En tant que motards, nous<\/a> avons nous-m\u00eames constat\u00e9 par le pass\u00e9 qu&rsquo;une Housse moto \u00ab\u00a0bon march\u00e9\u00a0\u00bb \u00e9choue g\u00e9n\u00e9ralement tr\u00e8s rapidement en hiver. En revanche, une Housses moto de qualit\u00e9 r\u00e9sistante \u00e0 l&rsquo;hiver assure une protection durable.  <\/p>\n\n<div style=\"height:50px\" aria-hidden=\"true\" class=\"wp-block-spacer\"><\/div>\n\n<figure class=\"wp-block-image size-large\"><img decoding=\"async\" width=\"2560\" height=\"1921\" src=\"https:\/\/www.mycover-protection.com\/wp-content\/uploads\/2025\/03\/abdeckplane-gerissen-kaputt-zerstoert-edited-1-scaled.jpeg\" alt=\"Housses moto cass&#xE9;es et non r&#xE9;sistantes &#xE0; l'hiver\" class=\"wp-image-42197\" srcset=\"https:\/\/www.mycover-protection.com\/wp-content\/uploads\/2025\/03\/abdeckplane-gerissen-kaputt-zerstoert-edited-1-scaled.jpeg 2560w, https:\/\/www.mycover-protection.com\/wp-content\/uploads\/2025\/03\/abdeckplane-gerissen-kaputt-zerstoert-edited-1-300x225.jpeg 300w, https:\/\/www.mycover-protection.com\/wp-content\/uploads\/2025\/03\/abdeckplane-gerissen-kaputt-zerstoert-edited-1-1024x768.jpeg 1024w, https:\/\/www.mycover-protection.com\/wp-content\/uploads\/2025\/03\/abdeckplane-gerissen-kaputt-zerstoert-edited-1-768x576.jpeg 768w, https:\/\/www.mycover-protection.com\/wp-content\/uploads\/2025\/03\/abdeckplane-gerissen-kaputt-zerstoert-edited-1-1536x1152.jpeg 1536w, https:\/\/www.mycover-protection.com\/wp-content\/uploads\/2025\/03\/abdeckplane-gerissen-kaputt-zerstoert-edited-1-2048x1537.jpeg 2048w, https:\/\/www.mycover-protection.com\/wp-content\/uploads\/2025\/03\/abdeckplane-gerissen-kaputt-zerstoert-edited-1-360x270.jpeg 360w, https:\/\/www.mycover-protection.com\/wp-content\/uploads\/2025\/03\/abdeckplane-gerissen-kaputt-zerstoert-edited-1-800x600.jpeg 800w\" sizes=\"(max-width: 2560px) 100vw, 2560px\" \/><\/figure>\n\n<div style=\"height:50px\" aria-hidden=\"true\" class=\"wp-block-spacer\"><\/div>\n\n<p><strong>Probl\u00e8mes courants des housses moto bon march\u00e9 en hiver :<\/strong><\/p>\n\n<ul class=\"wp-block-list\">\n<li>Tissus trop fins et non r\u00e9sistants \u00e0 la d\u00e9chirure<\/li>\n\n\n\n<li>Pas de mat\u00e9riel d&rsquo;ext\u00e9rieur r\u00e9sistant \u00e0 l&rsquo;hiver<\/li>\n\n\n\n<li>Mauvaise finition des coutures<\/li>\n\n\n\n<li>Pas de fixations suppl\u00e9mentaires<\/li>\n\n\n\n<li>Mauvaise adaptation g\u00e9n\u00e9rale<\/li>\n\n\n\n<li>Pas de doublure int\u00e9rieure prot\u00e9geant des rayures<\/li>\n<\/ul>\n\n<p>Assurez-vous que le mat\u00e9riau a une \u00e9paisseur de 300 deniers, souvent abr\u00e9g\u00e9e en \u00ab\u00a0300D\u00a0\u00bb, car les mat\u00e9riaux plus fins ont tendance \u00e0 se d\u00e9chirer lorsqu&rsquo;ils sont gel\u00e9s ou \u00e0 se d\u00e9faire en raison d&rsquo;une mauvaise qualit\u00e9 de fabrication. En effet, seule une bonne b\u00e2che d&rsquo;hiver pour moto prot\u00e8ge votre moto des intemp\u00e9ries hivernales. <\/p>\n\n<div style=\"height:40px\" aria-hidden=\"true\" class=\"wp-block-spacer\"><\/div>\n\n<div class=\"wp-block-group is-banner__info\"><div class=\"wp-block-group__inner-container is-layout-flow wp-block-group-is-layout-flow\">\n<p><strong>Conclusion :<\/strong> ceux qui \u00e9conomisent lors de l&rsquo;achat d&rsquo;une Housse moto r\u00e9sistante \u00e0 l&rsquo;hiver ach\u00e8tent souvent au moins deux fois, d&rsquo;abord une Housse moto bon march\u00e9 qui tiendra \u00e0 peine une saison, et finalement la Housse de haute qualit\u00e9 qui aurait \u00e9t\u00e9 le choix optimal d\u00e8s le d\u00e9part !<\/p>\n<\/div><\/div>\n\n<div style=\"height:30px\" aria-hidden=\"true\" class=\"wp-block-spacer\"><\/div>\n\n<p>Gagnez du temps et de l&rsquo;argent ! Obtenez plus d&rsquo;informations sur les \u00e9l\u00e9ments \u00e0 prendre en compte avant d&rsquo;acheter une Housses dans notre <strong><a data-type=\"URL\" data-id=\"https:\/\/www.mycover-protection.com\/motorrad-abdeckplanen-berater\/\" href=\"https:\/\/www.mycover-protection.com\/fr\/conseiller-en-baches-pour-moto\/\">Conseiller Housses moto<\/a><\/strong>. <\/p>\n\n<div style=\"height:100px\" aria-hidden=\"true\" class=\"wp-block-spacer wf-spacer-section\"><\/div>\n\n<h2 class=\"wp-block-heading\" id=\"Mit-der-richtigen-Abdeckplane-dein-Motorrad-winterfest-machen\">Housses moto pour l&rsquo;hiver : la bonne solution<\/h2>\n\n<figure class=\"wp-block-image size-full\"><img decoding=\"async\" width=\"1024\" height=\"768\" src=\"https:\/\/www.mycover-protection.com\/wp-content\/uploads\/2021\/11\/MYCOVER-Motorrad-Abdeckplane-WInterfest-mit-Schnee.jpg\" alt=\"Housses moto r&#xE9;sistantes &#xE0; l'hiver avec neige et eau\" class=\"wp-image-14177\" srcset=\"https:\/\/www.mycover-protection.com\/wp-content\/uploads\/2021\/11\/MYCOVER-Motorrad-Abdeckplane-WInterfest-mit-Schnee.jpg 1024w, https:\/\/www.mycover-protection.com\/wp-content\/uploads\/2021\/11\/MYCOVER-Motorrad-Abdeckplane-WInterfest-mit-Schnee-300x225.jpg 300w, https:\/\/www.mycover-protection.com\/wp-content\/uploads\/2021\/11\/MYCOVER-Motorrad-Abdeckplane-WInterfest-mit-Schnee-768x576.jpg 768w, https:\/\/www.mycover-protection.com\/wp-content\/uploads\/2021\/11\/MYCOVER-Motorrad-Abdeckplane-WInterfest-mit-Schnee-360x270.jpg 360w, https:\/\/www.mycover-protection.com\/wp-content\/uploads\/2021\/11\/MYCOVER-Motorrad-Abdeckplane-WInterfest-mit-Schnee-800x600.jpg 800w\" sizes=\"(max-width: 1024px) 100vw, 1024px\" \/><figcaption class=\"wp-element-caption\">La housse moto d&rsquo;ext\u00e9rieur MYCOVER\u00ae r\u00e9sistante \u00e0 l&rsquo;hiver est fabriqu\u00e9e dans un tissu extra \u00e9pais. Photo\u00a0: <a data-type=\"URL\" data-id=\"https:\/\/www.valentinorossi.de\/premium-outdoor-motorrad-abdeckplane-von-mycover-im-langzeittest\/\" href=\"https:\/\/www.valentinorossi.de\/premium-outdoor-motorrad-abdeckplane-von-mycover-im-langzeittest\/\" target=\"_blank\" rel=\"noreferrer noopener\">Exp\u00e9rience \u00e0 long terme avec les housses de Bremspunkt<\/a> <\/figcaption><\/figure>\n\n<div style=\"height:50px\" aria-hidden=\"true\" class=\"wp-block-spacer\"><\/div>\n\n<p>Pour prot\u00e9ger votre moto en hiver contre les dommages mentionn\u00e9s et la perte de valeur, nous vous recommandons une Housses moto de haute qualit\u00e9 pour l&rsquo;hiver : Avec un <strong>mat\u00e9riau d&rsquo;ext\u00e9rieur r\u00e9sistant \u00e0 l&rsquo;hiver<\/strong> et un <strong>tissu int\u00e9rieur doux<\/strong> qui prot\u00e8ge la peinture de votre moto \u00e0 long terme. En effet, une Housse moto pour l&rsquo;hiver \u00e9loigne la neige et la glace de votre moto bien-aim\u00e9e. <\/p>\n\n<p>Plus de mauvaises surprises pour vous apr\u00e8s l&rsquo;hibernation ! Votre moto m\u00e9rite la meilleure protection ! Obtenez d\u00e8s maintenant des Housses Premium r\u00e9sistantes \u00e0 l&rsquo;hiver &#8211; <a href=\"https:\/\/www.mycover-protection.com\/fr\/produkt\/mycover-premium-outdoor\/\">Cliquez ici<\/a>! <\/p>\n\n<div style=\"height:100px\" aria-hidden=\"true\" class=\"wp-block-spacer wf-spacer-section\"><\/div>\n\n<div data-color-scheme=\"error\" class=\"wfa-component-alertbox\" data-wfa-component=\"alertbox\">\t<p><strong>Interdit<\/strong><\/p>\n\t<p>Le shortcode <code>[[wfa-component-tarpaulin-size-recommendation]]<\/code> n&#039;est pas disponible pour ce type de page.\t<\/p>\n<\/div>\n\n\n\n<div style=\"height:100px\" aria-hidden=\"true\" class=\"wp-block-spacer\"><\/div>\n\n<h2 class=\"wp-block-heading is-style-not-underlined\" id=\"Fragen-zur-winterfesten-Motorradplane\">FAQ &#8211; Questions sur la b\u00e2che pour moto r\u00e9sistante \u00e0 l&rsquo;hiver<\/h2>\n\n<details class=\"wp-block-webfluence-blocks-details-summary\">\n<summary class=\"wp-block-webfluence-blocks-details-summary-title\">\n<h3 class=\"wp-block-heading is-style-not-underlined\">Quelle Housses moto est r\u00e9sistante \u00e0 l&rsquo;hiver ?<\/h3>\n<\/summary>\n\n\n\n<div class=\"wp-block-webfluence-blocks-details-summary-body\">\n<p>Une Housse moto r\u00e9sistante \u00e0 l&rsquo;hiver doit \u00eatre compos\u00e9e d&rsquo;un mat\u00e9riau ext\u00e9rieur r\u00e9sistant et d&rsquo;un tissu int\u00e9rieur doux. Toutes les housses moto ne sont pas r\u00e9sistantes \u00e0 l&rsquo;hiver et il est important de suivre les instructions du fabricant. Une housse moto non r\u00e9sistante \u00e0 l&rsquo;hiver peut endommager la peinture et d&rsquo;autres composants de la moto.    <\/p>\n\n\n\n<p><strong>Notre conseil :<\/strong> consultez notre <a href=\"https:\/\/www.mycover-protection.com\/fr\/conseiller-en-baches-pour-moto\/\">conseiller Housses moto<\/a><\/p>\n<\/div>\n<\/details>\n\n<details class=\"wp-block-webfluence-blocks-details-summary\">\n<summary class=\"wp-block-webfluence-blocks-details-summary-title\">\n<h3 class=\"wp-block-heading is-style-not-underlined\">O\u00f9 hiverner sa moto en toute s\u00e9curit\u00e9 ?<\/h3>\n<\/summary>\n\n\n\n<div class=\"wp-block-webfluence-blocks-details-summary-body\">\n<p>Un garage convient parfaitement \u00e0 l&rsquo;hivernage de la moto. Ici aussi, une Housse moto offre une protection suppl\u00e9mentaire contre la poussi\u00e8re, la salet\u00e9, les rayures et les regards indiscrets. <\/p>\n\n\n\n<p>Si vous ne disposez pas d&rsquo;un garage et que votre moto est r\u00e9guli\u00e8rement plac\u00e9e sous un abri ou m\u00eame \u00e0 l&rsquo;ext\u00e9rieur toute l&rsquo;ann\u00e9e, vous devez prot\u00e9ger votre moto avec votre Housses moto de qualit\u00e9. En utilisant une <a href=\"https:\/\/www.mycover-protection.com\/fr\/produkt\/mycover-premium-outdoor\/\">Housse moto de qualit\u00e9<\/a>, votre moto peut passer l&rsquo;hiver dehors sans probl\u00e8me. <\/p>\n<\/div>\n<\/details>\n\n<details class=\"wp-block-webfluence-blocks-details-summary\">\n<summary class=\"wp-block-webfluence-blocks-details-summary-title\">\n<h3 class=\"wp-block-heading is-style-not-underlined\">Quelle taille pour une Housses moto en hiver ?<\/h3>\n<\/summary>\n\n\n\n<div class=\"wp-block-webfluence-blocks-details-summary-body\">\n<p>En hiver comme en \u00e9t\u00e9, une Housse moto doit \u00eatre aussi ajust\u00e9e que possible afin de prot\u00e9ger correctement la moto. Gr\u00e2ce \u00e0 des ourlets \u00e9lastiques et des ceintures de s\u00e9curit\u00e9 suppl\u00e9mentaires, la Housse moto s&rsquo;adapte parfaitement \u00e0 votre moto.   <\/p>\n\n\n\n<p>Quelle housse convient \u00e0 votre moto ? Acc\u00e9dez ici \u00e0 la recommandation de taille pour la <a data-type=\"URL\" data-id=\"https:\/\/www.mycover-protection.com\/fr\/produkt\/mycover-premium-outdoor\/\" href=\"https:\/\/www.mycover-protection.com\/fr\/produkt\/mycover-premium-outdoor\/\">housse moto Outdoor<\/a> <\/p>\n<\/div>\n<\/details>\n\n<details class=\"wp-block-webfluence-blocks-details-summary\">\n<summary class=\"wp-block-webfluence-blocks-details-summary-title\">\n<h3 class=\"wp-block-heading is-style-not-underlined\">Quand faut-il recouvrir sa moto d&rsquo;une Housse moto en hiver ?  <\/h3>\n<\/summary>\n\n\n\n<div class=\"wp-block-webfluence-blocks-details-summary-body\">\n<p>Pour \u00e9viter une perte de valeur et des r\u00e9parations inutiles, une moto devrait en principe toujours \u00eatre couverte. Une bonne Housses prot\u00e8ge \u00e0 l&rsquo;int\u00e9rieur et \u00e0 l&rsquo;ext\u00e9rieur contre la salet\u00e9, la crasse et les dommages. Une Housses r\u00e9sistante aux d\u00e9chirures est \u00e9galement une bonne protection contre le vol pour les voleurs occasionnels.  La s\u00e9curit\u00e9 peut en outre \u00eatre renforc\u00e9e en combinant une Housse avec une <a href=\"https:\/\/www.mycover-protection.com\/fr\/produkt-kategorie\/antivols-abus\/\">serrure ABUS<\/a>.<\/p>\n<\/div>\n<\/details>\n\n<details class=\"wp-block-webfluence-blocks-details-summary\">\n<summary class=\"wp-block-webfluence-blocks-details-summary-title\">\n<h3 class=\"wp-block-heading is-style-not-underlined\">Puis-je laisser ma moto \u00e0 l&rsquo;ext\u00e9rieur pendant l&rsquo;hiver ?<\/h3>\n<\/summary>\n\n\n\n<div class=\"wp-block-webfluence-blocks-details-summary-body\">\n<p>Oui, mais seulement avec une pr\u00e9paration ad\u00e9quate et une Housses de qualit\u00e9. Sans protection, vous risquez la rouille, les dommages dus au gel et l&rsquo;humidit\u00e9 dans le syst\u00e8me \u00e9lectrique. <strong>Important<\/strong>: placez la moto sur un sol ferme et sec, augmentez la pression des pneus, lubrifiez la cha\u00eene et les pi\u00e8ces m\u00e9talliques et utilisez une <a href=\"https:\/\/www.mycover-protection.com\/fr\/produkt\/mycover-premium-outdoor\/\">Housse moto ajust\u00e9e et respirante<\/a>. <\/p>\n<\/div>\n<\/details>\n\n<details class=\"wp-block-webfluence-blocks-details-summary\">\n<summary class=\"wp-block-webfluence-blocks-details-summary-title\">\n<h3 class=\"wp-block-heading is-style-not-underlined\">Quand est-il trop froid pour une moto ?<\/h3>\n<\/summary>\n\n\n\n<div class=\"wp-block-webfluence-blocks-details-summary-body\">\n<p>En dessous de +5 \u00b0C, la situation devient critique : pneus froids, risque de d\u00e9rapage, sel de d\u00e9neigement. La plupart des gens garent leur moto \u00e0 partir d&rsquo;octobre\/novembre. <\/p>\n<\/div>\n<\/details>\n\n<details class=\"wp-block-webfluence-blocks-details-summary\">\n<summary class=\"wp-block-webfluence-blocks-details-summary-title\">\n<h3 class=\"wp-block-heading is-style-not-underlined\">Comment pr\u00e9parer une moto pour l&rsquo;hiver ?<\/h3>\n<\/summary>\n\n\n\n<div class=\"wp-block-webfluence-blocks-details-summary-body\">\n<p>Nettoyez soigneusement votre moto, remplissez compl\u00e8tement le r\u00e9servoir (avec un additif pour essence), d\u00e9branchez la batterie ou utilisez un chargeur, stockez la moto sur\u00e9lev\u00e9e et couvrez-la avec une <a href=\"https:\/\/www.mycover-protection.com\/fr\/produkt\/mycover-premium-outdoor\/\">housse MYCOVER\u00ae<\/a> respirante. <\/p>\n\n\n\n<p>Pour obtenir des instructions d\u00e9taill\u00e9es, nous vous recommandons de consulter nos <a href=\"https:\/\/www.mycover-protection.com\/wp-content\/uploads\/2024\/07\/Checkliste-1.pdf\">listes de contr\u00f4le<\/a>.<\/p>\n<\/div>\n<\/details>\n\n<details class=\"wp-block-webfluence-blocks-details-summary\">\n<summary class=\"wp-block-webfluence-blocks-details-summary-title\">\n<h3 class=\"wp-block-heading is-style-not-underlined\">Comment \u00e9viter la rouille sur la moto en hiver ?<\/h3>\n<\/summary>\n\n\n\n<div class=\"wp-block-webfluence-blocks-details-summary-body\">\n<p>Lavez votre moto avant de la ranger, s\u00e9chez-la soigneusement et prot\u00e9gez tous les composants m\u00e9talliques avec un produit anticorrosion (par exemple ACF-50). Une Housses anti-salissures permet en outre de lutter contre l&rsquo;humidit\u00e9 et l&rsquo;accumulation de salet\u00e9s.  Si vous rencontrez d&rsquo;autres probl\u00e8mes de rouille, n&rsquo;h\u00e9sitez pas \u00e0 consulter notre <a href=\"https:\/\/www.mycover-protection.com\/fr\/magazin\/moto-et-rouille-comment-eliminer-la-rouille-des-chromes-et-proteger-votre-moto-a-long-terme\/\">page d&rsquo;informations<\/a>. <\/p>\n<\/div>\n<\/details>\n\n<details class=\"wp-block-webfluence-blocks-details-summary\">\n<summary class=\"wp-block-webfluence-blocks-details-summary-title\">\n<h3 class=\"wp-block-heading is-style-not-underlined\">Faut-il sur\u00e9lever une moto en hiver ?<\/h3>\n<\/summary>\n\n\n\n<div class=\"wp-block-webfluence-blocks-details-summary-body\">\n<p>Si possible, oui, cela pr\u00e9serve les pneus et le ch\u00e2ssis. Sinon, une planche sous le pneu peut aider.   <\/p>\n<\/div>\n<\/details>\n\n<details class=\"wp-block-webfluence-blocks-details-summary\">\n<summary class=\"wp-block-webfluence-blocks-details-summary-title\">\n<h3 class=\"wp-block-heading is-style-not-underlined\">Qu&rsquo;est-ce que l&rsquo;hivernage d&rsquo;une moto ?<\/h3>\n<\/summary>\n\n\n\n<div class=\"wp-block-webfluence-blocks-details-summary-body\">\n<p>\u00ab\u00a0Pr\u00e9parer votre moto pour l&rsquo;hiver\u00a0\u00bb signifie la pr\u00e9parer pour qu&rsquo;elle puisse passer la saison froide sans dommage. Cela comprend des mesures techniques telles que l&rsquo;entretien de la batterie, la protection contre la corrosion, la conservation du r\u00e9servoir, ainsi que des mesures de protection ext\u00e9rieures, notamment une <a href=\"https:\/\/www.mycover-protection.com\/fr\/produkt\/mycover-premium-outdoor\/\">Housse moto s\u00fbre et r\u00e9sistante aux intemp\u00e9ries<\/a> si vous stockez la moto \u00e0 l&rsquo;ext\u00e9rieur. <\/p>\n<\/div>\n<\/details>\n\n<details class=\"wp-block-webfluence-blocks-details-summary\">\n<summary class=\"wp-block-webfluence-blocks-details-summary-title\">\n<h3 class=\"wp-block-heading is-style-not-underlined\">Dois-je laisser ma moto branch\u00e9e tout l&rsquo;hiver ?<\/h3>\n<\/summary>\n\n\n\n<div class=\"wp-block-webfluence-blocks-details-summary-body\">\n<p>Non, en hiver, la batterie doit \u00eatre soit retir\u00e9e et stock\u00e9e au sec, soit aliment\u00e9e r\u00e9guli\u00e8rement par un chargeur d&rsquo;entretien. Si la moto est \u00e0 l&rsquo;ext\u00e9rieur, il est important de prot\u00e9ger le syst\u00e8me \u00e9lectrique de l&rsquo;humidit\u00e9. <\/p>\n<\/div>\n<\/details>\n\n<details class=\"wp-block-webfluence-blocks-details-summary\">\n<summary class=\"wp-block-webfluence-blocks-details-summary-title\">\n<h3 class=\"wp-block-heading is-style-not-underlined\">Faut-il faire le plein de la moto pendant l&rsquo;hiver ?<\/h3>\n<\/summary>\n\n\n\n<div class=\"wp-block-webfluence-blocks-details-summary-body\">\n<p>Oui, le r\u00e9servoir doit \u00eatre rempli \u00e0 ras bord afin d&rsquo;\u00e9viter la formation de rouille \u00e0 l&rsquo;int\u00e9rieur. Une autre solution consiste \u00e0 vider compl\u00e8tement le r\u00e9servoir, mais cette op\u00e9ration est plus complexe. <\/p>\n<\/div>\n<\/details>\n\n<details class=\"wp-block-webfluence-blocks-details-summary\">\n<summary class=\"wp-block-webfluence-blocks-details-summary-title\">\n<h3 class=\"wp-block-heading is-style-not-underlined\">Faut-il d\u00e9marrer sa moto en hiver ?<\/h3>\n<\/summary>\n\n\n\n<div class=\"wp-block-webfluence-blocks-details-summary-body\">\n<p>Il n&rsquo;est pas recommand\u00e9 de d\u00e9marrer de temps en temps, car les courtes dur\u00e9es de fonctionnement ne r\u00e9chauffent pas suffisamment le moteur et de la condensation peut se former. Mieux vaut immobiliser la moto, entretenir la batterie et stocker le v\u00e9hicule bien \u00e0 l&rsquo;abri. <\/p>\n<\/div>\n<\/details>\n\n<details class=\"wp-block-webfluence-blocks-details-summary\">\n<summary class=\"wp-block-webfluence-blocks-details-summary-title\">\n<h3 class=\"wp-block-heading is-style-not-underlined\">Que fait un motard en hiver ?<\/h3>\n<\/summary>\n\n\n\n<div class=\"wp-block-webfluence-blocks-details-summary-body\">\n<p>De nombreux motocyclistes profitent de la pause hivernale pour prendre soin de leur moto, l&rsquo;entretenir ou la transformer. C&rsquo;est \u00e9galement le moment id\u00e9al pour changer d&rsquo;accessoires ou s&rsquo;occuper d&rsquo;un nouvel \u00e9quipement. Si vous entreposez votre moto \u00e0 l&rsquo;ext\u00e9rieur, le mieux est de la prot\u00e9ger avec une <a href=\"https:\/\/www.mycover-protection.com\/fr\/produkt\/mycover-premium-outdoor\/\">Housse moto MYCOVER \u00ae<\/a> adapt\u00e9e et adapt\u00e9e \u00e0 l&rsquo;hiver, afin d&rsquo;\u00e9viter les dommages dus au froid et \u00e0 l&rsquo;humidit\u00e9.  <\/p>\n<\/div>\n<\/details>\n\n<div style=\"height:100px\" aria-hidden=\"true\" class=\"wp-block-spacer wf-spacer-section\"><\/div>\n\n<hr class=\"wp-block-separator has-alpha-channel-opacity\"\/>\n\n<div class=\"wp-block-group wfa-reusable-group-all-mycover-products has-black-color has-text-color has-link-color wp-elements-e52df7be340ae9f9e80ecdd813c2d54b\"><div class=\"wp-block-group__inner-container is-layout-constrained wp-block-group-is-layout-constrained\">\n<p class=\"has-text-align-center wfa-reusable-group-all-mycover-products__title has-large-font-size\"><strong>Tous les MYCOVER\u00ae-produits<\/strong><\/p>\n\n\n\n<div class=\"wp-block-cb-carousel-v2 cb-carousel-block\" data-cb-slides-per-view=\"2\" data-cb-slides-per-group=\"1\" data-cb-space-between=\"0\" data-cb-speed=\"200\" data-cb-navigation=\"true\" data-cb-breakpoints=\"{&quot;768&quot;:{&quot;slidesPerView&quot;:4,&quot;slidesPerGroup&quot;:1}}\"><div class=\"swiper\"><div class=\"cb-wrapper swiper-wrapper\">\n<div class=\"wp-block-cb-slide-v2 cb-slide swiper-slide\">\n<div class=\"wp-block-group\"><div class=\"wp-block-group__inner-container is-layout-constrained wp-block-group-is-layout-constrained\">\n<figure class=\"wp-block-image size-large\"><img decoding=\"async\" width=\"1024\" height=\"1024\" src=\"https:\/\/www.mycover-protection.com\/wp-content\/uploads\/2022\/11\/Motorrad_abdeckplane_outdoor-1024x1024.jpg\" alt=\"Housses moto d'ext&#xE9;rieur\" class=\"wp-image-22125\" srcset=\"https:\/\/www.mycover-protection.com\/wp-content\/uploads\/2022\/11\/Motorrad_abdeckplane_outdoor-1024x1024.jpg 1024w, https:\/\/www.mycover-protection.com\/wp-content\/uploads\/2022\/11\/Motorrad_abdeckplane_outdoor-300x300.jpg 300w, https:\/\/www.mycover-protection.com\/wp-content\/uploads\/2022\/11\/Motorrad_abdeckplane_outdoor-150x150.jpg 150w, https:\/\/www.mycover-protection.com\/wp-content\/uploads\/2022\/11\/Motorrad_abdeckplane_outdoor-768x768.jpg 768w, https:\/\/www.mycover-protection.com\/wp-content\/uploads\/2022\/11\/Motorrad_abdeckplane_outdoor-270x270.jpg 270w, https:\/\/www.mycover-protection.com\/wp-content\/uploads\/2022\/11\/Motorrad_abdeckplane_outdoor-800x800.jpg 800w, https:\/\/www.mycover-protection.com\/wp-content\/uploads\/2022\/11\/Motorrad_abdeckplane_outdoor-200x200.jpg 200w, https:\/\/www.mycover-protection.com\/wp-content\/uploads\/2022\/11\/Motorrad_abdeckplane_outdoor.jpg 1200w\" sizes=\"(max-width: 1024px) 100vw, 1024px\" \/><\/figure>\n\n\n\n<p><a href=\"https:\/\/www.mycover-protection.com\/fr\/produkt\/mycover-premium-outdoor\/\"><strong>Housses moto Outdoor<\/strong><\/a><\/p>\n<\/div><\/div>\n<\/div>\n\n\n\n<div class=\"wp-block-cb-slide-v2 cb-slide swiper-slide\">\n<div class=\"wp-block-group\"><div class=\"wp-block-group__inner-container is-layout-constrained wp-block-group-is-layout-constrained\">\n<figure class=\"wp-block-image size-full\"><img decoding=\"async\" width=\"800\" height=\"800\" src=\"https:\/\/www.mycover-protection.com\/wp-content\/uploads\/2023\/01\/Motorrad-abdeckplane-chopper.png\" alt=\"Housses d'ext&#xE9;rieur pour Chopper\" class=\"wp-image-21485\" srcset=\"https:\/\/www.mycover-protection.com\/wp-content\/uploads\/2023\/01\/Motorrad-abdeckplane-chopper.png 800w, https:\/\/www.mycover-protection.com\/wp-content\/uploads\/2023\/01\/Motorrad-abdeckplane-chopper-300x300.png 300w, https:\/\/www.mycover-protection.com\/wp-content\/uploads\/2023\/01\/Motorrad-abdeckplane-chopper-150x150.png 150w, https:\/\/www.mycover-protection.com\/wp-content\/uploads\/2023\/01\/Motorrad-abdeckplane-chopper-768x768.png 768w, https:\/\/www.mycover-protection.com\/wp-content\/uploads\/2023\/01\/Motorrad-abdeckplane-chopper-270x270.png 270w, https:\/\/www.mycover-protection.com\/wp-content\/uploads\/2023\/01\/Motorrad-abdeckplane-chopper-200x200.png 200w\" sizes=\"(max-width: 800px) 100vw, 800px\" \/><\/figure>\n\n\n\n<p><a href=\"https:\/\/www.mycover-protection.com\/es\/produkt\/mycover-funda-exterior-premium-para-chopper\/\"><strong>Housses pour Chopper en ext\u00e9rieur<\/strong><\/a><\/p>\n<\/div><\/div>\n<\/div>\n\n\n\n<div class=\"wp-block-cb-slide-v2 cb-slide swiper-slide\">\n<div class=\"wp-block-group\"><div class=\"wp-block-group__inner-container is-layout-constrained wp-block-group-is-layout-constrained\">\n<figure class=\"wp-block-image size-full\"><img decoding=\"async\" width=\"800\" height=\"800\" src=\"https:\/\/www.mycover-protection.com\/wp-content\/uploads\/2023\/01\/Motorrad-Abdeckplane-Topcase.png\" alt=\"Housses pour Scooter avec Topcase\" class=\"wp-image-21482\" srcset=\"https:\/\/www.mycover-protection.com\/wp-content\/uploads\/2023\/01\/Motorrad-Abdeckplane-Topcase.png 800w, https:\/\/www.mycover-protection.com\/wp-content\/uploads\/2023\/01\/Motorrad-Abdeckplane-Topcase-300x300.png 300w, https:\/\/www.mycover-protection.com\/wp-content\/uploads\/2023\/01\/Motorrad-Abdeckplane-Topcase-150x150.png 150w, https:\/\/www.mycover-protection.com\/wp-content\/uploads\/2023\/01\/Motorrad-Abdeckplane-Topcase-768x768.png 768w, https:\/\/www.mycover-protection.com\/wp-content\/uploads\/2023\/01\/Motorrad-Abdeckplane-Topcase-270x270.png 270w, https:\/\/www.mycover-protection.com\/wp-content\/uploads\/2023\/01\/Motorrad-Abdeckplane-Topcase-200x200.png 200w\" sizes=\"(max-width: 800px) 100vw, 800px\" \/><\/figure>\n\n\n\n<p><a href=\"https:\/\/www.mycover-protection.com\/es\/produkt\/mycover-funda-exterior-premium-para-scooter\/\"><strong>Housses pour Scooter Outdoor<\/strong><\/a><\/p>\n<\/div><\/div>\n<\/div>\n\n\n\n<div class=\"wp-block-cb-slide-v2 cb-slide swiper-slide\">\n<div class=\"wp-block-group\"><div class=\"wp-block-group__inner-container is-layout-constrained wp-block-group-is-layout-constrained\">\n<figure class=\"wp-block-image size-full\"><img decoding=\"async\" width=\"800\" height=\"800\" src=\"https:\/\/www.mycover-protection.com\/wp-content\/uploads\/2022\/07\/Motorrrad-Abdeckplane-Indoor-Stoff.png\" alt=\"Housses moto Indoor soft\" class=\"wp-image-20162\" srcset=\"https:\/\/www.mycover-protection.com\/wp-content\/uploads\/2022\/07\/Motorrrad-Abdeckplane-Indoor-Stoff.png 800w, https:\/\/www.mycover-protection.com\/wp-content\/uploads\/2022\/07\/Motorrrad-Abdeckplane-Indoor-Stoff-300x300.png 300w, https:\/\/www.mycover-protection.com\/wp-content\/uploads\/2022\/07\/Motorrrad-Abdeckplane-Indoor-Stoff-150x150.png 150w, https:\/\/www.mycover-protection.com\/wp-content\/uploads\/2022\/07\/Motorrrad-Abdeckplane-Indoor-Stoff-768x768.png 768w, https:\/\/www.mycover-protection.com\/wp-content\/uploads\/2022\/07\/Motorrrad-Abdeckplane-Indoor-Stoff-270x270.png 270w, https:\/\/www.mycover-protection.com\/wp-content\/uploads\/2022\/07\/Motorrrad-Abdeckplane-Indoor-Stoff-200x200.png 200w\" sizes=\"(max-width: 800px) 100vw, 800px\" \/><\/figure>\n\n\n\n<p><a href=\"https:\/\/www.mycover-protection.com\/es\/produkt\/mycover-funda-para-moto-de-interior-premium\/\"><strong>Housses moto Indoor<\/strong><\/a><\/p>\n<\/div><\/div>\n<\/div>\n<\/div><\/div><div class=\"cb-button-prev swiper-button-prev\"><\/div><div class=\"cb-button-next swiper-button-next\"><\/div><\/div>\n\n\n\n<p class=\"has-text-align-center wfa-reusable-group-all-mycover-products__category-links has-small-font-size\"><a href=\"https:\/\/www.mycover-protection.com\/fr\/categorie-de-produits\/couverture-de-moto\/\">Toutes les Couvertures moto<\/a> &#8211; <a href=\"https:\/\/www.mycover-protection.com\/fr\/categorie-de-produits\/couvertures-de-scooter\/\">Toutes les Couvertures scooter<\/a><\/p>\n<\/div><\/div>\n\n<hr class=\"wp-block-separator has-alpha-channel-opacity\"\/>\n\n<div style=\"height:100px\" aria-hidden=\"true\" class=\"wp-block-spacer\"><\/div>\n\n<div class=\"wp-block-columns alignwide are-vertically-aligned-center is-layout-flex wp-container-core-columns-is-layout-9d6595d7 wp-block-columns-is-layout-flex\">\n<div class=\"wp-block-column is-vertically-aligned-center is-layout-flow wp-block-column-is-layout-flow\">\n<figure class=\"wp-block-image size-large\"><img decoding=\"async\" width=\"1024\" height=\"893\" src=\"https:\/\/www.mycover-protection.com\/wp-content\/uploads\/2021\/02\/mycover-abdeckplane-schatten-hintergrund-weiss-1024x893.jpg\" alt=\"MYCOVER Housse moto pour BMW, la protection pour votre moto\" class=\"wp-image-9417\" srcset=\"https:\/\/www.mycover-protection.com\/wp-content\/uploads\/2021\/02\/mycover-abdeckplane-schatten-hintergrund-weiss-1024x893.jpg 1024w, https:\/\/www.mycover-protection.com\/wp-content\/uploads\/2021\/02\/mycover-abdeckplane-schatten-hintergrund-weiss-300x262.jpg 300w, https:\/\/www.mycover-protection.com\/wp-content\/uploads\/2021\/02\/mycover-abdeckplane-schatten-hintergrund-weiss-768x670.jpg 768w, https:\/\/www.mycover-protection.com\/wp-content\/uploads\/2021\/02\/mycover-abdeckplane-schatten-hintergrund-weiss-1536x1340.jpg 1536w, https:\/\/www.mycover-protection.com\/wp-content\/uploads\/2021\/02\/mycover-abdeckplane-schatten-hintergrund-weiss-2048x1787.jpg 2048w, https:\/\/www.mycover-protection.com\/wp-content\/uploads\/2021\/02\/mycover-abdeckplane-schatten-hintergrund-weiss-310x270.jpg 310w, https:\/\/www.mycover-protection.com\/wp-content\/uploads\/2021\/02\/mycover-abdeckplane-schatten-hintergrund-weiss-800x698.jpg 800w\" sizes=\"(max-width: 1024px) 100vw, 1024px\" \/><\/figure>\n<\/div>\n\n\n\n<div class=\"wp-block-column is-vertically-aligned-center is-layout-flow wp-block-column-is-layout-flow\">\n<h2 class=\"wp-block-heading wf-overline is-style-not-underlined\">Housses moto d&rsquo;ext\u00e9rieur de premi\u00e8re qualit\u00e9 de MYCOVER\u00ae<\/h2>\n\n\n\n<p class=\"wf-fake-h2\">Une moto haut de gamme m\u00e9rite une Housse moto haut de gamme<\/p>\n\n\n\n<p>La housse moto Outdoor Premium MYCOVER\u00ae offre \u00e9galement \u00e0 votre moto une protection optimale contre l&rsquo;humidit\u00e9, la salet\u00e9 et les rayures. Avec 10 fonctions bien pens\u00e9es <a data-type=\"URL\" data-id=\"https:\/\/www.mycover-protection.com\/ueber-uns\/\" href=\"https:\/\/www.mycover-protection.com\/fr\/a-propos-de-nous\/\">&#8211; Con\u00e7u par des motards pour des motards &#8211;<\/a> pour pr\u00e9server au mieux la valeur de votre moto !<\/p>\n\n\n\n<p>Elle peut \u00eatre utilis\u00e9e toute l&rsquo;ann\u00e9e pour une utilisation ext\u00e9rieure en hiver, mais elle peut aussi \u00eatre utilis\u00e9e comme Housse moto d&rsquo;int\u00e9rieur pour votre garage ou votre abri de voiture.<\/p>\n\n\n\n<div class=\"wp-block-buttons is-layout-flex wp-block-buttons-is-layout-flex\">\n<div class=\"wp-block-button\"><a class=\"wp-block-button__link wp-element-button\" href=\"https:\/\/www.mycover-protection.com\/fr\/produkt\/mycover-premium-outdoor\/\">Housses moto Outdoor<\/a><\/div>\n<\/div>\n<\/div>\n<\/div>\n","protected":false},"excerpt":{"rendered":"<p>Tout le monde n&rsquo;a pas la chance d&rsquo;avoir un garage o\u00f9 sa moto peut passer l&rsquo;hiver. C&rsquo;est pourquoi de nombreux motards se demandent comment prot\u00e9ger correctement et durablement leur moto des caprices de la nature en hiver.   <\/p>\n","protected":false},"author":11,"featured_media":17403,"comment_status":"closed","ping_status":"open","sticky":false,"template":"templates\/long-form-small.php","format":"standard","meta":{"footnotes":""},"categories":[321],"tags":[],"class_list":["post-17540","post","type-post","status-publish","format-standard","has-post-thumbnail","hentry","category-non-classifiee"],"yoast_head":"<!-- This site is optimized with the Yoast SEO plugin v27.4 - https:\/\/yoast.com\/product\/yoast-seo-wordpress\/ -->\n<title>Housse moto r\u00e9sistante \u00e0 l&#039;hiver 2026 | Qui ach\u00e8te bon march\u00e9, paie deux fois<\/title>\n<meta name=\"description\" content=\"Housse moto r\u00e9sistante \u00e0 l&#039;hiver : Repos hivernal &amp; pr\u00e9servation de la valeur \u2713 Taille en 3 clics pour plus de 2500 mod\u00e8les \u2713 Protection contre les intemp\u00e9ries hivernales, le sel, l&#039;humidit\u00e9...\" \/>\n<meta name=\"robots\" content=\"index, follow, max-snippet:-1, max-image-preview:large, max-video-preview:-1\" \/>\n<link rel=\"canonical\" href=\"https:\/\/www.mycover-protection.com\/fr\/magazin\/bache-de-protection-pour-moto-resistante-a-lhiver-comment-passer-lhiver-en-toute-securite\/\" \/>\n<meta property=\"og:locale\" content=\"fr_FR\" \/>\n<meta property=\"og:type\" content=\"article\" \/>\n<meta property=\"og:title\" content=\"Housse moto r\u00e9sistante \u00e0 l&#039;hiver 2026 | Qui ach\u00e8te bon march\u00e9, paie deux fois\" \/>\n<meta property=\"og:description\" content=\"Housse moto r\u00e9sistante \u00e0 l&#039;hiver : Repos hivernal &amp; pr\u00e9servation de la valeur \u2713 Taille en 3 clics pour plus de 2500 mod\u00e8les \u2713 Protection contre les intemp\u00e9ries hivernales, le sel, l&#039;humidit\u00e9...\" \/>\n<meta property=\"og:url\" content=\"https:\/\/www.mycover-protection.com\/fr\/magazin\/bache-de-protection-pour-moto-resistante-a-lhiver-comment-passer-lhiver-en-toute-securite\/\" \/>\n<meta property=\"og:site_name\" content=\"MYCOVER\u00ae Online Shop\" \/>\n<meta property=\"article:publisher\" content=\"https:\/\/www.facebook.com\/Mycover-114242613377158\/\" \/>\n<meta property=\"article:published_time\" content=\"2022-05-09T12:18:32+00:00\" \/>\n<meta property=\"article:modified_time\" content=\"2026-03-24T10:33:10+00:00\" \/>\n<meta property=\"og:image\" content=\"https:\/\/www.mycover-protection.com\/wp-content\/uploads\/2021\/11\/Motorrad-Abdeckplane-Winterfest-gegen-schnee-und-eis.jpeg\" \/>\n\t<meta property=\"og:image:width\" content=\"1072\" \/>\n\t<meta property=\"og:image:height\" content=\"1072\" \/>\n\t<meta property=\"og:image:type\" content=\"image\/jpeg\" \/>\n<meta name=\"author\" content=\"Constantin Porsack\" \/>\n<meta name=\"twitter:card\" content=\"summary_large_image\" \/>\n<meta name=\"twitter:title\" content=\"Housse moto r\u00e9sistante \u00e0 l&#039;hiver 2026 | Qui ach\u00e8te bon march\u00e9, paie deux fois\" \/>\n<meta name=\"twitter:description\" content=\"Housse moto r\u00e9sistante \u00e0 l&#039;hiver : Repos hivernal &amp; pr\u00e9servation de la valeur \u2713 Taille en 3 clics pour plus de 2500 mod\u00e8les \u2713 Protection contre les intemp\u00e9ries hivernales, le sel, l&#039;humidit\u00e9...\" \/>\n<meta name=\"twitter:label1\" content=\"\u00c9crit par\" \/>\n\t<meta name=\"twitter:data1\" content=\"Constantin Porsack\" \/>\n\t<meta name=\"twitter:label2\" content=\"Dur\u00e9e de lecture estim\u00e9e\" \/>\n\t<meta name=\"twitter:data2\" content=\"11 minutes\" \/>\n<script type=\"application\/ld+json\" class=\"yoast-schema-graph\">{\"@context\":\"https:\\\/\\\/schema.org\",\"@graph\":[{\"@type\":\"Article\",\"@id\":\"https:\\\/\\\/www.mycover-protection.com\\\/fr\\\/magazin\\\/bache-de-protection-pour-moto-resistante-a-lhiver-comment-passer-lhiver-en-toute-securite\\\/#article\",\"isPartOf\":{\"@id\":\"https:\\\/\\\/www.mycover-protection.com\\\/fr\\\/magazin\\\/bache-de-protection-pour-moto-resistante-a-lhiver-comment-passer-lhiver-en-toute-securite\\\/\"},\"author\":{\"name\":\"Constantin Porsack\",\"@id\":\"https:\\\/\\\/www.mycover-protection.com\\\/fr\\\/#\\\/schema\\\/person\\\/c64ba46f554deb35f38a5cc152975a25\"},\"headline\":\"Housse moto r\u00e9sistante \u00e0 l&rsquo;hiver&nbsp;: S\u00fbre et sans souci lorsque les temp\u00e9ratures chutent \u2744\ufe0f\",\"datePublished\":\"2022-05-09T12:18:32+00:00\",\"dateModified\":\"2026-03-24T10:33:10+00:00\",\"mainEntityOfPage\":{\"@id\":\"https:\\\/\\\/www.mycover-protection.com\\\/fr\\\/magazin\\\/bache-de-protection-pour-moto-resistante-a-lhiver-comment-passer-lhiver-en-toute-securite\\\/\"},\"wordCount\":2369,\"publisher\":{\"@id\":\"https:\\\/\\\/www.mycover-protection.com\\\/fr\\\/#organization\"},\"image\":{\"@id\":\"https:\\\/\\\/www.mycover-protection.com\\\/fr\\\/magazin\\\/bache-de-protection-pour-moto-resistante-a-lhiver-comment-passer-lhiver-en-toute-securite\\\/#primaryimage\"},\"thumbnailUrl\":\"https:\\\/\\\/www.mycover-protection.com\\\/wp-content\\\/uploads\\\/2021\\\/11\\\/Motorrad-Abdeckplane-Winterfest-gegen-schnee-und-eis.jpeg\",\"articleSection\":[\"Non classifi\u00e9(e)\"],\"inLanguage\":\"fr-FR\"},{\"@type\":\"WebPage\",\"@id\":\"https:\\\/\\\/www.mycover-protection.com\\\/fr\\\/magazin\\\/bache-de-protection-pour-moto-resistante-a-lhiver-comment-passer-lhiver-en-toute-securite\\\/\",\"url\":\"https:\\\/\\\/www.mycover-protection.com\\\/fr\\\/magazin\\\/bache-de-protection-pour-moto-resistante-a-lhiver-comment-passer-lhiver-en-toute-securite\\\/\",\"name\":\"Housse moto r\u00e9sistante \u00e0 l'hiver 2026 | Qui ach\u00e8te bon march\u00e9, paie deux fois\",\"isPartOf\":{\"@id\":\"https:\\\/\\\/www.mycover-protection.com\\\/fr\\\/#website\"},\"primaryImageOfPage\":{\"@id\":\"https:\\\/\\\/www.mycover-protection.com\\\/fr\\\/magazin\\\/bache-de-protection-pour-moto-resistante-a-lhiver-comment-passer-lhiver-en-toute-securite\\\/#primaryimage\"},\"image\":{\"@id\":\"https:\\\/\\\/www.mycover-protection.com\\\/fr\\\/magazin\\\/bache-de-protection-pour-moto-resistante-a-lhiver-comment-passer-lhiver-en-toute-securite\\\/#primaryimage\"},\"thumbnailUrl\":\"https:\\\/\\\/www.mycover-protection.com\\\/wp-content\\\/uploads\\\/2021\\\/11\\\/Motorrad-Abdeckplane-Winterfest-gegen-schnee-und-eis.jpeg\",\"datePublished\":\"2022-05-09T12:18:32+00:00\",\"dateModified\":\"2026-03-24T10:33:10+00:00\",\"description\":\"Housse moto r\u00e9sistante \u00e0 l'hiver : Repos hivernal & pr\u00e9servation de la valeur \u2713 Taille en 3 clics pour plus de 2500 mod\u00e8les \u2713 Protection contre les intemp\u00e9ries hivernales, le sel, l'humidit\u00e9...\",\"breadcrumb\":{\"@id\":\"https:\\\/\\\/www.mycover-protection.com\\\/fr\\\/magazin\\\/bache-de-protection-pour-moto-resistante-a-lhiver-comment-passer-lhiver-en-toute-securite\\\/#breadcrumb\"},\"inLanguage\":\"fr-FR\",\"potentialAction\":[{\"@type\":\"ReadAction\",\"target\":[\"https:\\\/\\\/www.mycover-protection.com\\\/fr\\\/magazin\\\/bache-de-protection-pour-moto-resistante-a-lhiver-comment-passer-lhiver-en-toute-securite\\\/\"]}]},{\"@type\":\"ImageObject\",\"inLanguage\":\"fr-FR\",\"@id\":\"https:\\\/\\\/www.mycover-protection.com\\\/fr\\\/magazin\\\/bache-de-protection-pour-moto-resistante-a-lhiver-comment-passer-lhiver-en-toute-securite\\\/#primaryimage\",\"url\":\"https:\\\/\\\/www.mycover-protection.com\\\/wp-content\\\/uploads\\\/2021\\\/11\\\/Motorrad-Abdeckplane-Winterfest-gegen-schnee-und-eis.jpeg\",\"contentUrl\":\"https:\\\/\\\/www.mycover-protection.com\\\/wp-content\\\/uploads\\\/2021\\\/11\\\/Motorrad-Abdeckplane-Winterfest-gegen-schnee-und-eis.jpeg\",\"width\":1072,\"height\":1072,\"caption\":\"Winterfeste Motorrad Abdeckplanen sch\u00fctzen zuverl\u00e4ssig vor Schnee, Eis und N\u00e4sse im Winter.\"},{\"@type\":\"BreadcrumbList\",\"@id\":\"https:\\\/\\\/www.mycover-protection.com\\\/fr\\\/magazin\\\/bache-de-protection-pour-moto-resistante-a-lhiver-comment-passer-lhiver-en-toute-securite\\\/#breadcrumb\",\"itemListElement\":[{\"@type\":\"ListItem\",\"position\":1,\"name\":\"Startseite\",\"item\":\"https:\\\/\\\/www.mycover-protection.com\\\/fr\\\/\"},{\"@type\":\"ListItem\",\"position\":2,\"name\":\"Housse moto r\u00e9sistante \u00e0 l&#8217;hiver&nbsp;: S\u00fbre et sans souci lorsque les temp\u00e9ratures chutent \u2744\ufe0f\"}]},{\"@type\":\"WebSite\",\"@id\":\"https:\\\/\\\/www.mycover-protection.com\\\/fr\\\/#website\",\"url\":\"https:\\\/\\\/www.mycover-protection.com\\\/fr\\\/\",\"name\":\"MYCOVER\u00ae Online Shop\",\"description\":\"Protection at its finest\",\"publisher\":{\"@id\":\"https:\\\/\\\/www.mycover-protection.com\\\/fr\\\/#organization\"},\"potentialAction\":[{\"@type\":\"SearchAction\",\"target\":{\"@type\":\"EntryPoint\",\"urlTemplate\":\"https:\\\/\\\/www.mycover-protection.com\\\/fr\\\/?s={search_term_string}\"},\"query-input\":{\"@type\":\"PropertyValueSpecification\",\"valueRequired\":true,\"valueName\":\"search_term_string\"}}],\"inLanguage\":\"fr-FR\"},{\"@type\":\"Organization\",\"@id\":\"https:\\\/\\\/www.mycover-protection.com\\\/fr\\\/#organization\",\"name\":\"MYCOVER\u00ae - PROTECTION AT ITS FINEST\",\"url\":\"https:\\\/\\\/www.mycover-protection.com\\\/fr\\\/\",\"logo\":{\"@type\":\"ImageObject\",\"inLanguage\":\"fr-FR\",\"@id\":\"https:\\\/\\\/www.mycover-protection.com\\\/fr\\\/#\\\/schema\\\/logo\\\/image\\\/\",\"url\":\"https:\\\/\\\/www.mycover-protection.com\\\/wp-content\\\/uploads\\\/2020\\\/01\\\/PAYPAL_190x60_mycover-white.jpg\",\"contentUrl\":\"https:\\\/\\\/www.mycover-protection.com\\\/wp-content\\\/uploads\\\/2020\\\/01\\\/PAYPAL_190x60_mycover-white.jpg\",\"width\":190,\"height\":60,\"caption\":\"MYCOVER\u00ae - PROTECTION AT ITS FINEST\"},\"image\":{\"@id\":\"https:\\\/\\\/www.mycover-protection.com\\\/fr\\\/#\\\/schema\\\/logo\\\/image\\\/\"},\"sameAs\":[\"https:\\\/\\\/www.facebook.com\\\/Mycover-114242613377158\\\/\"]},{\"@type\":\"Person\",\"@id\":\"https:\\\/\\\/www.mycover-protection.com\\\/fr\\\/#\\\/schema\\\/person\\\/c64ba46f554deb35f38a5cc152975a25\",\"name\":\"Constantin Porsack\"}]}<\/script>\n<!-- \/ Yoast SEO plugin. -->","yoast_head_json":{"title":"Housse moto r\u00e9sistante \u00e0 l'hiver 2026 | Qui ach\u00e8te bon march\u00e9, paie deux fois","description":"Housse moto r\u00e9sistante \u00e0 l'hiver : Repos hivernal & pr\u00e9servation de la valeur \u2713 Taille en 3 clics pour plus de 2500 mod\u00e8les \u2713 Protection contre les intemp\u00e9ries hivernales, le sel, l'humidit\u00e9...","robots":{"index":"index","follow":"follow","max-snippet":"max-snippet:-1","max-image-preview":"max-image-preview:large","max-video-preview":"max-video-preview:-1"},"canonical":"https:\/\/www.mycover-protection.com\/fr\/magazin\/bache-de-protection-pour-moto-resistante-a-lhiver-comment-passer-lhiver-en-toute-securite\/","og_locale":"fr_FR","og_type":"article","og_title":"Housse moto r\u00e9sistante \u00e0 l'hiver 2026 | Qui ach\u00e8te bon march\u00e9, paie deux fois","og_description":"Housse moto r\u00e9sistante \u00e0 l'hiver : Repos hivernal & pr\u00e9servation de la valeur \u2713 Taille en 3 clics pour plus de 2500 mod\u00e8les \u2713 Protection contre les intemp\u00e9ries hivernales, le sel, l'humidit\u00e9...","og_url":"https:\/\/www.mycover-protection.com\/fr\/magazin\/bache-de-protection-pour-moto-resistante-a-lhiver-comment-passer-lhiver-en-toute-securite\/","og_site_name":"MYCOVER\u00ae Online Shop","article_publisher":"https:\/\/www.facebook.com\/Mycover-114242613377158\/","article_published_time":"2022-05-09T12:18:32+00:00","article_modified_time":"2026-03-24T10:33:10+00:00","og_image":[{"width":1072,"height":1072,"url":"https:\/\/www.mycover-protection.com\/wp-content\/uploads\/2021\/11\/Motorrad-Abdeckplane-Winterfest-gegen-schnee-und-eis.jpeg","type":"image\/jpeg"}],"author":"Constantin Porsack","twitter_card":"summary_large_image","twitter_title":"Housse moto r\u00e9sistante \u00e0 l'hiver 2026 | Qui ach\u00e8te bon march\u00e9, paie deux fois","twitter_description":"Housse moto r\u00e9sistante \u00e0 l'hiver : Repos hivernal & pr\u00e9servation de la valeur \u2713 Taille en 3 clics pour plus de 2500 mod\u00e8les \u2713 Protection contre les intemp\u00e9ries hivernales, le sel, l'humidit\u00e9...","twitter_misc":{"\u00c9crit par":"Constantin Porsack","Dur\u00e9e de lecture estim\u00e9e":"11 minutes"},"schema":{"@context":"https:\/\/schema.org","@graph":[{"@type":"Article","@id":"https:\/\/www.mycover-protection.com\/fr\/magazin\/bache-de-protection-pour-moto-resistante-a-lhiver-comment-passer-lhiver-en-toute-securite\/#article","isPartOf":{"@id":"https:\/\/www.mycover-protection.com\/fr\/magazin\/bache-de-protection-pour-moto-resistante-a-lhiver-comment-passer-lhiver-en-toute-securite\/"},"author":{"name":"Constantin Porsack","@id":"https:\/\/www.mycover-protection.com\/fr\/#\/schema\/person\/c64ba46f554deb35f38a5cc152975a25"},"headline":"Housse moto r\u00e9sistante \u00e0 l&rsquo;hiver&nbsp;: S\u00fbre et sans souci lorsque les temp\u00e9ratures chutent \u2744\ufe0f","datePublished":"2022-05-09T12:18:32+00:00","dateModified":"2026-03-24T10:33:10+00:00","mainEntityOfPage":{"@id":"https:\/\/www.mycover-protection.com\/fr\/magazin\/bache-de-protection-pour-moto-resistante-a-lhiver-comment-passer-lhiver-en-toute-securite\/"},"wordCount":2369,"publisher":{"@id":"https:\/\/www.mycover-protection.com\/fr\/#organization"},"image":{"@id":"https:\/\/www.mycover-protection.com\/fr\/magazin\/bache-de-protection-pour-moto-resistante-a-lhiver-comment-passer-lhiver-en-toute-securite\/#primaryimage"},"thumbnailUrl":"https:\/\/www.mycover-protection.com\/wp-content\/uploads\/2021\/11\/Motorrad-Abdeckplane-Winterfest-gegen-schnee-und-eis.jpeg","articleSection":["Non classifi\u00e9(e)"],"inLanguage":"fr-FR"},{"@type":"WebPage","@id":"https:\/\/www.mycover-protection.com\/fr\/magazin\/bache-de-protection-pour-moto-resistante-a-lhiver-comment-passer-lhiver-en-toute-securite\/","url":"https:\/\/www.mycover-protection.com\/fr\/magazin\/bache-de-protection-pour-moto-resistante-a-lhiver-comment-passer-lhiver-en-toute-securite\/","name":"Housse moto r\u00e9sistante \u00e0 l'hiver 2026 | Qui ach\u00e8te bon march\u00e9, paie deux fois","isPartOf":{"@id":"https:\/\/www.mycover-protection.com\/fr\/#website"},"primaryImageOfPage":{"@id":"https:\/\/www.mycover-protection.com\/fr\/magazin\/bache-de-protection-pour-moto-resistante-a-lhiver-comment-passer-lhiver-en-toute-securite\/#primaryimage"},"image":{"@id":"https:\/\/www.mycover-protection.com\/fr\/magazin\/bache-de-protection-pour-moto-resistante-a-lhiver-comment-passer-lhiver-en-toute-securite\/#primaryimage"},"thumbnailUrl":"https:\/\/www.mycover-protection.com\/wp-content\/uploads\/2021\/11\/Motorrad-Abdeckplane-Winterfest-gegen-schnee-und-eis.jpeg","datePublished":"2022-05-09T12:18:32+00:00","dateModified":"2026-03-24T10:33:10+00:00","description":"Housse moto r\u00e9sistante \u00e0 l'hiver : Repos hivernal & pr\u00e9servation de la valeur \u2713 Taille en 3 clics pour plus de 2500 mod\u00e8les \u2713 Protection contre les intemp\u00e9ries hivernales, le sel, l'humidit\u00e9...","breadcrumb":{"@id":"https:\/\/www.mycover-protection.com\/fr\/magazin\/bache-de-protection-pour-moto-resistante-a-lhiver-comment-passer-lhiver-en-toute-securite\/#breadcrumb"},"inLanguage":"fr-FR","potentialAction":[{"@type":"ReadAction","target":["https:\/\/www.mycover-protection.com\/fr\/magazin\/bache-de-protection-pour-moto-resistante-a-lhiver-comment-passer-lhiver-en-toute-securite\/"]}]},{"@type":"ImageObject","inLanguage":"fr-FR","@id":"https:\/\/www.mycover-protection.com\/fr\/magazin\/bache-de-protection-pour-moto-resistante-a-lhiver-comment-passer-lhiver-en-toute-securite\/#primaryimage","url":"https:\/\/www.mycover-protection.com\/wp-content\/uploads\/2021\/11\/Motorrad-Abdeckplane-Winterfest-gegen-schnee-und-eis.jpeg","contentUrl":"https:\/\/www.mycover-protection.com\/wp-content\/uploads\/2021\/11\/Motorrad-Abdeckplane-Winterfest-gegen-schnee-und-eis.jpeg","width":1072,"height":1072,"caption":"Winterfeste Motorrad Abdeckplanen sch\u00fctzen zuverl\u00e4ssig vor Schnee, Eis und N\u00e4sse im Winter."},{"@type":"BreadcrumbList","@id":"https:\/\/www.mycover-protection.com\/fr\/magazin\/bache-de-protection-pour-moto-resistante-a-lhiver-comment-passer-lhiver-en-toute-securite\/#breadcrumb","itemListElement":[{"@type":"ListItem","position":1,"name":"Startseite","item":"https:\/\/www.mycover-protection.com\/fr\/"},{"@type":"ListItem","position":2,"name":"Housse moto r\u00e9sistante \u00e0 l&#8217;hiver&nbsp;: S\u00fbre et sans souci lorsque les temp\u00e9ratures chutent \u2744\ufe0f"}]},{"@type":"WebSite","@id":"https:\/\/www.mycover-protection.com\/fr\/#website","url":"https:\/\/www.mycover-protection.com\/fr\/","name":"MYCOVER\u00ae Online Shop","description":"Protection at its finest","publisher":{"@id":"https:\/\/www.mycover-protection.com\/fr\/#organization"},"potentialAction":[{"@type":"SearchAction","target":{"@type":"EntryPoint","urlTemplate":"https:\/\/www.mycover-protection.com\/fr\/?s={search_term_string}"},"query-input":{"@type":"PropertyValueSpecification","valueRequired":true,"valueName":"search_term_string"}}],"inLanguage":"fr-FR"},{"@type":"Organization","@id":"https:\/\/www.mycover-protection.com\/fr\/#organization","name":"MYCOVER\u00ae - PROTECTION AT ITS FINEST","url":"https:\/\/www.mycover-protection.com\/fr\/","logo":{"@type":"ImageObject","inLanguage":"fr-FR","@id":"https:\/\/www.mycover-protection.com\/fr\/#\/schema\/logo\/image\/","url":"https:\/\/www.mycover-protection.com\/wp-content\/uploads\/2020\/01\/PAYPAL_190x60_mycover-white.jpg","contentUrl":"https:\/\/www.mycover-protection.com\/wp-content\/uploads\/2020\/01\/PAYPAL_190x60_mycover-white.jpg","width":190,"height":60,"caption":"MYCOVER\u00ae - PROTECTION AT ITS FINEST"},"image":{"@id":"https:\/\/www.mycover-protection.com\/fr\/#\/schema\/logo\/image\/"},"sameAs":["https:\/\/www.facebook.com\/Mycover-114242613377158\/"]},{"@type":"Person","@id":"https:\/\/www.mycover-protection.com\/fr\/#\/schema\/person\/c64ba46f554deb35f38a5cc152975a25","name":"Constantin Porsack"}]}},"_links":{"self":[{"href":"https:\/\/www.mycover-protection.com\/fr\/wp-json\/wp\/v2\/posts\/17540","targetHints":{"allow":["GET"]}}],"collection":[{"href":"https:\/\/www.mycover-protection.com\/fr\/wp-json\/wp\/v2\/posts"}],"about":[{"href":"https:\/\/www.mycover-protection.com\/fr\/wp-json\/wp\/v2\/types\/post"}],"author":[{"embeddable":true,"href":"https:\/\/www.mycover-protection.com\/fr\/wp-json\/wp\/v2\/users\/11"}],"replies":[{"embeddable":true,"href":"https:\/\/www.mycover-protection.com\/fr\/wp-json\/wp\/v2\/comments?post=17540"}],"version-history":[{"count":79,"href":"https:\/\/www.mycover-protection.com\/fr\/wp-json\/wp\/v2\/posts\/17540\/revisions"}],"predecessor-version":[{"id":66364,"href":"https:\/\/www.mycover-protection.com\/fr\/wp-json\/wp\/v2\/posts\/17540\/revisions\/66364"}],"wp:featuredmedia":[{"embeddable":true,"href":"https:\/\/www.mycover-protection.com\/fr\/wp-json\/wp\/v2\/media\/17403"}],"wp:attachment":[{"href":"https:\/\/www.mycover-protection.com\/fr\/wp-json\/wp\/v2\/media?parent=17540"}],"wp:term":[{"taxonomy":"category","embeddable":true,"href":"https:\/\/www.mycover-protection.com\/fr\/wp-json\/wp\/v2\/categories?post=17540"},{"taxonomy":"post_tag","embeddable":true,"href":"https:\/\/www.mycover-protection.com\/fr\/wp-json\/wp\/v2\/tags?post=17540"}],"curies":[{"name":"wp","href":"https:\/\/api.w.org\/{rel}","templated":true}]}}