{"id":34246,"date":"2024-06-13T17:27:19","date_gmt":"2024-06-13T16:27:19","guid":{"rendered":"https:\/\/www.mycover-protection.com\/?p=34246"},"modified":"2026-03-24T11:28:56","modified_gmt":"2026-03-24T10:28:56","slug":"les-meilleures-idees-de-cadeaux-pour-les-motards-dans-differentes-categories-de-prix","status":"publish","type":"post","link":"https:\/\/www.mycover-protection.com\/fr\/magazin\/les-meilleures-idees-de-cadeaux-pour-les-motards-dans-differentes-categories-de-prix\/","title":{"rendered":"Cadeaux pour les motards &#8211; les meilleures id\u00e9es pour tous les budgets"},"content":{"rendered":"\n<div class=\"wp-block-group is-content-intro\"><div class=\"wp-block-group__inner-container is-layout-flow wp-block-group-is-layout-flow\">\n<p>Vous cherchez un cadeau pour un motard, mais vous n&rsquo;avez aucune id\u00e9e de ce qui convient vraiment ? Pas de probl\u00e8me ! Nous vous pr\u00e9sentons les meilleurs<strong>cadeaux pour les motards<\/strong>: du<strong>pratique<\/strong>au<strong>cr\u00e9atif<\/strong>, du<strong>bon march\u00e9<\/strong>au<strong>haut de gamme, des porte-cl\u00e9s moto aux Housses moto<\/strong>. Pour tous ceux qui pensent avoir d\u00e9j\u00e0 tout. <\/p>\n\n\n\n<p>L&rsquo;<a data-type=\"URL\" data-id=\"https:\/\/www.mycover-protection.com\/ueber-uns\/\" href=\"https:\/\/www.mycover-protection.com\/fr\/a-propos-de-nous\/\">\u00e9quipe MYCOVER\u00ae<\/a> vous \u00e9claire !<\/p>\n<\/div><\/div>\n\n<div class=\"wp-block-group is-table-of-contents\"><div class=\"wp-block-group__inner-container is-layout-flow wp-block-group-is-layout-flow\">\n<p class=\"is-table-of-contents__heading\">Table des mati\u00e8res<\/p>\n\n\n\n<ol class=\"wp-block-list\">\n<li><a data-type=\"internal\" data-id=\"#Wie-kann-eine-winterfeste-Motorradabdeckplane-sch&#xFC;tzen\" href=\"#Wie-kann-eine-winterfeste-Motorradabdeckplane-sch%C3%BCtzen\">Cadeaux moto, du moins cher au plus prestigieux &#8211; nos recommandations  <\/a><\/li>\n\n\n\n<li><a href=\"#Unter-20%E2%82%AC---Kleine-&amp;-praktische-Geschenke\">Moins de 20\u20ac &#8211; Petits cadeaux pratiques<\/a><\/li>\n\n\n\n<li><a href=\"#Nicht-jede-Motorrad-Abdeckplane-ist-winterfest-und-f%C3%BCr-den-Winter-geeignet\">Cadeaux moto personnalis\u00e9s de 20 \u00e0 50 euros<\/a><\/li>\n\n\n\n<li><a data-type=\"internal\" data-id=\"#Mit-der-richtigen-Abdeckplane-dein-Motorrad-winterfest-machen\" href=\"#Mit-der-richtigen-Abdeckplane-dein-Motorrad-winterfest-machen\">Id\u00e9es de cadeaux moto dans la gamme de prix de 50 \u00e0 100 euros<\/a><\/li>\n\n\n\n<li><a href=\"#Geschenke-fuer-Motorrad-Fans-ueber-100-Euro\">Cadeaux pour les fans de moto de plus de 100 euros<\/a><\/li>\n\n\n\n<li><a href=\"#Gutscheine_als_Geschenk\">Id\u00e9es de cadeaux pour les motards &#8211; Bons d&rsquo;achat<\/a><\/li>\n\n\n\n<li><a href=\"#Fazit_Geschenke\">Conclusion : le cadeau id\u00e9al pour tout fan de moto<\/a><\/li>\n\n\n\n<li><a href=\"#Fragen-zu-den-Geschenkideen\">FAQ &#8211; Questions sur les id\u00e9es de cadeaux<\/a><\/li>\n<\/ol>\n<\/div><\/div>\n\n<div style=\"height:5px\" aria-hidden=\"true\" class=\"wp-block-spacer\"><\/div>\n\n<figure class=\"wp-block-image size-large\"><img decoding=\"async\" width=\"1024\" height=\"683\" src=\"https:\/\/www.mycover-protection.com\/wp-content\/uploads\/2024\/05\/Motorradfahrer_Geschenkideen-1024x683.png\" alt=\"Une femme surprend un motard avec un cadeau, geste &#xE9;motionnel devant la moto au coucher du soleil\" class=\"wp-image-52523\" srcset=\"https:\/\/www.mycover-protection.com\/wp-content\/uploads\/2024\/05\/Motorradfahrer_Geschenkideen-1024x683.png 1024w, https:\/\/www.mycover-protection.com\/wp-content\/uploads\/2024\/05\/Motorradfahrer_Geschenkideen-300x200.png 300w, https:\/\/www.mycover-protection.com\/wp-content\/uploads\/2024\/05\/Motorradfahrer_Geschenkideen-768x512.png 768w, https:\/\/www.mycover-protection.com\/wp-content\/uploads\/2024\/05\/Motorradfahrer_Geschenkideen-400x267.png 400w, https:\/\/www.mycover-protection.com\/wp-content\/uploads\/2024\/05\/Motorradfahrer_Geschenkideen-800x533.png 800w, https:\/\/www.mycover-protection.com\/wp-content\/uploads\/2024\/05\/Motorradfahrer_Geschenkideen.png 1536w\" sizes=\"(max-width: 1024px) 100vw, 1024px\" \/><figcaption class=\"wp-element-caption\">Cette image a \u00e9t\u00e9 g\u00e9n\u00e9r\u00e9e avec AI<\/figcaption><\/figure>\n\n<div style=\"height:5px\" aria-hidden=\"true\" class=\"wp-block-spacer\"><\/div>\n\n<h2 class=\"wp-block-heading\" id=\"Wie-kann-eine-winterfeste-Motorradabdeckplane-sch&#xFC;tzen\">Cadeaux moto, du moins cher au plus prestigieux &#8211; nos recommandations<\/h2>\n\n<h3 class=\"wp-block-heading\" id=\"Unter-20&#x20AC;---Kleine-&amp;-praktische-Geschenke\">Moins de 20\u20ac &#8211; Petits cadeaux pratiques<\/h3>\n\n<p>Vous cherchez un petit cadeau sp\u00e9cial pour les motards, des accessoires utiles ou un cadeau bon march\u00e9 qui soit utile et offre une r\u00e9elle valeur ajout\u00e9e ? Vous trouverez ici de nombreux classiques tr\u00e8s appr\u00e9ci\u00e9s, allant de charmants porte-bonheur \u00e0 des aides pratiques pour la vie quotidienne : <\/p>\n\n<div style=\"height:25px\" aria-hidden=\"true\" class=\"wp-block-spacer\"><\/div>\n\n<p><strong>Nos meilleures recommandations :<\/strong><\/p>\n\n<ul class=\"wp-block-list\">\n<li><strong><a href=\"https:\/\/www.mycover-protection.com\/fr\/produkt\/abus-ssp20-side-stand-pad\/\">Side Stand Pad<\/a>:<\/strong> Emp\u00eache la b\u00e9quille lat\u00e9rale de s&rsquo;enfoncer sur les surfaces molles comme le gravier et les prairies. De plus, il prot\u00e8ge les sols fragiles des garages contre les rayures. <\/li>\n\n\n\n<li><strong><a href=\"https:\/\/www.mycover-protection.com\/fr\/produkt\/abus-ps88-antivol-pour-moto-spray-dentretien-et-de-degivrage\/\">ABUS PS88 Spray<\/a>:<\/strong> Le classique pour l&rsquo;entretien et le d\u00e9givrage des serrures. Pr\u00e9vient la rouille, d\u00e9bloque les m\u00e9canismes gripp\u00e9s et assure le fonctionnement fiable de votre serrure m\u00eame en hiver. <\/li>\n\n\n\n<li><strong><a href=\"https:\/\/www.mycover-protection.com\/fr\/produkt\/abus-memory-cable\/\">C\u00e2ble m\u00e9moire<\/a>:<\/strong> Ce que beaucoup sous-estiment peut vite co\u00fbter cher : Si vous partez avec un antivol de disque de frein en place, vous risquez de tordre des disques de frein, de casser des fourches et de faire des chutes dangereuses. C&rsquo;est pr\u00e9cis\u00e9ment ce que le c\u00e2ble de rappel color\u00e9 \u00e9vite. Visible, fiable<br\/>et \u00e9conomique. Il vous permet d&rsquo;\u00e9conomiser vos nerfs et votre argent et prot\u00e8ge votre moto de dommages co\u00fbteux en cas d&rsquo;urgence.   <\/li>\n<\/ul>\n\n<div style=\"height:25px\" aria-hidden=\"true\" class=\"wp-block-spacer\"><\/div>\n\n<p><strong>Autres cadeaux populaires<\/strong> <strong>pour les motards :<\/strong><\/p>\n\n<ul class=\"wp-block-list\">\n<li><strong>Porte-cl\u00e9s moto :<\/strong> personnalisable, en tissu ou en m\u00e9tal, avec de nombreuses possibilit\u00e9s de personnalisation pour les vrais fans et un cadeau id\u00e9al \u00e0 caract\u00e8re personnel.<\/li>\n\n\n\n<li><strong>Ange gardien, porte-bonheur ou coupe-pizza :<\/strong> des petits symboles de charme au design moto, id\u00e9aux comme cadeaux personnels avec signification, qui portent chance et attirent positivement l&rsquo;attention.<\/li>\n\n\n\n<li><strong>Mini-d\u00e9capsuleurs, tirelires ou plaques de m\u00e9tal :<\/strong> Pratiques ou d\u00e9coratifs, avec des motifs de moto forts, parfaits pour le garage, l&rsquo;atelier ou comme petit compl\u00e9ment au cadeau.<\/li>\n\n\n\n<li><strong>Gadgets d&rsquo;atelier et d\u00e9coration de garage amusants :<\/strong> des accessoires de vissage \u00e0 la fois dr\u00f4les et fonctionnels, id\u00e9aux pour les vrais fans de moto qui appr\u00e9cient l&rsquo;humour et souhaitent personnaliser leur \u00e9tabli.<\/li>\n\n\n\n<li><strong>Kit d&rsquo;entretien pour moto :<\/strong> avec des produits de nettoyage, des chiffons en microfibre et des brosses, redonne rapidement son \u00e9clat \u00e0 n&rsquo;importe quelle moto, id\u00e9al pour l&rsquo;entretien de temps en temps ou pour <a href=\"https:\/\/www.mycover-protection.com\/fr\/magazin\/hiverner-sa-moto-votre-guide-complet-pour-la-saison-froide\/\">l&rsquo;hivernage de la moto<\/a>.<\/li>\n\n\n\n<li><strong>Cadeaux personnalis\u00e9s pour les motards :<\/strong> des plaques grav\u00e9es ou des porte-cl\u00e9s avec un message personnel et le texte de votre choix, qui font de chaque cadeau un v\u00e9ritable objet unique.<\/li>\n<\/ul>\n\n<p>Les petits cadeaux moto pour les hommes ou les petits objets pratiques pour les visseurs peuvent \u00e9galement \u00eatre r\u00e9alis\u00e9s ici.<\/p>\n\n<div style=\"height:45px\" aria-hidden=\"true\" class=\"wp-block-spacer\"><\/div>\n<div data-align-buttons=\"true\" data-block-name=\"woocommerce\/handpicked-products\" data-content-visibility=\"{&quot;image&quot;:true,&quot;title&quot;:true,&quot;price&quot;:true,&quot;rating&quot;:true,&quot;button&quot;:false}\" data-orderby=\"price_asc\" data-products=\"[17427,27088,26954]\" class=\"wc-block-grid wp-block-handpicked-products wp-block-woocommerce-handpicked-products wc-block-handpicked-products has-3-columns has-multiple-rows has-aligned-buttons\"><ul class=\"wc-block-grid__products\"><li class=\"wc-block-grid__product\"><span class=\"gtm4wp_productdata\" style=\"display:none; visibility:hidden;\" data-gtm4wp_product_data=\"{&quot;internal_id&quot;:17427,&quot;item_id&quot;:&quot;AB-PS-017-BLU&quot;,&quot;item_name&quot;:&quot;ABUS PS88 Spray d&#039;entretien et de d\\u00e9givrage&quot;,&quot;sku&quot;:&quot;AB-PS-017-BLU&quot;,&quot;price&quot;:7.49,&quot;stocklevel&quot;:3,&quot;stockstatus&quot;:&quot;instock&quot;,&quot;google_business_vertical&quot;:&quot;retail&quot;,&quot;item_category&quot;:&quot;Accessoires&quot;,&quot;id&quot;:&quot;AB-PS-017-BLU&quot;,&quot;productlink&quot;:&quot;https:\\\/\\\/www.mycover-protection.com\\\/fr\\\/produkt\\\/abus-ps88-antivol-pour-moto-spray-dentretien-et-de-degivrage\\\/&quot;,&quot;item_list_name&quot;:&quot;Liste g\\u00e9n\\u00e9rale des produits&quot;,&quot;index&quot;:0,&quot;product_type&quot;:&quot;simple&quot;,&quot;item_brand&quot;:&quot;&quot;}\"><\/span>\n\t\t\t\t<a href=\"https:\/\/www.mycover-protection.com\/fr\/produkt\/abus-ps88-antivol-pour-moto-spray-dentretien-et-de-degivrage\/\" class=\"wc-block-grid__product-link\">\n\t\t\t\t\t\n\t\t\t\t\t<div class=\"wc-block-grid__product-image\"><img decoding=\"async\" width=\"300\" height=\"300\" src=\"https:\/\/www.mycover-protection.com\/wp-content\/uploads\/2021\/03\/Motorrad-Schloss-Pflege-Spray-Abus-PS88_SB_50ml_einzeln-300x300.jpg\" class=\"attachment-woocommerce_thumbnail size-woocommerce_thumbnail\" alt=\"ABUS PS88 Spray d&#039;entretien et de d\u00e9givrage\" srcset=\"https:\/\/www.mycover-protection.com\/wp-content\/uploads\/2021\/03\/Motorrad-Schloss-Pflege-Spray-Abus-PS88_SB_50ml_einzeln-300x300.jpg 300w, https:\/\/www.mycover-protection.com\/wp-content\/uploads\/2021\/03\/Motorrad-Schloss-Pflege-Spray-Abus-PS88_SB_50ml_einzeln-150x150.jpg 150w, https:\/\/www.mycover-protection.com\/wp-content\/uploads\/2021\/03\/Motorrad-Schloss-Pflege-Spray-Abus-PS88_SB_50ml_einzeln-768x768.jpg 768w, https:\/\/www.mycover-protection.com\/wp-content\/uploads\/2021\/03\/Motorrad-Schloss-Pflege-Spray-Abus-PS88_SB_50ml_einzeln-270x270.jpg 270w, https:\/\/www.mycover-protection.com\/wp-content\/uploads\/2021\/03\/Motorrad-Schloss-Pflege-Spray-Abus-PS88_SB_50ml_einzeln-200x200.jpg 200w, https:\/\/www.mycover-protection.com\/wp-content\/uploads\/2021\/03\/Motorrad-Schloss-Pflege-Spray-Abus-PS88_SB_50ml_einzeln-60x60.jpg 60w, https:\/\/www.mycover-protection.com\/wp-content\/uploads\/2021\/03\/Motorrad-Schloss-Pflege-Spray-Abus-PS88_SB_50ml_einzeln-90x90.jpg 90w, https:\/\/www.mycover-protection.com\/wp-content\/uploads\/2021\/03\/Motorrad-Schloss-Pflege-Spray-Abus-PS88_SB_50ml_einzeln.jpg 800w\" sizes=\"(max-width: 300px) 100vw, 300px\" \/><\/div>\n\t\t\t\t\t<div class=\"wc-block-grid__product-title\">ABUS PS88 Spray d&rsquo;entretien et de d\u00e9givrage<\/div>\n\t\t\t\t<\/a>\n\t\t\t\t<div class=\"wc-block-grid__product-price price\"><small><\/small><span class=\"woocommerce-Price-amount amount\">7,49<span class=\"woocommerce-Price-currencySymbol\">&euro;<\/span><\/span><\/div>\n\t\t\t\t\n\t\t\t\t\n\t\t\t<\/li><li class=\"wc-block-grid__product\"><span class=\"gtm4wp_productdata\" style=\"display:none; visibility:hidden;\" data-gtm4wp_product_data=\"{&quot;internal_id&quot;:26954,&quot;item_id&quot;:&quot;33919&quot;,&quot;item_name&quot;:&quot;ABUS Memory Cable&quot;,&quot;sku&quot;:&quot;33919&quot;,&quot;price&quot;:7.95,&quot;stocklevel&quot;:1,&quot;stockstatus&quot;:&quot;instock&quot;,&quot;google_business_vertical&quot;:&quot;retail&quot;,&quot;item_category&quot;:&quot;Antivols ABUS&quot;,&quot;id&quot;:&quot;33919&quot;,&quot;productlink&quot;:&quot;https:\\\/\\\/www.mycover-protection.com\\\/fr\\\/produkt\\\/abus-memory-cable\\\/&quot;,&quot;item_list_name&quot;:&quot;Liste g\\u00e9n\\u00e9rale des produits&quot;,&quot;index&quot;:0,&quot;product_type&quot;:&quot;simple&quot;,&quot;item_brand&quot;:&quot;&quot;}\"><\/span>\n\t\t\t\t<a href=\"https:\/\/www.mycover-protection.com\/fr\/produkt\/abus-memory-cable\/\" class=\"wc-block-grid__product-link\">\n\t\t\t\t\t\n\t\t\t\t\t<div class=\"wc-block-grid__product-image\"><img decoding=\"async\" width=\"300\" height=\"300\" src=\"https:\/\/www.mycover-protection.com\/wp-content\/uploads\/2023\/07\/ABUS-Memory-Cable-300x300.jpg\" class=\"attachment-woocommerce_thumbnail size-woocommerce_thumbnail\" alt=\"ABUS Memory Cable\" srcset=\"https:\/\/www.mycover-protection.com\/wp-content\/uploads\/2023\/07\/ABUS-Memory-Cable-300x300.jpg 300w, https:\/\/www.mycover-protection.com\/wp-content\/uploads\/2023\/07\/ABUS-Memory-Cable-150x150.jpg 150w, https:\/\/www.mycover-protection.com\/wp-content\/uploads\/2023\/07\/ABUS-Memory-Cable-768x768.jpg 768w, https:\/\/www.mycover-protection.com\/wp-content\/uploads\/2023\/07\/ABUS-Memory-Cable-270x270.jpg 270w, https:\/\/www.mycover-protection.com\/wp-content\/uploads\/2023\/07\/ABUS-Memory-Cable-200x200.jpg 200w, https:\/\/www.mycover-protection.com\/wp-content\/uploads\/2023\/07\/ABUS-Memory-Cable.jpg 800w\" sizes=\"(max-width: 300px) 100vw, 300px\" \/><\/div>\n\t\t\t\t\t<div class=\"wc-block-grid__product-title\">ABUS Memory Cable<\/div>\n\t\t\t\t<\/a>\n\t\t\t\t<div class=\"wc-block-grid__product-price price\"><small><\/small><span class=\"woocommerce-Price-amount amount\">7,95<span class=\"woocommerce-Price-currencySymbol\">&euro;<\/span><\/span><\/div>\n\t\t\t\t\n\t\t\t\t\n\t\t\t<\/li><li class=\"wc-block-grid__product\"><span class=\"gtm4wp_productdata\" style=\"display:none; visibility:hidden;\" data-gtm4wp_product_data=\"{&quot;internal_id&quot;:27088,&quot;item_id&quot;:&quot;90058&quot;,&quot;item_name&quot;:&quot;ABUS SSP20 Side Stand Pad | Support de b\\u00e9quille lat\\u00e9rale&quot;,&quot;sku&quot;:&quot;90058&quot;,&quot;price&quot;:9.95,&quot;stocklevel&quot;:34,&quot;stockstatus&quot;:&quot;instock&quot;,&quot;google_business_vertical&quot;:&quot;retail&quot;,&quot;item_category&quot;:&quot;Antivols ABUS&quot;,&quot;id&quot;:&quot;90058&quot;,&quot;productlink&quot;:&quot;https:\\\/\\\/www.mycover-protection.com\\\/fr\\\/produkt\\\/abus-ssp20-side-stand-pad\\\/&quot;,&quot;item_list_name&quot;:&quot;Liste g\\u00e9n\\u00e9rale des produits&quot;,&quot;index&quot;:0,&quot;product_type&quot;:&quot;simple&quot;,&quot;item_brand&quot;:&quot;&quot;}\"><\/span>\n\t\t\t\t<a href=\"https:\/\/www.mycover-protection.com\/fr\/produkt\/abus-ssp20-side-stand-pad\/\" class=\"wc-block-grid__product-link\">\n\t\t\t\t\t\n\t\t\t\t\t<div class=\"wc-block-grid__product-image\"><img decoding=\"async\" width=\"300\" height=\"300\" src=\"https:\/\/www.mycover-protection.com\/wp-content\/uploads\/2023\/07\/SSP20-300x300.jpg\" class=\"attachment-woocommerce_thumbnail size-woocommerce_thumbnail\" alt=\"ABUS SSP20\" srcset=\"https:\/\/www.mycover-protection.com\/wp-content\/uploads\/2023\/07\/SSP20-300x300.jpg 300w, https:\/\/www.mycover-protection.com\/wp-content\/uploads\/2023\/07\/SSP20-150x150.jpg 150w, https:\/\/www.mycover-protection.com\/wp-content\/uploads\/2023\/07\/SSP20-768x768.jpg 768w, https:\/\/www.mycover-protection.com\/wp-content\/uploads\/2023\/07\/SSP20-270x270.jpg 270w, https:\/\/www.mycover-protection.com\/wp-content\/uploads\/2023\/07\/SSP20-200x200.jpg 200w, https:\/\/www.mycover-protection.com\/wp-content\/uploads\/2023\/07\/SSP20.jpg 800w\" sizes=\"(max-width: 300px) 100vw, 300px\" \/><\/div>\n\t\t\t\t\t<div class=\"wc-block-grid__product-title\">ABUS SSP20 Side Stand Pad | Support de b\u00e9quille lat\u00e9rale<\/div>\n\t\t\t\t<\/a>\n\t\t\t\t<div class=\"wfa-wc-product-star-rating wfa-wc-block-grid__product-stars\" style=\"--fill:0.9;\" role=\"img\" aria-label=\"Note 4.5 sur 5\"><\/div><div class=\"wc-block-grid__product-price price\"><small><\/small><span class=\"woocommerce-Price-amount amount\">9,95<span class=\"woocommerce-Price-currencySymbol\">&euro;<\/span><\/span><\/div><div class=\"wfa-wc-block-grid__product-badge-list\" aria-label=\"Caract\u00e9ristiques sp\u00e9ciales\"><p class=\"wfa-wc-block-grid__product-badge\">\ud83c\udfc6 Bestseller<\/p><\/div>\n\t\t\t\t\n\t\t\t\t\n\t\t\t<\/li><\/ul><\/div>\n<div style=\"height:30px\" aria-hidden=\"true\" class=\"wp-block-spacer wf-spacer-section\"><\/div>\n\n<h3 class=\"wp-block-heading\" id=\"Nicht-jede-Motorrad-Abdeckplane-ist-winterfest-und-f&#xFC;r-den-Winter-geeignet\">Cadeaux moto personnalis\u00e9s de 20 \u00e0 50 euros<\/h3>\n\n<ul class=\"wp-block-list\">\n<li>Dans cette gamme de prix, il devient plus personnel, id\u00e9al pour les anniversaires, No\u00ebl ou comme remerciement sp\u00e9cial pour les amis de la moto et les pilotes passionn\u00e9s.<br\/><br\/><strong>Notre recommandation de produit<\/strong>:<br\/><strong><a href=\"https:\/\/www.mycover-protection.com\/fr\/produkt-kategorie\/antivols-abus\/?filter_schlosstyp=zahlenschloss\">Antivol \u00e0 combinaison<\/a>:<\/strong> Antivol \u00e9conomique pour les motos d&rsquo;entr\u00e9e de gamme. Compact, s\u00fbr et id\u00e9al pour tous ceux qui recherchent une alternative simple mais efficace au mod\u00e8le \u00e0 cl\u00e9 &#8211; \u00e9galement parfait comme cadeau pour les voyageurs ou les navetteurs urbains. <br\/><br\/><strong>Autres id\u00e9es de cadeaux<\/strong>:<br\/><strong>Kits DIY ou id\u00e9es de bricolage en rapport avec la moto :<\/strong> par exemple, une moto fabriqu\u00e9e \u00e0 partir de billets de banque ou de petits cadeaux en bonbons, id\u00e9al pour faire soi-m\u00eame, surprendre et offrir.<br\/><strong>Mugs moto, guirlandes lumineuses ou kits de mod\u00e9lisme :<\/strong> Des petits plaisirs quotidiens avec du style, id\u00e9aux pour le salon, l&rsquo;atelier ou le bureau et qui attirent l&rsquo;attention de tous les fans de moto.<br\/><strong>Cartes de v\u0153ux \u00e0 imprimer :<\/strong> Avec des motifs de moto assortis, soit en compl\u00e9ment, soit pour offrir de mani\u00e8re cr\u00e9ative un message individuel, un style personnel et un impact r\u00e9el.<br\/><strong>Mini-cadeaux pour BMW<\/strong> &#8211; <strong>ou les fans de Harley :<\/strong> petits objets li\u00e9s \u00e0 la marque pour les amateurs de la marque, des logos aux figurines d\u00e9coratives, parfaits pour les fans passionn\u00e9s et li\u00e9s \u00e0 la marque.<br\/><br\/><strong>Astuce :<\/strong> Si vous n&rsquo;\u00eates pas s\u00fbr de ce qui convient exactement, notre MYCOVER\u00ae <a href=\"https:\/\/www.mycover-protection.com\/fr\/produkt\/bon-cadeau-moto-mycover-online-shop-bon-cadeau\/\">un ch\u00e8que-cadeau<\/a> est une solution flexible, \u00e0 partir de 25 \u20ac, personnalisable et disponible imm\u00e9diatement.<\/li>\n<\/ul>\n\n<div style=\"height:45px\" aria-hidden=\"true\" class=\"wp-block-spacer\"><\/div>\n<div data-align-buttons=\"true\" data-block-name=\"woocommerce\/handpicked-products\" data-content-visibility=\"{&quot;image&quot;:true,&quot;title&quot;:true,&quot;price&quot;:true,&quot;rating&quot;:true,&quot;button&quot;:false}\" data-orderby=\"price_asc\" data-products=\"[27168,26957,33980]\" class=\"wc-block-grid wp-block-handpicked-products wp-block-woocommerce-handpicked-products wc-block-handpicked-products has-3-columns has-multiple-rows has-aligned-buttons\"><ul class=\"wc-block-grid__products\"><li class=\"wc-block-grid__product\"><span class=\"gtm4wp_productdata\" style=\"display:none; visibility:hidden;\" data-gtm4wp_product_data=\"{&quot;internal_id&quot;:26957,&quot;item_id&quot;:&quot;95457&quot;,&quot;item_name&quot;:&quot;ABUS Combiflex Trip 125&quot;,&quot;sku&quot;:&quot;95457&quot;,&quot;price&quot;:29.95,&quot;stocklevel&quot;:12,&quot;stockstatus&quot;:&quot;instock&quot;,&quot;google_business_vertical&quot;:&quot;retail&quot;,&quot;item_category&quot;:&quot;Antivols pour c\\u00e2bles&quot;,&quot;id&quot;:&quot;95457&quot;,&quot;productlink&quot;:&quot;https:\\\/\\\/www.mycover-protection.com\\\/fr\\\/produkt\\\/abus-combiflex-trip-125\\\/&quot;,&quot;item_list_name&quot;:&quot;Liste g\\u00e9n\\u00e9rale des produits&quot;,&quot;index&quot;:0,&quot;product_type&quot;:&quot;simple&quot;,&quot;item_brand&quot;:&quot;&quot;}\"><\/span>\n\t\t\t\t<a href=\"https:\/\/www.mycover-protection.com\/fr\/produkt\/abus-combiflex-trip-125\/\" class=\"wc-block-grid__product-link\">\n\t\t\t\t\t\n\t\t\t\t\t<div class=\"wc-block-grid__product-image\"><img decoding=\"async\" width=\"300\" height=\"300\" src=\"https:\/\/www.mycover-protection.com\/wp-content\/uploads\/2023\/06\/ABUS-Combiflex-Trip-125-2-300x300.jpg\" class=\"attachment-woocommerce_thumbnail size-woocommerce_thumbnail\" alt=\"ABUS Combiflex Trip 125\" srcset=\"https:\/\/www.mycover-protection.com\/wp-content\/uploads\/2023\/06\/ABUS-Combiflex-Trip-125-2-300x300.jpg 300w, https:\/\/www.mycover-protection.com\/wp-content\/uploads\/2023\/06\/ABUS-Combiflex-Trip-125-2-150x150.jpg 150w, https:\/\/www.mycover-protection.com\/wp-content\/uploads\/2023\/06\/ABUS-Combiflex-Trip-125-2-768x768.jpg 768w, https:\/\/www.mycover-protection.com\/wp-content\/uploads\/2023\/06\/ABUS-Combiflex-Trip-125-2-270x270.jpg 270w, https:\/\/www.mycover-protection.com\/wp-content\/uploads\/2023\/06\/ABUS-Combiflex-Trip-125-2-200x200.jpg 200w, https:\/\/www.mycover-protection.com\/wp-content\/uploads\/2023\/06\/ABUS-Combiflex-Trip-125-2.jpg 800w\" sizes=\"(max-width: 300px) 100vw, 300px\" \/><\/div>\n\t\t\t\t\t<div class=\"wc-block-grid__product-title\">ABUS Combiflex Trip 125<\/div>\n\t\t\t\t<\/a>\n\t\t\t\t<div class=\"wc-block-grid__product-price price\"><small><\/small><span class=\"woocommerce-Price-amount amount\">29,95<span class=\"woocommerce-Price-currencySymbol\">&euro;<\/span><\/span><\/div>\n\t\t\t\t\n\t\t\t\t\n\t\t\t<\/li><li class=\"wc-block-grid__product\"><span class=\"gtm4wp_productdata\" style=\"display:none; visibility:hidden;\" data-gtm4wp_product_data=\"{&quot;internal_id&quot;:33980,&quot;item_id&quot;:33980,&quot;item_name&quot;:&quot;ABUS Combiflex Travelguard&quot;,&quot;sku&quot;:33980,&quot;price&quot;:29.95,&quot;stocklevel&quot;:0,&quot;stockstatus&quot;:&quot;outofstock&quot;,&quot;google_business_vertical&quot;:&quot;retail&quot;,&quot;item_category&quot;:&quot;Antivols ABUS&quot;,&quot;id&quot;:33980,&quot;productlink&quot;:&quot;https:\\\/\\\/www.mycover-protection.com\\\/fr\\\/produkt\\\/abus-combiflex-travelguard\\\/&quot;,&quot;item_list_name&quot;:&quot;Liste g\\u00e9n\\u00e9rale des produits&quot;,&quot;index&quot;:0,&quot;product_type&quot;:&quot;variable&quot;,&quot;item_brand&quot;:&quot;&quot;}\"><\/span>\n\t\t\t\t<a href=\"https:\/\/www.mycover-protection.com\/fr\/produkt\/abus-combiflex-travelguard\/\" class=\"wc-block-grid__product-link\">\n\t\t\t\t\t\n\t\t\t\t\t<div class=\"wc-block-grid__product-image\"><img decoding=\"async\" width=\"300\" height=\"300\" src=\"https:\/\/www.mycover-protection.com\/wp-content\/uploads\/2024\/05\/ABUS-Combiflex-Travelguard-black-300x300.jpg\" class=\"attachment-woocommerce_thumbnail size-woocommerce_thumbnail\" alt=\"ABUS Combiflex Travelguard black\" srcset=\"https:\/\/www.mycover-protection.com\/wp-content\/uploads\/2024\/05\/ABUS-Combiflex-Travelguard-black-300x300.jpg 300w, https:\/\/www.mycover-protection.com\/wp-content\/uploads\/2024\/05\/ABUS-Combiflex-Travelguard-black-150x150.jpg 150w, https:\/\/www.mycover-protection.com\/wp-content\/uploads\/2024\/05\/ABUS-Combiflex-Travelguard-black-768x768.jpg 768w, https:\/\/www.mycover-protection.com\/wp-content\/uploads\/2024\/05\/ABUS-Combiflex-Travelguard-black-270x270.jpg 270w, https:\/\/www.mycover-protection.com\/wp-content\/uploads\/2024\/05\/ABUS-Combiflex-Travelguard-black-200x200.jpg 200w, https:\/\/www.mycover-protection.com\/wp-content\/uploads\/2024\/05\/ABUS-Combiflex-Travelguard-black.jpg 800w\" sizes=\"(max-width: 300px) 100vw, 300px\" \/><\/div>\n\t\t\t\t\t<div class=\"wc-block-grid__product-title\">ABUS Combiflex Travelguard<\/div>\n\t\t\t\t<\/a>\n\t\t\t\t<div class=\"wc-block-grid__product-price price\"><span class=\"woocommerce-Price-amount amount\">29,95<span class=\"woocommerce-Price-currencySymbol\">&euro;<\/span><\/span><\/div><div class=\"wfa-wc-block-grid__product-badge-list\" aria-label=\"Caract\u00e9ristiques sp\u00e9ciales\"><p class=\"wfa-wc-block-grid__product-badge\">\u2728 3 Variations<\/p><\/div>\n\t\t\t\t\n\t\t\t\t\n\t\t\t<\/li><li class=\"wc-block-grid__product\"><span class=\"gtm4wp_productdata\" style=\"display:none; visibility:hidden;\" data-gtm4wp_product_data=\"{&quot;internal_id&quot;:27168,&quot;item_id&quot;:27168,&quot;item_name&quot;:&quot;ABUS STEEL-O-CHAIN 5805C&quot;,&quot;sku&quot;:27168,&quot;price&quot;:34.95,&quot;stocklevel&quot;:1,&quot;stockstatus&quot;:&quot;instock&quot;,&quot;google_business_vertical&quot;:&quot;retail&quot;,&quot;item_category&quot;:&quot;Antivols ABUS&quot;,&quot;id&quot;:27168,&quot;productlink&quot;:&quot;https:\\\/\\\/www.mycover-protection.com\\\/fr\\\/produkt\\\/abus-steel-o-chain-5805c\\\/&quot;,&quot;item_list_name&quot;:&quot;Liste g\\u00e9n\\u00e9rale des produits&quot;,&quot;index&quot;:0,&quot;product_type&quot;:&quot;variable&quot;,&quot;item_brand&quot;:&quot;&quot;}\"><\/span>\n\t\t\t\t<a href=\"https:\/\/www.mycover-protection.com\/fr\/produkt\/abus-steel-o-chain-5805c\/\" class=\"wc-block-grid__product-link\">\n\t\t\t\t\t\n\t\t\t\t\t<div class=\"wc-block-grid__product-image\"><img decoding=\"async\" width=\"300\" height=\"300\" src=\"https:\/\/www.mycover-protection.com\/wp-content\/uploads\/2023\/07\/Steel-o-Chain-300x300.jpg\" class=\"attachment-woocommerce_thumbnail size-woocommerce_thumbnail\" alt=\"Steel O Chain\" srcset=\"https:\/\/www.mycover-protection.com\/wp-content\/uploads\/2023\/07\/Steel-o-Chain-300x300.jpg 300w, https:\/\/www.mycover-protection.com\/wp-content\/uploads\/2023\/07\/Steel-o-Chain-150x150.jpg 150w, https:\/\/www.mycover-protection.com\/wp-content\/uploads\/2023\/07\/Steel-o-Chain-768x768.jpg 768w, https:\/\/www.mycover-protection.com\/wp-content\/uploads\/2023\/07\/Steel-o-Chain-270x270.jpg 270w, https:\/\/www.mycover-protection.com\/wp-content\/uploads\/2023\/07\/Steel-o-Chain-200x200.jpg 200w, https:\/\/www.mycover-protection.com\/wp-content\/uploads\/2023\/07\/Steel-o-Chain.jpg 800w\" sizes=\"(max-width: 300px) 100vw, 300px\" \/><\/div>\n\t\t\t\t\t<div class=\"wc-block-grid__product-title\">ABUS STEEL-O-CHAIN 5805C<\/div>\n\t\t\t\t<\/a>\n\t\t\t\t<div class=\"wc-block-grid__product-price price\"><span class=\"woocommerce-Price-amount amount\">34,95<span class=\"woocommerce-Price-currencySymbol\">&euro;<\/span><\/span><\/div>\n\t\t\t\t\n\t\t\t\t\n\t\t\t<\/li><\/ul><\/div>\n<div style=\"height:30px\" aria-hidden=\"true\" class=\"wp-block-spacer wf-spacer-section\"><\/div>\n\n<h3 class=\"wp-block-heading\" id=\"Mit-der-richtigen-Abdeckplane-dein-Motorrad-winterfest-machen\">Cadeaux moto haut de gamme de 50 \u00e0 100 euros<\/h3>\n\n<p>\u00c0 partir de 50 \u20ac, vous recevez des id\u00e9es de cadeaux qui ne sont pas seulement de grande qualit\u00e9, mais aussi extr\u00eamement pratiques, id\u00e9ales pour une meilleure protection contre le vol, un stationnement s\u00e9curis\u00e9 ou des compl\u00e9ments astucieux autour de la moto. Ces produits ont fait leurs preuves au quotidien aupr\u00e8s de nombreux motards : <\/p>\n\n<ul class=\"wp-block-list\">\n<li><strong><a href=\"https:\/\/www.mycover-protection.com\/fr\/produkt\/abus-iven-chain-8210\/\">ABUS Iven Chain 8210<\/a>:<\/strong>Cette cha\u00eene solide avec gaine textile offre une protection massive contre les tentatives d&rsquo;effraction. Elle peut \u00eatre utilis\u00e9e de mani\u00e8re flexible, prot\u00e8ge la peinture et est id\u00e9ale pour les parkings \u00e0 lampadaires ou pour une utilisation quotidienne. En combinaison avec une ancre, elle constitue un point fixe s\u00fbr.  <\/li>\n\n\n\n<li><strong><a href=\"https:\/\/www.mycover-protection.com\/fr\/produkt\/boitier-dalarme-abus\/\">Bo\u00eetier d&rsquo;alarme ABUS<\/a>:<\/strong> petit, discret et bruyant, le bo\u00eetier d&rsquo;alarme de 100 d\u00e9cibels se fixe sur la moto et se d\u00e9clenche imm\u00e9diatement si quelqu&rsquo;un le secoue. Id\u00e9al pour la dissuasion sur les parkings, dans les carports ou les garages souterrains. Peut \u00e9galement \u00eatre utilis\u00e9 en compl\u00e9ment des housses.  <\/li>\n\n\n\n<li><strong><a href=\"https:\/\/www.mycover-protection.com\/fr\/produkt\/abus-granit-wba75-ancrage-mural-et-au-sol-pour-antivols-de-moto\/\">Ancrage mural ou au sol<\/a>:<\/strong> le compl\u00e9ment id\u00e9al de la cha\u00eene. L&rsquo;ancre est solidement viss\u00e9e dans le sol ou le mur et offre \u00e0 votre cadenas un point de fixation stable et r\u00e9sistant. L&rsquo;ancre est particuli\u00e8rement efficace en combinaison avec nos solutions de cha\u00eenes pour l&rsquo;ext\u00e9rieur.  <\/li>\n\n\n\n<li><strong><a href=\"https:\/\/www.mycover-protection.com\/fr\/produkt-kategorie\/antivols-abus\/chaines-libres\/\">Cha\u00eenes en vrac<\/a>:<\/strong> Si la longueur de la serrure n&rsquo;est pas suffisante, nos cha\u00eenes individuelles de haute qualit\u00e9 offrent la solution parfaite. Elles sont robustes, flexibles et se combinent parfaitement avec des ancrages muraux ou d&rsquo;autres serrures. Elles sont \u00e9galement tr\u00e8s efficaces en compl\u00e9ment des bo\u00eetiers d&rsquo;alarme.  <\/li>\n\n\n\n<li><strong><a href=\"https:\/\/www.mycover-protection.com\/fr\/produkt\/bon-cadeau-moto-mycover-online-shop-bon-cadeau\/\">Bon d&rsquo;achat<\/a><\/strong>Vous souhaitez offrir un cadeau sans vous limiter \u00e0 un seul produit ? Avec le MYCOVER\u00ae vous faites toujours le bon choix. Il est disponible imm\u00e9diatement, son montant est libre et il peut \u00eatre utilis\u00e9 pour toute la gamme : s\u00fbr, flexible et pratique.  <\/li>\n\n\n\n<li><strong>Les kits de moto<\/strong>: Existent en mod\u00e8les classiques sur pied ou m\u00eame en version roulante, un cadeau original pour tous ceux qui aiment la technique et le bricolage. Id\u00e9al pour les fans de marques, de m\u00e9canique ou de mod\u00e9lisme. Fait tr\u00e8s bien sur une \u00e9tag\u00e8re ou comme objet de collection avec une fonction.  <\/li>\n<\/ul>\n\n<div style=\"height:45px\" aria-hidden=\"true\" class=\"wp-block-spacer\"><\/div>\n<div data-align-buttons=\"true\" data-block-name=\"woocommerce\/handpicked-products\" data-content-visibility=\"{&quot;image&quot;:true,&quot;title&quot;:true,&quot;price&quot;:true,&quot;rating&quot;:true,&quot;button&quot;:false}\" data-orderby=\"price_asc\" data-products=\"[27064,26958,17525]\" class=\"wc-block-grid wp-block-handpicked-products wp-block-woocommerce-handpicked-products wc-block-handpicked-products has-3-columns has-multiple-rows has-aligned-buttons\"><ul class=\"wc-block-grid__products\"><li class=\"wc-block-grid__product\"><span class=\"gtm4wp_productdata\" style=\"display:none; visibility:hidden;\" data-gtm4wp_product_data=\"{&quot;internal_id&quot;:26958,&quot;item_id&quot;:26958,&quot;item_name&quot;:&quot;Bo\\u00eetier d&#039;alarme ABUS&quot;,&quot;sku&quot;:26958,&quot;price&quot;:59.95,&quot;stocklevel&quot;:0,&quot;stockstatus&quot;:&quot;outofstock&quot;,&quot;google_business_vertical&quot;:&quot;retail&quot;,&quot;item_category&quot;:&quot;Accessoires&quot;,&quot;id&quot;:26958,&quot;productlink&quot;:&quot;https:\\\/\\\/www.mycover-protection.com\\\/fr\\\/produkt\\\/boitier-dalarme-abus\\\/&quot;,&quot;item_list_name&quot;:&quot;Liste g\\u00e9n\\u00e9rale des produits&quot;,&quot;index&quot;:0,&quot;product_type&quot;:&quot;variable&quot;,&quot;item_brand&quot;:&quot;&quot;}\"><\/span>\n\t\t\t\t<a href=\"https:\/\/www.mycover-protection.com\/fr\/produkt\/boitier-dalarme-abus\/\" class=\"wc-block-grid__product-link\">\n\t\t\t\t\t\n\t\t\t\t\t<div class=\"wc-block-grid__product-image\"><img decoding=\"async\" width=\"300\" height=\"300\" src=\"https:\/\/www.mycover-protection.com\/wp-content\/uploads\/2023\/07\/ABUS-Alarmbox-300x300.jpg\" class=\"attachment-woocommerce_thumbnail size-woocommerce_thumbnail\" alt=\"ABUS Alarmbox\" srcset=\"https:\/\/www.mycover-protection.com\/wp-content\/uploads\/2023\/07\/ABUS-Alarmbox-300x300.jpg 300w, https:\/\/www.mycover-protection.com\/wp-content\/uploads\/2023\/07\/ABUS-Alarmbox-150x150.jpg 150w, https:\/\/www.mycover-protection.com\/wp-content\/uploads\/2023\/07\/ABUS-Alarmbox-768x768.jpg 768w, https:\/\/www.mycover-protection.com\/wp-content\/uploads\/2023\/07\/ABUS-Alarmbox-270x270.jpg 270w, https:\/\/www.mycover-protection.com\/wp-content\/uploads\/2023\/07\/ABUS-Alarmbox-200x200.jpg 200w, https:\/\/www.mycover-protection.com\/wp-content\/uploads\/2023\/07\/ABUS-Alarmbox.jpg 800w\" sizes=\"(max-width: 300px) 100vw, 300px\" \/><\/div>\n\t\t\t\t\t<div class=\"wc-block-grid__product-title\">Bo\u00eetier d&rsquo;alarme ABUS<\/div>\n\t\t\t\t<\/a>\n\t\t\t\t<div class=\"wc-block-grid__product-price price\"><span class=\"woocommerce-Price-amount amount\">59,95<span class=\"woocommerce-Price-currencySymbol\">&euro;<\/span><\/span><\/div><div class=\"wfa-wc-block-grid__product-badge-list\" aria-label=\"Caract\u00e9ristiques sp\u00e9ciales\"><p class=\"wfa-wc-block-grid__product-badge\">\u2728 2 Variations<\/p><\/div>\n\t\t\t\t\n\t\t\t\t\n\t\t\t<\/li><li class=\"wc-block-grid__product\"><span class=\"gtm4wp_productdata\" style=\"display:none; visibility:hidden;\" data-gtm4wp_product_data=\"{&quot;internal_id&quot;:17525,&quot;item_id&quot;:&quot;AB-BA-016-BLK&quot;,&quot;item_name&quot;:&quot;ABUS GRANIT WBA75 Ancrage mural et au sol&quot;,&quot;sku&quot;:&quot;AB-BA-016-BLK&quot;,&quot;price&quot;:69.95,&quot;stocklevel&quot;:3,&quot;stockstatus&quot;:&quot;instock&quot;,&quot;google_business_vertical&quot;:&quot;retail&quot;,&quot;item_category&quot;:&quot;Antivols ABUS&quot;,&quot;id&quot;:&quot;AB-BA-016-BLK&quot;,&quot;productlink&quot;:&quot;https:\\\/\\\/www.mycover-protection.com\\\/fr\\\/produkt\\\/abus-granit-wba75-ancrage-mural-et-au-sol-pour-antivols-de-moto\\\/&quot;,&quot;item_list_name&quot;:&quot;Liste g\\u00e9n\\u00e9rale des produits&quot;,&quot;index&quot;:0,&quot;product_type&quot;:&quot;simple&quot;,&quot;item_brand&quot;:&quot;&quot;}\"><\/span>\n\t\t\t\t<a href=\"https:\/\/www.mycover-protection.com\/fr\/produkt\/abus-granit-wba75-ancrage-mural-et-au-sol-pour-antivols-de-moto\/\" class=\"wc-block-grid__product-link\">\n\t\t\t\t\t\n\t\t\t\t\t<div class=\"wc-block-grid__product-image\"><img decoding=\"async\" width=\"300\" height=\"300\" src=\"https:\/\/www.mycover-protection.com\/wp-content\/uploads\/2021\/03\/Wand-und-Bodenanker-Abus-WBA75-fuer-Motorradschloss_-300x300.jpg\" class=\"attachment-woocommerce_thumbnail size-woocommerce_thumbnail\" alt=\"ABUS GRANIT WBA75 Ancrage mural et au sol\" srcset=\"https:\/\/www.mycover-protection.com\/wp-content\/uploads\/2021\/03\/Wand-und-Bodenanker-Abus-WBA75-fuer-Motorradschloss_-300x300.jpg 300w, https:\/\/www.mycover-protection.com\/wp-content\/uploads\/2021\/03\/Wand-und-Bodenanker-Abus-WBA75-fuer-Motorradschloss_-150x150.jpg 150w, https:\/\/www.mycover-protection.com\/wp-content\/uploads\/2021\/03\/Wand-und-Bodenanker-Abus-WBA75-fuer-Motorradschloss_-768x768.jpg 768w, https:\/\/www.mycover-protection.com\/wp-content\/uploads\/2021\/03\/Wand-und-Bodenanker-Abus-WBA75-fuer-Motorradschloss_-270x270.jpg 270w, https:\/\/www.mycover-protection.com\/wp-content\/uploads\/2021\/03\/Wand-und-Bodenanker-Abus-WBA75-fuer-Motorradschloss_-200x200.jpg 200w, https:\/\/www.mycover-protection.com\/wp-content\/uploads\/2021\/03\/Wand-und-Bodenanker-Abus-WBA75-fuer-Motorradschloss_-60x60.jpg 60w, https:\/\/www.mycover-protection.com\/wp-content\/uploads\/2021\/03\/Wand-und-Bodenanker-Abus-WBA75-fuer-Motorradschloss_-90x90.jpg 90w, https:\/\/www.mycover-protection.com\/wp-content\/uploads\/2021\/03\/Wand-und-Bodenanker-Abus-WBA75-fuer-Motorradschloss_.jpg 800w\" sizes=\"(max-width: 300px) 100vw, 300px\" \/><\/div>\n\t\t\t\t\t<div class=\"wc-block-grid__product-title\">ABUS GRANIT WBA75 Ancrage mural et au sol<\/div>\n\t\t\t\t<\/a>\n\t\t\t\t<div class=\"wc-block-grid__product-price price\"><small><\/small><span class=\"woocommerce-Price-amount amount\">69,95<span class=\"woocommerce-Price-currencySymbol\">&euro;<\/span><\/span><\/div>\n\t\t\t\t\n\t\t\t\t\n\t\t\t<\/li><li class=\"wc-block-grid__product\"><span class=\"gtm4wp_productdata\" style=\"display:none; visibility:hidden;\" data-gtm4wp_product_data=\"{&quot;internal_id&quot;:27064,&quot;item_id&quot;:27064,&quot;item_name&quot;:&quot;ABUS Iven Chain 8210&quot;,&quot;sku&quot;:27064,&quot;price&quot;:79.95,&quot;stocklevel&quot;:0,&quot;stockstatus&quot;:&quot;outofstock&quot;,&quot;google_business_vertical&quot;:&quot;retail&quot;,&quot;item_category&quot;:&quot;Antivols ABUS&quot;,&quot;id&quot;:27064,&quot;productlink&quot;:&quot;https:\\\/\\\/www.mycover-protection.com\\\/fr\\\/produkt\\\/abus-iven-chain-8210\\\/&quot;,&quot;item_list_name&quot;:&quot;Liste g\\u00e9n\\u00e9rale des produits&quot;,&quot;index&quot;:0,&quot;product_type&quot;:&quot;variable&quot;,&quot;item_brand&quot;:&quot;&quot;}\"><\/span>\n\t\t\t\t<a href=\"https:\/\/www.mycover-protection.com\/fr\/produkt\/abus-iven-chain-8210\/\" class=\"wc-block-grid__product-link\">\n\t\t\t\t\t\n\t\t\t\t\t<div class=\"wc-block-grid__product-image\"><img decoding=\"async\" width=\"300\" height=\"300\" src=\"https:\/\/www.mycover-protection.com\/wp-content\/uploads\/2023\/07\/Vorlage-Produktbilder-3-300x300.jpg\" class=\"attachment-woocommerce_thumbnail size-woocommerce_thumbnail\" alt=\"Iven Chain\" srcset=\"https:\/\/www.mycover-protection.com\/wp-content\/uploads\/2023\/07\/Vorlage-Produktbilder-3-300x300.jpg 300w, https:\/\/www.mycover-protection.com\/wp-content\/uploads\/2023\/07\/Vorlage-Produktbilder-3-150x150.jpg 150w, https:\/\/www.mycover-protection.com\/wp-content\/uploads\/2023\/07\/Vorlage-Produktbilder-3-768x768.jpg 768w, https:\/\/www.mycover-protection.com\/wp-content\/uploads\/2023\/07\/Vorlage-Produktbilder-3-270x270.jpg 270w, https:\/\/www.mycover-protection.com\/wp-content\/uploads\/2023\/07\/Vorlage-Produktbilder-3-200x200.jpg 200w, https:\/\/www.mycover-protection.com\/wp-content\/uploads\/2023\/07\/Vorlage-Produktbilder-3.jpg 800w\" sizes=\"(max-width: 300px) 100vw, 300px\" \/><\/div>\n\t\t\t\t\t<div class=\"wc-block-grid__product-title\">ABUS Iven Chain 8210<\/div>\n\t\t\t\t<\/a>\n\t\t\t\t<div class=\"wc-block-grid__product-price price\"><span class=\"woocommerce-Price-amount amount\">79,95<span class=\"woocommerce-Price-currencySymbol\">&euro;<\/span><\/span><\/div>\n\t\t\t\t\n\t\t\t\t\n\t\t\t<\/li><\/ul><\/div>\n<div style=\"height:50px\" aria-hidden=\"true\" class=\"wp-block-spacer\"><\/div>\n\n<figure class=\"wp-block-image size-large\"><img decoding=\"async\" width=\"1024\" height=\"683\" src=\"https:\/\/www.mycover-protection.com\/wp-content\/uploads\/2024\/05\/Geschenkideen_Motorradfahrer-1-1024x683.png\" alt=\"Un casque de moto, des cadeaux et une moto miniature comme id&#xE9;es de cadeaux &#xE9;l&#xE9;gantes pour les motards\" class=\"wp-image-52539\" srcset=\"https:\/\/www.mycover-protection.com\/wp-content\/uploads\/2024\/05\/Geschenkideen_Motorradfahrer-1-1024x683.png 1024w, https:\/\/www.mycover-protection.com\/wp-content\/uploads\/2024\/05\/Geschenkideen_Motorradfahrer-1-300x200.png 300w, https:\/\/www.mycover-protection.com\/wp-content\/uploads\/2024\/05\/Geschenkideen_Motorradfahrer-1-768x512.png 768w, https:\/\/www.mycover-protection.com\/wp-content\/uploads\/2024\/05\/Geschenkideen_Motorradfahrer-1-400x267.png 400w, https:\/\/www.mycover-protection.com\/wp-content\/uploads\/2024\/05\/Geschenkideen_Motorradfahrer-1-800x533.png 800w, https:\/\/www.mycover-protection.com\/wp-content\/uploads\/2024\/05\/Geschenkideen_Motorradfahrer-1.png 1536w\" sizes=\"(max-width: 1024px) 100vw, 1024px\" \/><figcaption class=\"wp-element-caption\">Cette image a \u00e9t\u00e9 g\u00e9n\u00e9r\u00e9e avec AI<\/figcaption><\/figure>\n\n<div style=\"height:10px\" aria-hidden=\"true\" class=\"wp-block-spacer wf-spacer-section\"><\/div>\n\n<h3 class=\"wp-block-heading is-style-not-underlined\" id=\"Geschenke-fuer-Motorrad-Fans-ueber-100-Euro\">Cadeaux moto sp\u00e9ciaux de plus de 100<\/h3>\n\n<p>Dans cette gamme de prix, il vaut la peine d&rsquo;investir dans une v\u00e9ritable valeur ajout\u00e9e, par exemple dans une protection antivol durable ou une protection de qualit\u00e9 contre les intemp\u00e9ries. Ces produits sont id\u00e9aux pour ceux qui aiment vraiment leur moto et veulent la conserver longtemps : <\/p>\n\n<ul class=\"wp-block-list\">\n<li><strong><a href=\"https:\/\/www.mycover-protection.com\/fr\/produkt\/mycover-premium-outdoor\/\">Housses moto (ext\u00e9rieur)<\/a>:<\/strong> Cette Housse moto de haute qualit\u00e9 est plus qu&rsquo;une simple protection contre la pluie pour votre moto. Elle est r\u00e9sistante aux intemp\u00e9ries, aux d\u00e9chirures et aux UV, et son int\u00e9rieur est en outre dot\u00e9 d&rsquo;une protection souple contre la peinture. Elle prot\u00e8ge ainsi votre moto de la pluie, de la neige, de la chaleur et de la salet\u00e9 tout au long de l&rsquo;ann\u00e9e et \u00e9vite les dommages \u00e0 long terme typiques tels que la rouille ou la d\u00e9coloration. Il existe des recommandations de taille pour plus de 2500 mod\u00e8les et plus de 30 tailles interm\u00e9diaires pour tous les types de moto. En combinaison avec un verrou de disque de frein, la b\u00e2che peut \u00eatre fix\u00e9e de mani\u00e8re \u00e0 ce qu&rsquo;elle ne puisse pas \u00eatre retir\u00e9e \u00e0 l&rsquo;insu ou rapidement. Elle constitue ainsi la protection id\u00e9ale contre les intemp\u00e9ries et les vols occasionnels spontan\u00e9s au quotidien et pendant les pauses saisonni\u00e8res.     <\/li>\n\n\n\n<li><strong><a href=\"https:\/\/www.mycover-protection.com\/fr\/produkt\/mycover-bache-moto-indoor\/\">Housses moto (Indoor)<\/a>:<\/strong> Si vous laissez votre moto dans un garage ou un hangar pendant une longue p\u00e9riode, vous n&rsquo;avez pas besoin d&rsquo;une protection contre la pluie, mais d&rsquo;une protection parfaite contre la poussi\u00e8re. La variante indoor est l\u00e9g\u00e8re et prot\u00e8ge efficacement contre les micro-rayures, la poussi\u00e8re et les chocs accidentels. Elle permet \u00e0 la moto d&rsquo;avoir le m\u00eame aspect au d\u00e9marrage que lorsqu&rsquo;elle \u00e9tait au garage.  <\/li>\n\n\n\n<li><strong><a href=\"https:\/\/www.mycover-protection.com\/fr\/produkt-kategorie\/antivols-abus\/antivols-pour-disques-de-frein\/\">Antivol de disque de frein<\/a>:<\/strong> cet outil de s\u00e9curit\u00e9 compact emp\u00eache de mani\u00e8re fiable la moto gar\u00e9e de rouler ou d&rsquo;\u00eatre d\u00e9plac\u00e9e sans \u00eatre d\u00e9tect\u00e9e. L\u00e9ger, il se glisse dans n&rsquo;importe quel compartiment \u00e0 bagages et est id\u00e9al pour les d\u00e9placements, les voyages ou les petits arr\u00eats en ville. Associ\u00e9 \u00e0 une Housses de haute qualit\u00e9, il constitue une protection efficace et visible contre le vol.  <\/li>\n<\/ul>\n\n<div class=\"wp-block-group is-banner__info\"><div class=\"wp-block-group__inner-container is-layout-flow wp-block-group-is-layout-flow\">\n<h3 class=\"wp-block-heading\">Notre conseil :<\/h3>\n\n\n\n<p>Utilisez notre outil de recherche de taille pour trouver la Housses moto qui convient exactement \u00e0 votre moto en seulement 3 clics.<\/p>\n<\/div><\/div>\n\n<div data-color-scheme=\"error\" class=\"wfa-component-alertbox\" data-wfa-component=\"alertbox\">\t<p><strong>Interdit<\/strong><\/p>\n\t<p>Le shortcode <code>[[wfa-component-tarpaulin-size-recommendation]]<\/code> n&#039;est pas disponible pour ce type de page.\t<\/p>\n<\/div>\n\n\n\n<div style=\"height:45px\" aria-hidden=\"true\" class=\"wp-block-spacer\"><\/div>\n<div data-align-buttons=\"true\" data-block-name=\"woocommerce\/handpicked-products\" data-content-visibility=\"{&quot;image&quot;:true,&quot;title&quot;:true,&quot;price&quot;:true,&quot;rating&quot;:true,&quot;button&quot;:false}\" data-products=\"[20181,17478,17509]\" class=\"wc-block-grid wp-block-handpicked-products wp-block-woocommerce-handpicked-products wc-block-handpicked-products has-3-columns has-multiple-rows has-aligned-buttons\"><ul class=\"wc-block-grid__products\"><li class=\"wc-block-grid__product\"><span class=\"gtm4wp_productdata\" style=\"display:none; visibility:hidden;\" data-gtm4wp_product_data=\"{&quot;internal_id&quot;:20181,&quot;item_id&quot;:&quot;IC-&quot;,&quot;item_name&quot;:&quot;MYCOVER\\u00ae B\\u00e2che moto Premium Indoor&quot;,&quot;sku&quot;:&quot;IC-&quot;,&quot;price&quot;:109,&quot;stocklevel&quot;:0,&quot;stockstatus&quot;:&quot;outofstock&quot;,&quot;google_business_vertical&quot;:&quot;retail&quot;,&quot;item_category&quot;:&quot;Couvertures moto&quot;,&quot;id&quot;:&quot;IC-&quot;,&quot;productlink&quot;:&quot;https:\\\/\\\/www.mycover-protection.com\\\/fr\\\/produkt\\\/mycover-bache-moto-indoor\\\/&quot;,&quot;item_list_name&quot;:&quot;Liste g\\u00e9n\\u00e9rale des produits&quot;,&quot;index&quot;:0,&quot;product_type&quot;:&quot;variable&quot;,&quot;item_brand&quot;:&quot;&quot;}\"><\/span>\n\t\t\t\t<a href=\"https:\/\/www.mycover-protection.com\/fr\/produkt\/mycover-bache-moto-indoor\/\" class=\"wc-block-grid__product-link\">\n\t\t\t\t\t\n\t\t\t\t\t<div class=\"wc-block-grid__product-image\"><img decoding=\"async\" width=\"300\" height=\"300\" src=\"https:\/\/www.mycover-protection.com\/wp-content\/uploads\/2022\/07\/Motorrrad-Abdeckplane-Indoor-Stoff-300x300.png\" class=\"attachment-woocommerce_thumbnail size-woocommerce_thumbnail\" alt=\"Housses moto Indoor soft\" srcset=\"https:\/\/www.mycover-protection.com\/wp-content\/uploads\/2022\/07\/Motorrrad-Abdeckplane-Indoor-Stoff-300x300.png 300w, https:\/\/www.mycover-protection.com\/wp-content\/uploads\/2022\/07\/Motorrrad-Abdeckplane-Indoor-Stoff-150x150.png 150w, https:\/\/www.mycover-protection.com\/wp-content\/uploads\/2022\/07\/Motorrrad-Abdeckplane-Indoor-Stoff-768x768.png 768w, https:\/\/www.mycover-protection.com\/wp-content\/uploads\/2022\/07\/Motorrrad-Abdeckplane-Indoor-Stoff-270x270.png 270w, https:\/\/www.mycover-protection.com\/wp-content\/uploads\/2022\/07\/Motorrrad-Abdeckplane-Indoor-Stoff-200x200.png 200w, https:\/\/www.mycover-protection.com\/wp-content\/uploads\/2022\/07\/Motorrrad-Abdeckplane-Indoor-Stoff.png 800w\" sizes=\"(max-width: 300px) 100vw, 300px\" \/><\/div>\n\t\t\t\t\t<div class=\"wc-block-grid__product-title\">MYCOVER\u00ae B\u00e2che moto Premium Indoor<\/div>\n\t\t\t\t<\/a>\n\t\t\t\t<div class=\"wfa-wc-product-star-rating wfa-wc-block-grid__product-stars\" style=\"--fill:0.96;\" role=\"img\" aria-label=\"Note 4.8 sur 5\"><\/div><div class=\"wc-block-grid__product-price price\"><span class=\"woocommerce-Price-amount amount\" aria-hidden=\"true\">109,00<span class=\"woocommerce-Price-currencySymbol\">&euro;<\/span><\/span> <span aria-hidden=\"true\">\u00a0\u2013\u00a0<\/span> <span class=\"woocommerce-Price-amount amount\" aria-hidden=\"true\">129,00<span class=\"woocommerce-Price-currencySymbol\">&euro;<\/span><\/span><span class=\"screen-reader-text\">Plage de prix\u00a0: 109,00&euro; \u00e0 129,00&euro;<\/span><\/div><div class=\"wfa-wc-block-grid__product-badge-list\" aria-label=\"Caract\u00e9ristiques sp\u00e9ciales\"><p class=\"wfa-wc-block-grid__product-badge\">\ud83c\udfc6 Bestseller<\/p><p class=\"wfa-wc-block-grid__product-badge\">\u2728 4 Tailles<\/p><\/div>\n\t\t\t\t\n\t\t\t\t\n\t\t\t<\/li><li class=\"wc-block-grid__product\"><span class=\"gtm4wp_productdata\" style=\"display:none; visibility:hidden;\" data-gtm4wp_product_data=\"{&quot;internal_id&quot;:17509,&quot;item_id&quot;:17509,&quot;item_name&quot;:&quot;ABUS GRANIT Detecto XPlus 8077 Antivol de frein \\u00e0 disque avec alarme \\&quot;Vainqueur du test moto&quot;,&quot;sku&quot;:17509,&quot;price&quot;:159.95,&quot;stocklevel&quot;:0,&quot;stockstatus&quot;:&quot;outofstock&quot;,&quot;google_business_vertical&quot;:&quot;retail&quot;,&quot;item_category&quot;:&quot;Antivols ABUS&quot;,&quot;id&quot;:17509,&quot;productlink&quot;:&quot;https:\\\/\\\/www.mycover-protection.com\\\/fr\\\/produkt\\\/abus-granit-detecto-xplus-8077-antivol-de-frein-a-disque-avec-alarme-vainqueur-du-test-moto\\\/&quot;,&quot;item_list_name&quot;:&quot;Liste g\\u00e9n\\u00e9rale des produits&quot;,&quot;index&quot;:0,&quot;product_type&quot;:&quot;variable&quot;,&quot;item_brand&quot;:&quot;&quot;}\"><\/span>\n\t\t\t\t<a href=\"https:\/\/www.mycover-protection.com\/fr\/produkt\/abus-granit-detecto-xplus-8077-antivol-de-frein-a-disque-avec-alarme-vainqueur-du-test-moto\/\" class=\"wc-block-grid__product-link\">\n\t\t\t\t\t\n\t\t\t\t\t<div class=\"wc-block-grid__product-image\"><img decoding=\"async\" width=\"300\" height=\"300\" src=\"https:\/\/www.mycover-protection.com\/wp-content\/uploads\/2021\/04\/Motorrad-Bremsscheibenschloss-Abus-Granit-Detecto-8077-gruen_3-300x300.jpg\" class=\"attachment-woocommerce_thumbnail size-woocommerce_thumbnail\" alt=\"ABUS GRANIT Detecto XPlus 8077 Antivol de frein \u00e0 disque avec alarme &quot;Vainqueur du test moto\" srcset=\"https:\/\/www.mycover-protection.com\/wp-content\/uploads\/2021\/04\/Motorrad-Bremsscheibenschloss-Abus-Granit-Detecto-8077-gruen_3-300x300.jpg 300w, https:\/\/www.mycover-protection.com\/wp-content\/uploads\/2021\/04\/Motorrad-Bremsscheibenschloss-Abus-Granit-Detecto-8077-gruen_3-150x150.jpg 150w, https:\/\/www.mycover-protection.com\/wp-content\/uploads\/2021\/04\/Motorrad-Bremsscheibenschloss-Abus-Granit-Detecto-8077-gruen_3-768x768.jpg 768w, https:\/\/www.mycover-protection.com\/wp-content\/uploads\/2021\/04\/Motorrad-Bremsscheibenschloss-Abus-Granit-Detecto-8077-gruen_3-270x270.jpg 270w, https:\/\/www.mycover-protection.com\/wp-content\/uploads\/2021\/04\/Motorrad-Bremsscheibenschloss-Abus-Granit-Detecto-8077-gruen_3-200x200.jpg 200w, https:\/\/www.mycover-protection.com\/wp-content\/uploads\/2021\/04\/Motorrad-Bremsscheibenschloss-Abus-Granit-Detecto-8077-gruen_3-60x60.jpg 60w, https:\/\/www.mycover-protection.com\/wp-content\/uploads\/2021\/04\/Motorrad-Bremsscheibenschloss-Abus-Granit-Detecto-8077-gruen_3-90x90.jpg 90w, https:\/\/www.mycover-protection.com\/wp-content\/uploads\/2021\/04\/Motorrad-Bremsscheibenschloss-Abus-Granit-Detecto-8077-gruen_3.jpg 800w\" sizes=\"(max-width: 300px) 100vw, 300px\" \/><\/div>\n\t\t\t\t\t<div class=\"wc-block-grid__product-title\">ABUS GRANIT Detecto XPlus 8077 Antivol de frein \u00e0 disque avec alarme \u00ab\u00a0Vainqueur du test moto<\/div>\n\t\t\t\t<\/a>\n\t\t\t\t<div class=\"wfa-wc-product-star-rating wfa-wc-block-grid__product-stars\" style=\"--fill:0.8;\" role=\"img\" aria-label=\"Note 4 sur 5\"><\/div><div class=\"wc-block-grid__product-price price\"><span class=\"woocommerce-Price-amount amount\">159,95<span class=\"woocommerce-Price-currencySymbol\">&euro;<\/span><\/span><\/div><div class=\"wfa-wc-block-grid__product-badge-list\" aria-label=\"Caract\u00e9ristiques sp\u00e9ciales\"><p class=\"wfa-wc-block-grid__product-badge\">\ud83c\udfc6 Bestseller<\/p><p class=\"wfa-wc-block-grid__product-badge\">\u2728 3 Variations<\/p><\/div>\n\t\t\t\t\n\t\t\t\t\n\t\t\t<\/li><li class=\"wc-block-grid__product\"><span class=\"gtm4wp_productdata\" style=\"display:none; visibility:hidden;\" data-gtm4wp_product_data=\"{&quot;internal_id&quot;:17478,&quot;item_id&quot;:&quot;OC-&quot;,&quot;item_name&quot;:&quot;Housse moto MYCOVER\\u00ae Premium Outdoor&quot;,&quot;sku&quot;:&quot;OC-&quot;,&quot;price&quot;:139,&quot;stocklevel&quot;:0,&quot;stockstatus&quot;:&quot;onbackorder&quot;,&quot;google_business_vertical&quot;:&quot;retail&quot;,&quot;item_category&quot;:&quot;Couvertures moto&quot;,&quot;id&quot;:&quot;OC-&quot;,&quot;productlink&quot;:&quot;https:\\\/\\\/www.mycover-protection.com\\\/fr\\\/produkt\\\/mycover-premium-outdoor\\\/&quot;,&quot;item_list_name&quot;:&quot;Liste g\\u00e9n\\u00e9rale des produits&quot;,&quot;index&quot;:0,&quot;product_type&quot;:&quot;variable&quot;,&quot;item_brand&quot;:&quot;&quot;}\"><\/span>\n\t\t\t\t<a href=\"https:\/\/www.mycover-protection.com\/fr\/produkt\/mycover-premium-outdoor\/\" class=\"wc-block-grid__product-link\">\n\t\t\t\t\t\n\t\t\t\t\t<div class=\"wc-block-grid__product-image\"><img decoding=\"async\" width=\"300\" height=\"300\" src=\"https:\/\/www.mycover-protection.com\/wp-content\/uploads\/2025\/11\/housse-moto-exterieur-M-300x300.jpg\" class=\"attachment-woocommerce_thumbnail size-woocommerce_thumbnail\" alt=\"Housses moto Outdoor M+\" srcset=\"https:\/\/www.mycover-protection.com\/wp-content\/uploads\/2025\/11\/housse-moto-exterieur-M-300x300.jpg 300w, https:\/\/www.mycover-protection.com\/wp-content\/uploads\/2025\/11\/housse-moto-exterieur-M-1024x1024.jpg 1024w, https:\/\/www.mycover-protection.com\/wp-content\/uploads\/2025\/11\/housse-moto-exterieur-M-150x150.jpg 150w, https:\/\/www.mycover-protection.com\/wp-content\/uploads\/2025\/11\/housse-moto-exterieur-M-768x768.jpg 768w, https:\/\/www.mycover-protection.com\/wp-content\/uploads\/2025\/11\/housse-moto-exterieur-M-270x270.jpg 270w, https:\/\/www.mycover-protection.com\/wp-content\/uploads\/2025\/11\/housse-moto-exterieur-M-800x800.jpg 800w, https:\/\/www.mycover-protection.com\/wp-content\/uploads\/2025\/11\/housse-moto-exterieur-M-200x200.jpg 200w, https:\/\/www.mycover-protection.com\/wp-content\/uploads\/2025\/11\/housse-moto-exterieur-M.jpg 1500w\" sizes=\"(max-width: 300px) 100vw, 300px\" \/><\/div>\n\t\t\t\t\t<div class=\"wc-block-grid__product-title\">Housse moto MYCOVER\u00ae Premium Outdoor<\/div>\n\t\t\t\t<\/a>\n\t\t\t\t<div class=\"wfa-wc-product-star-rating wfa-wc-block-grid__product-stars\" style=\"--fill:0.986;\" role=\"img\" aria-label=\"Note 4.93 sur 5\"><\/div><div class=\"wc-block-grid__product-price price\"><span class=\"wfa-variable-parent-price-range wfa-variable-parent-price-range--regular\"><del><span class=\"woocommerce-Price-amount amount\" aria-hidden=\"true\">159,00<span class=\"woocommerce-Price-currencySymbol\">&euro;<\/span><\/span> <span aria-hidden=\"true\">\u00a0\u2013\u00a0<\/span> <span class=\"woocommerce-Price-amount amount\" aria-hidden=\"true\">279,00<span class=\"woocommerce-Price-currencySymbol\">&euro;<\/span><\/span><span class=\"screen-reader-text\">Plage de prix\u00a0: 159,00&euro; \u00e0 279,00&euro;<\/span><\/del><\/span><span class=\"wfa-variable-parent-price-range wfa-variable-parent-price-range--sale\"><ins><span class=\"woocommerce-Price-amount amount\" aria-hidden=\"true\">139,00<span class=\"woocommerce-Price-currencySymbol\">&euro;<\/span><\/span> <span aria-hidden=\"true\">\u00a0\u2013\u00a0<\/span> <span class=\"woocommerce-Price-amount amount\" aria-hidden=\"true\">259,00<span class=\"woocommerce-Price-currencySymbol\">&euro;<\/span><\/span><span class=\"screen-reader-text\">Plage de prix\u00a0: 139,00&euro; \u00e0 259,00&euro;<\/span><\/ins><\/span><\/div><div class=\"wfa-wc-block-grid__product-badge-list\" aria-label=\"Caract\u00e9ristiques sp\u00e9ciales\"><p class=\"wfa-wc-block-grid__product-badge\">\ud83c\udfc6 Bestseller<\/p><p class=\"wfa-wc-block-grid__product-badge\">\ud83d\udd25 \u00c9conomisez 20&euro; maintenant !<\/p><p class=\"wfa-wc-block-grid__product-badge\">\u2728 16 Tailles<\/p><\/div>\n\t\t\t\t\n\t\t\t\t\n\t\t\t<\/li><\/ul><\/div>\n<div style=\"height:30px\" aria-hidden=\"true\" class=\"wp-block-spacer\"><\/div>\n\n<h2 class=\"wp-block-heading\">Cadeaux pour les fans de marques, les amateurs de films et de livres<\/h2>\n\n<p>BMW-, Harley Davidson- ou Vespa-, les fans seront ravis de recevoir :<\/p>\n\n<ul class=\"wp-block-list\">\n<li>Porte-cl\u00e9s pour moto, porte-bouteille moto,  <\/li>\n\n\n\n<li>Coffrets cadeaux pour les amateurs de r\u00e9tro, tasses, d\u00e9coration de plaques de m\u00e9tal<\/li>\n\n\n\n<li>Livres, livres illustr\u00e9s, biographies, litt\u00e9rature d&rsquo;atelier, guides techniques<\/li>\n\n\n\n<li>Classiques et nouveaut\u00e9s sur Netflix : voir la liste des films moto Netflix<\/li>\n\n\n\n<li>Ch\u00e8que-cadeau : cadeau flexible pour tous les budgets : le b\u00e9n\u00e9ficiaire peut choisir lui-m\u00eame.<\/li>\n\n\n\n<li>Recommand\u00e9 : <a href=\"https:\/\/www.mycover-protection.com\/fr\/produkt\/bon-cadeau-moto-mycover-online-shop-bon-cadeau\/\">bon d&rsquo;achat de MYCOVER<\/a> pour les accessoires, les antivols et les housses.<\/li>\n<\/ul>\n\n<p>Ils vous permettront \u00e9galement de faire face aux prochains jours de pluie ou aux mois d&rsquo;hiver. Pour les vrais fans, BMW sont des cadeaux pour hommes ou Harley   <\/p>\n\n<div style=\"height:30px\" aria-hidden=\"true\" class=\"wp-block-spacer\"><\/div>\n\n<div id=\"Fazit_Geschenke\" class=\"wp-block-group is-banner__info\"><div class=\"wp-block-group__inner-container is-layout-constrained wp-block-group-is-layout-constrained\">\n<h2 class=\"wp-block-heading\">Conclusion : le cadeau id\u00e9al pour tout fan de moto<\/h2>\n\n\n\n<p class=\"is-banner__info\">Que vous cherchiez un petit cadeau, un accessoire pratique ou un produit haut de gamme, vous \u00eates s\u00fbr de faire le bon choix avec ces cadeaux moto pour hommes, femmes ou visseurs. La combinaison de la fonctionnalit\u00e9, de la personnalit\u00e9 et de la qualit\u00e9 fait de chacun de ces cadeaux quelque chose de sp\u00e9cial, m\u00eame si ce n&rsquo;est qu&rsquo;un petit cadeau. <\/p>\n\n\n\n<p class=\"is-banner__info\">Et si vous n&rsquo;\u00eates pas s\u00fbr de votre choix, un <a href=\"https:\/\/www.mycover-protection.com\/fr\/produkt\/bon-cadeau-moto-mycover-online-shop-bon-cadeau\/\">bon d&rsquo;achat<\/a> pour des accessoires ou une <a href=\"https:\/\/www.mycover-protection.com\/fr\/produkt\/mycover-premium-outdoor\/\">Housses moto<\/a> sur mesure est toujours une d\u00e9cision s\u00fbre. Le montant est libre, le bon est disponible imm\u00e9diatement et peut \u00eatre utilis\u00e9 de mani\u00e8re flexible, qu&rsquo;il s&rsquo;agisse de protection contre le vol, d&rsquo;entretien ou de protection contre les intemp\u00e9ries. <\/p>\n<\/div><\/div>\n\n<div style=\"height:30px\" aria-hidden=\"true\" class=\"wp-block-spacer\"><\/div>\n\n<figure class=\"wp-block-image size-large\"><img decoding=\"async\" width=\"1024\" height=\"683\" src=\"https:\/\/www.mycover-protection.com\/wp-content\/uploads\/2024\/05\/Geschenke_Motorrad-1024x683.png\" alt=\"Deux personnes s'offrant un cadeau dans le salon, des id&#xE9;es de cadeaux pour les motards emball&#xE9;s avec amour dans du papier naturel\" class=\"wp-image-52528\" srcset=\"https:\/\/www.mycover-protection.com\/wp-content\/uploads\/2024\/05\/Geschenke_Motorrad-1024x683.png 1024w, https:\/\/www.mycover-protection.com\/wp-content\/uploads\/2024\/05\/Geschenke_Motorrad-300x200.png 300w, https:\/\/www.mycover-protection.com\/wp-content\/uploads\/2024\/05\/Geschenke_Motorrad-768x512.png 768w, https:\/\/www.mycover-protection.com\/wp-content\/uploads\/2024\/05\/Geschenke_Motorrad-400x267.png 400w, https:\/\/www.mycover-protection.com\/wp-content\/uploads\/2024\/05\/Geschenke_Motorrad-800x533.png 800w, https:\/\/www.mycover-protection.com\/wp-content\/uploads\/2024\/05\/Geschenke_Motorrad.png 1536w\" sizes=\"(max-width: 1024px) 100vw, 1024px\" \/><figcaption class=\"wp-element-caption\">Cette image a \u00e9t\u00e9 g\u00e9n\u00e9r\u00e9e avec AI<\/figcaption><\/figure>\n\n<div style=\"height:50px\" aria-hidden=\"true\" class=\"wp-block-spacer wf-spacer-section\"><\/div>\n\n<h2 class=\"wp-block-heading is-style-not-underlined\" id=\"Fragen-zu-den-Geschenkideen\">FAQ &#8211; Questions sur les id\u00e9es de cadeaux<\/h2>\n\n<details class=\"wp-block-webfluence-blocks-details-summary\">\n<summary class=\"wp-block-webfluence-blocks-details-summary-title\">\n<h3 class=\"wp-block-heading is-style-not-underlined\">Quelles sont les bonnes id\u00e9es de cadeaux pour les motards ?<\/h3>\n<\/summary>\n\n\n\n<div class=\"wp-block-webfluence-blocks-details-summary-body\">\n<p>Les bonnes id\u00e9es de cadeaux pour les motards sont pratiques ou personnelles, par exemple des accessoires de navigation, <a href=\"https:\/\/www.mycover-protection.com\/fr\/produkt-kategorie\/produits-dentretien-pour-moto\/\">des produits d&rsquo;entretien de<\/a> qualit\u00e9 ou des exp\u00e9riences telles que des stages de conduite en s\u00e9curit\u00e9. Les accessoires personnalis\u00e9s comme les porte-cl\u00e9s moto ou les tasses sont \u00e9galement tr\u00e8s appr\u00e9ci\u00e9s. <\/p>\n<\/div>\n<\/details>\n\n<details class=\"wp-block-webfluence-blocks-details-summary\">\n<summary class=\"wp-block-webfluence-blocks-details-summary-title\">\n<h3 class=\"wp-block-heading is-style-not-underlined\">Existe-t-il diff\u00e9rents types de Housses ?<\/h3>\n<\/summary>\n\n\n\n<div class=\"wp-block-webfluence-blocks-details-summary-body\">\n<p>Oui, il existe de nombreuses tailles diff\u00e9rentes. Celles-ci varient en fonction du type de moto, de scooter ou de Chopper et doivent donc \u00eatre choisies individuellement. Vous avez \u00e9galement le choix entre <a href=\"https:\/\/www.mycover-protection.com\/fr\/produkt\/mycover-premium-outdoor\/\">des Housses<\/a> <a href=\"https:\/\/www.mycover-protection.com\/fr\/produkt\/mycover-bache-moto-indoor\/\">d&rsquo;int\u00e9rieur<\/a> et d&rsquo;ext\u00e9rieur. <\/p>\n\n\n\n<p><strong>Notre conseil : <\/strong>consultez<strong> <\/strong>pour notre <a href=\"https:\/\/www.mycover-protection.com\/fr\/produkt\/mycover-premium-outdoor\/\">conseiller Housses moto<\/a>.<\/p>\n<\/div>\n<\/details>\n\n<details class=\"wp-block-webfluence-blocks-details-summary\">\n<summary class=\"wp-block-webfluence-blocks-details-summary-title\">\n<h3 class=\"wp-block-heading is-style-not-underlined\">Quel cadenas acheter ?<\/h3>\n<\/summary>\n\n\n\n<div class=\"wp-block-webfluence-blocks-details-summary-body\">\n<p>Il est important de prendre en compte plusieurs \u00e9l\u00e9ments, d&rsquo;une part il y a une nette diff\u00e9rence de prix entre les <a href=\"https:\/\/www.mycover-protection.com\/fr\/produkt-kategorie\/antivols-abus\/\">serrures ABUS<\/a> et d&rsquo;autre part elles s\u00e9curisent diff\u00e9remment, ont diff\u00e9rents niveaux de s\u00e9curit\u00e9 et plusieurs variantes de fermeture. Il faut donc faire attention au prix de la moto et \u00e0 son emplacement. Consultez notre <a href=\"https:\/\/www.mycover-protection.com\/fr\/chateau-conseiller\/\">conseiller en antivols pour moto<\/a>, il vous donnera certainement une r\u00e9ponse.  <\/p>\n\n\n\n<p><strong>Notre conseil :<\/strong> ABUS a un syst\u00e8me de niveau de s\u00e9curit\u00e9 de 1 \u00e0 20, les chiffres \u00e9tant d&rsquo;autant plus \u00e9lev\u00e9s qu&rsquo;ils garantissent une meilleure protection.<\/p>\n<\/div>\n<\/details>\n\n<details class=\"wp-block-webfluence-blocks-details-summary\">\n<summary class=\"wp-block-webfluence-blocks-details-summary-title\">\n<h3 class=\"wp-block-heading is-style-not-underlined\">Quels sont les cadeaux personnalis\u00e9s qui conviennent aux motards ?<\/h3>\n<\/summary>\n\n\n\n<div class=\"wp-block-webfluence-blocks-details-summary-body\">\n<p>Pour les motards, les cadeaux personnalis\u00e9s tels que les porte-cl\u00e9s grav\u00e9s, les tasses imprim\u00e9es, les livres de photos de randonn\u00e9es ou les d\u00e9corations murales \u00e0 l&rsquo;effigie de la moto sont parfaits. Vous toucherez ainsi la corde sensible des vrais fans de moto. <\/p>\n<\/div>\n<\/details>\n\n<details class=\"wp-block-webfluence-blocks-details-summary\">\n<summary class=\"wp-block-webfluence-blocks-details-summary-title\">\n<h3 class=\"wp-block-heading is-style-not-underlined\">Existe-t-il des id\u00e9es de cadeaux originales pour les amateurs de moto ?<\/h3>\n<\/summary>\n\n\n\n<div class=\"wp-block-webfluence-blocks-details-summary-body\">\n<p>Oui, des id\u00e9es de cadeaux originales pour les amateurs de moto sont par exemple des mod\u00e8les r\u00e9duits de motos fabriqu\u00e9s \u00e0 la main, des cadeaux d&rsquo;argent moto en forme de casque ou des T-shirts cr\u00e9atifs avec des slogans de motards. Plus c&rsquo;est original, mieux c&rsquo;est. <\/p>\n<\/div>\n<\/details>\n\n<details class=\"wp-block-webfluence-blocks-details-summary\">\n<summary class=\"wp-block-webfluence-blocks-details-summary-title\">\n<h3 class=\"wp-block-heading is-style-not-underlined\">Quels cadeaux correspondent \u00e0 quel budget ?<\/h3>\n<\/summary>\n\n\n\n<div class=\"wp-block-webfluence-blocks-details-summary-body\">\n<p>Les petits cadeaux comme les porte-cl\u00e9s ou les kits de soins sont disponibles \u00e0 moins de 20 \u20ac. Jusqu&rsquo;\u00e0 50 \u20ac, vous trouverez des accessoires personnels comme <a href=\"https:\/\/www.mycover-protection.com\/fr\/produkt-kategorie\/antivols-abus\/antivols-pour-cables\/\">des cadenas \u00e0 combinaison<\/a> ou des tasses. \u00c0 partir de 50 \u20ac, on passe au haut de gamme avec <a href=\"https:\/\/www.mycover-protection.com\/fr\/produkt-kategorie\/antivols-abus\/boite-dalarme\/\">des bo\u00eetiers d&rsquo;alarme<\/a> et <a href=\"https:\/\/www.mycover-protection.com\/fr\/produkt-kategorie\/antivols-abus\/antivols-a-chaine\/\">des cha\u00eenes<\/a>, et \u00e0 partir de 100 \u20ac, les <a href=\"https:\/\/www.mycover-protection.com\/fr\/produkt-kategorie\/couverture-de-moto\/\">Housses<\/a> sont une solution solide. Autre possibilit\u00e9 : un <a href=\"https:\/\/www.mycover-protection.com\/fr\/produkt\/bon-cadeau-moto-mycover-online-shop-bon-cadeau\/\">ch\u00e8que-cadeau<\/a> d&rsquo;un montant librement choisi.   <\/p>\n<\/div>\n<\/details>\n\n<details class=\"wp-block-webfluence-blocks-details-summary\">\n<summary class=\"wp-block-webfluence-blocks-details-summary-title\">\n<h3 class=\"wp-block-heading is-style-not-underlined\">Quels sont les cadeaux utiles pour les motards en hiver ?<\/h3>\n<\/summary>\n\n\n\n<div class=\"wp-block-webfluence-blocks-details-summary-body\">\n<p>Les gants chauffants, les sous-v\u00eatements thermiques ou les kits d&rsquo;entretien pour l&rsquo;intersaison sont des cadeaux d&rsquo;hiver judicieux. Les livres sur la moto ou les kits de construction de mod\u00e8les r\u00e9duisent \u00e9galement la dur\u00e9e de la p\u00e9riode sans moto. <\/p>\n<\/div>\n<\/details>\n\n<details class=\"wp-block-webfluence-blocks-details-summary\">\n<summary class=\"wp-block-webfluence-blocks-details-summary-title\">\n<h3 class=\"wp-block-heading is-style-not-underlined\">Quels sont les cadeaux d&rsquo;exp\u00e9rience qui conviennent aux motards ?<\/h3>\n<\/summary>\n\n\n\n<div class=\"wp-block-webfluence-blocks-details-summary-body\">\n<p>Les cadeaux d&rsquo;exp\u00e9rience tels que les stages de conduite de s\u00e9curit\u00e9, les cours d&rsquo;enduro ou les visites guid\u00e9es en moto sont tr\u00e8s appr\u00e9ci\u00e9s, car ils combinent adr\u00e9naline, plaisir de conduire et apprentissage.<\/p>\n<\/div>\n<\/details>\n\n<details class=\"wp-block-webfluence-blocks-details-summary\">\n<summary class=\"wp-block-webfluence-blocks-details-summary-title\">\n<h3 class=\"wp-block-heading is-style-not-underlined\">Que peut-on offrir \u00e0 un motard qui a d\u00e9j\u00e0 tout ?<\/h3>\n<\/summary>\n\n\n\n<div class=\"wp-block-webfluence-blocks-details-summary-body\">\n<p>Les compl\u00e9ments pratiques tels qu&rsquo;une <a href=\"https:\/\/www.mycover-protection.com\/fr\/produkt-kategorie\/couverture-de-moto\/\">Housses de<\/a> qualit\u00e9, un <a href=\"https:\/\/www.mycover-protection.com\/fr\/produkt-kategorie\/antivols-abus\/antivols-pour-disques-de-frein\/\">antivol de disque de frein<\/a> flexible ou des cadeaux personnalis\u00e9s sont id\u00e9aux. Si vous n&rsquo;\u00eates pas s\u00fbr, un <a href=\"https:\/\/www.mycover-protection.com\/fr\/produkt\/bon-cadeau-moto-mycover-online-shop-bon-cadeau\/\">ch\u00e8que-cadeau<\/a> d&rsquo;un montant librement choisi est toujours un bon choix. <\/p>\n<\/div>\n<\/details>\n\n<details class=\"wp-block-webfluence-blocks-details-summary\">\n<summary class=\"wp-block-webfluence-blocks-details-summary-title\">\n<h3 class=\"wp-block-heading is-style-not-underlined\">Quels sont les accessoires les plus appr\u00e9ci\u00e9s des motards ?<\/h3>\n<\/summary>\n\n\n\n<div class=\"wp-block-webfluence-blocks-details-summary-body\">\n<p>Les foulards, les sacoches de r\u00e9servoir, les supports de t\u00e9l\u00e9phone portable, les gants de qualit\u00e9 ou les lunettes de soleil de moto sont tr\u00e8s appr\u00e9ci\u00e9s. Les accessoires doivent \u00eatre fonctionnels, robustes et styl\u00e9s, \u00e0 l&rsquo;image des motards eux-m\u00eames. <\/p>\n<\/div>\n<\/details>\n\n<details class=\"wp-block-webfluence-blocks-details-summary\">\n<summary class=\"wp-block-webfluence-blocks-details-summary-title\">\n<h3 class=\"wp-block-heading is-style-not-underlined\">Les cadeaux DIY pour les motards sont-ils une bonne id\u00e9e ?<\/h3>\n<\/summary>\n\n\n\n<div class=\"wp-block-webfluence-blocks-details-summary-body\">\n<p>Oui, les cadeaux DIY sont tr\u00e8s appr\u00e9ci\u00e9s des motards, comme un carnet de route fait maison, des porte-cl\u00e9s grav\u00e9s ou un collage de photos illustrant des moments personnels \u00e0 moto.<\/p>\n<\/div>\n<\/details>\n\n<details class=\"wp-block-webfluence-blocks-details-summary\">\n<summary class=\"wp-block-webfluence-blocks-details-summary-title\">\n<h3 class=\"wp-block-heading is-style-not-underlined\">O\u00f9 trouver un grand choix de cadeaux moto ?<\/h3>\n<\/summary>\n\n\n\n<div class=\"wp-block-webfluence-blocks-details-summary-body\">\n<p>Les boutiques en ligne telles que Louis, Polo, Etsy ou MYCOVER offrent un grand choix. Vous y trouverez tout, du plus pratique au plus personnel, pour tous les go\u00fbts et tous les budgets. <\/p>\n<\/div>\n<\/details>\n\n<details class=\"wp-block-webfluence-blocks-details-summary\">\n<summary class=\"wp-block-webfluence-blocks-details-summary-title\">\n<h3 class=\"wp-block-heading is-style-not-underlined\">Quels sont les bons petits cadeaux pour les motards ?<\/h3>\n<\/summary>\n\n\n\n<div class=\"wp-block-webfluence-blocks-details-summary-body\">\n<p>Des porte-cl\u00e9s personnalis\u00e9s, des tirelires, des <a href=\"https:\/\/www.mycover-protection.com\/fr\/produkt\/abus-ps88-antivol-pour-moto-spray-dentretien-et-de-degivrage\/\">sprays d\u00e9givrants<\/a> ou un <a href=\"https:\/\/www.mycover-protection.com\/fr\/produkt\/abus-ssp20-side-stand-pad\/\">side stand pad<\/a>, utiles, compacts, \u00e9conomiques.<\/p>\n<\/div>\n<\/details>\n\n<div style=\"height:100px\" aria-hidden=\"true\" class=\"wp-block-spacer wf-spacer-section\"><\/div>\n\n<hr class=\"wp-block-separator has-alpha-channel-opacity\"\/>\n\n<div class=\"wp-block-group wfa-reusable-group-all-mycover-products has-black-color has-text-color has-link-color wp-elements-e52df7be340ae9f9e80ecdd813c2d54b\"><div class=\"wp-block-group__inner-container is-layout-constrained wp-block-group-is-layout-constrained\">\n<p class=\"has-text-align-center wfa-reusable-group-all-mycover-products__title has-large-font-size\"><strong>Tous les MYCOVER\u00ae-produits<\/strong><\/p>\n\n\n\n<div class=\"wp-block-cb-carousel-v2 cb-carousel-block\" data-cb-slides-per-view=\"2\" data-cb-slides-per-group=\"1\" data-cb-space-between=\"0\" data-cb-speed=\"200\" data-cb-navigation=\"true\" data-cb-breakpoints=\"{&quot;768&quot;:{&quot;slidesPerView&quot;:4,&quot;slidesPerGroup&quot;:1}}\"><div class=\"swiper\"><div class=\"cb-wrapper swiper-wrapper\">\n<div class=\"wp-block-cb-slide-v2 cb-slide swiper-slide\">\n<div class=\"wp-block-group\"><div class=\"wp-block-group__inner-container is-layout-constrained wp-block-group-is-layout-constrained\">\n<figure class=\"wp-block-image size-large\"><img decoding=\"async\" width=\"1024\" height=\"1024\" src=\"https:\/\/www.mycover-protection.com\/wp-content\/uploads\/2022\/11\/Motorrad_abdeckplane_outdoor-1024x1024.jpg\" alt=\"Housses moto d'ext&#xE9;rieur\" class=\"wp-image-22125\" srcset=\"https:\/\/www.mycover-protection.com\/wp-content\/uploads\/2022\/11\/Motorrad_abdeckplane_outdoor-1024x1024.jpg 1024w, https:\/\/www.mycover-protection.com\/wp-content\/uploads\/2022\/11\/Motorrad_abdeckplane_outdoor-300x300.jpg 300w, https:\/\/www.mycover-protection.com\/wp-content\/uploads\/2022\/11\/Motorrad_abdeckplane_outdoor-150x150.jpg 150w, https:\/\/www.mycover-protection.com\/wp-content\/uploads\/2022\/11\/Motorrad_abdeckplane_outdoor-768x768.jpg 768w, https:\/\/www.mycover-protection.com\/wp-content\/uploads\/2022\/11\/Motorrad_abdeckplane_outdoor-270x270.jpg 270w, https:\/\/www.mycover-protection.com\/wp-content\/uploads\/2022\/11\/Motorrad_abdeckplane_outdoor-800x800.jpg 800w, https:\/\/www.mycover-protection.com\/wp-content\/uploads\/2022\/11\/Motorrad_abdeckplane_outdoor-200x200.jpg 200w, https:\/\/www.mycover-protection.com\/wp-content\/uploads\/2022\/11\/Motorrad_abdeckplane_outdoor.jpg 1200w\" sizes=\"(max-width: 1024px) 100vw, 1024px\" \/><\/figure>\n\n\n\n<p><a href=\"https:\/\/www.mycover-protection.com\/fr\/produkt\/mycover-premium-outdoor\/\"><strong>Housses moto Outdoor<\/strong><\/a><\/p>\n<\/div><\/div>\n<\/div>\n\n\n\n<div class=\"wp-block-cb-slide-v2 cb-slide swiper-slide\">\n<div class=\"wp-block-group\"><div class=\"wp-block-group__inner-container is-layout-constrained wp-block-group-is-layout-constrained\">\n<figure class=\"wp-block-image size-full\"><img decoding=\"async\" width=\"800\" height=\"800\" src=\"https:\/\/www.mycover-protection.com\/wp-content\/uploads\/2023\/01\/Motorrad-abdeckplane-chopper.png\" alt=\"Housses d'ext&#xE9;rieur pour Chopper\" class=\"wp-image-21485\" srcset=\"https:\/\/www.mycover-protection.com\/wp-content\/uploads\/2023\/01\/Motorrad-abdeckplane-chopper.png 800w, https:\/\/www.mycover-protection.com\/wp-content\/uploads\/2023\/01\/Motorrad-abdeckplane-chopper-300x300.png 300w, https:\/\/www.mycover-protection.com\/wp-content\/uploads\/2023\/01\/Motorrad-abdeckplane-chopper-150x150.png 150w, https:\/\/www.mycover-protection.com\/wp-content\/uploads\/2023\/01\/Motorrad-abdeckplane-chopper-768x768.png 768w, https:\/\/www.mycover-protection.com\/wp-content\/uploads\/2023\/01\/Motorrad-abdeckplane-chopper-270x270.png 270w, https:\/\/www.mycover-protection.com\/wp-content\/uploads\/2023\/01\/Motorrad-abdeckplane-chopper-200x200.png 200w\" sizes=\"(max-width: 800px) 100vw, 800px\" \/><\/figure>\n\n\n\n<p><a href=\"https:\/\/www.mycover-protection.com\/es\/produkt\/mycover-funda-exterior-premium-para-chopper\/\"><strong>Housses pour Chopper en ext\u00e9rieur<\/strong><\/a><\/p>\n<\/div><\/div>\n<\/div>\n\n\n\n<div class=\"wp-block-cb-slide-v2 cb-slide swiper-slide\">\n<div class=\"wp-block-group\"><div class=\"wp-block-group__inner-container is-layout-constrained wp-block-group-is-layout-constrained\">\n<figure class=\"wp-block-image size-full\"><img decoding=\"async\" width=\"800\" height=\"800\" src=\"https:\/\/www.mycover-protection.com\/wp-content\/uploads\/2023\/01\/Motorrad-Abdeckplane-Topcase.png\" alt=\"Housses pour Scooter avec Topcase\" class=\"wp-image-21482\" srcset=\"https:\/\/www.mycover-protection.com\/wp-content\/uploads\/2023\/01\/Motorrad-Abdeckplane-Topcase.png 800w, https:\/\/www.mycover-protection.com\/wp-content\/uploads\/2023\/01\/Motorrad-Abdeckplane-Topcase-300x300.png 300w, https:\/\/www.mycover-protection.com\/wp-content\/uploads\/2023\/01\/Motorrad-Abdeckplane-Topcase-150x150.png 150w, https:\/\/www.mycover-protection.com\/wp-content\/uploads\/2023\/01\/Motorrad-Abdeckplane-Topcase-768x768.png 768w, https:\/\/www.mycover-protection.com\/wp-content\/uploads\/2023\/01\/Motorrad-Abdeckplane-Topcase-270x270.png 270w, https:\/\/www.mycover-protection.com\/wp-content\/uploads\/2023\/01\/Motorrad-Abdeckplane-Topcase-200x200.png 200w\" sizes=\"(max-width: 800px) 100vw, 800px\" \/><\/figure>\n\n\n\n<p><a href=\"https:\/\/www.mycover-protection.com\/es\/produkt\/mycover-funda-exterior-premium-para-scooter\/\"><strong>Housses pour Scooter Outdoor<\/strong><\/a><\/p>\n<\/div><\/div>\n<\/div>\n\n\n\n<div class=\"wp-block-cb-slide-v2 cb-slide swiper-slide\">\n<div class=\"wp-block-group\"><div class=\"wp-block-group__inner-container is-layout-constrained wp-block-group-is-layout-constrained\">\n<figure class=\"wp-block-image size-full\"><img decoding=\"async\" width=\"800\" height=\"800\" src=\"https:\/\/www.mycover-protection.com\/wp-content\/uploads\/2022\/07\/Motorrrad-Abdeckplane-Indoor-Stoff.png\" alt=\"Housses moto Indoor soft\" class=\"wp-image-20162\" srcset=\"https:\/\/www.mycover-protection.com\/wp-content\/uploads\/2022\/07\/Motorrrad-Abdeckplane-Indoor-Stoff.png 800w, https:\/\/www.mycover-protection.com\/wp-content\/uploads\/2022\/07\/Motorrrad-Abdeckplane-Indoor-Stoff-300x300.png 300w, https:\/\/www.mycover-protection.com\/wp-content\/uploads\/2022\/07\/Motorrrad-Abdeckplane-Indoor-Stoff-150x150.png 150w, https:\/\/www.mycover-protection.com\/wp-content\/uploads\/2022\/07\/Motorrrad-Abdeckplane-Indoor-Stoff-768x768.png 768w, https:\/\/www.mycover-protection.com\/wp-content\/uploads\/2022\/07\/Motorrrad-Abdeckplane-Indoor-Stoff-270x270.png 270w, https:\/\/www.mycover-protection.com\/wp-content\/uploads\/2022\/07\/Motorrrad-Abdeckplane-Indoor-Stoff-200x200.png 200w\" sizes=\"(max-width: 800px) 100vw, 800px\" \/><\/figure>\n\n\n\n<p><a href=\"https:\/\/www.mycover-protection.com\/es\/produkt\/mycover-funda-para-moto-de-interior-premium\/\"><strong>Housses moto Indoor<\/strong><\/a><\/p>\n<\/div><\/div>\n<\/div>\n<\/div><\/div><div class=\"cb-button-prev swiper-button-prev\"><\/div><div class=\"cb-button-next swiper-button-next\"><\/div><\/div>\n\n\n\n<p class=\"has-text-align-center wfa-reusable-group-all-mycover-products__category-links has-small-font-size\"><a href=\"https:\/\/www.mycover-protection.com\/fr\/categorie-de-produits\/couverture-de-moto\/\">Toutes les Couvertures moto<\/a> &#8211; <a href=\"https:\/\/www.mycover-protection.com\/fr\/categorie-de-produits\/couvertures-de-scooter\/\">Toutes les Couvertures scooter<\/a><\/p>\n<\/div><\/div>\n\n<hr class=\"wp-block-separator has-alpha-channel-opacity\"\/>\n\n<div class=\"wp-block-columns alignwide are-vertically-aligned-center is-layout-flex wp-container-core-columns-is-layout-9d6595d7 wp-block-columns-is-layout-flex\">\n<div class=\"wp-block-column is-vertically-aligned-center is-layout-flow wp-block-column-is-layout-flow\">\n<figure class=\"wp-block-image size-large\"><img decoding=\"async\" width=\"1024\" height=\"893\" src=\"https:\/\/www.mycover-protection.com\/wp-content\/uploads\/2021\/02\/mycover-abdeckplane-schatten-hintergrund-weiss-1024x893.jpg\" alt=\"MYCOVER Housse moto pour BMW, la protection pour votre moto\" class=\"wp-image-9417\" srcset=\"https:\/\/www.mycover-protection.com\/wp-content\/uploads\/2021\/02\/mycover-abdeckplane-schatten-hintergrund-weiss-1024x893.jpg 1024w, https:\/\/www.mycover-protection.com\/wp-content\/uploads\/2021\/02\/mycover-abdeckplane-schatten-hintergrund-weiss-300x262.jpg 300w, https:\/\/www.mycover-protection.com\/wp-content\/uploads\/2021\/02\/mycover-abdeckplane-schatten-hintergrund-weiss-768x670.jpg 768w, https:\/\/www.mycover-protection.com\/wp-content\/uploads\/2021\/02\/mycover-abdeckplane-schatten-hintergrund-weiss-1536x1340.jpg 1536w, https:\/\/www.mycover-protection.com\/wp-content\/uploads\/2021\/02\/mycover-abdeckplane-schatten-hintergrund-weiss-2048x1787.jpg 2048w, https:\/\/www.mycover-protection.com\/wp-content\/uploads\/2021\/02\/mycover-abdeckplane-schatten-hintergrund-weiss-310x270.jpg 310w, https:\/\/www.mycover-protection.com\/wp-content\/uploads\/2021\/02\/mycover-abdeckplane-schatten-hintergrund-weiss-800x698.jpg 800w\" sizes=\"(max-width: 1024px) 100vw, 1024px\" \/><\/figure>\n<\/div>\n\n\n\n<div class=\"wp-block-column is-vertically-aligned-center is-layout-flow wp-block-column-is-layout-flow\">\n<h2 class=\"wp-block-heading wf-overline is-style-not-underlined\">Housses moto d&rsquo;ext\u00e9rieur de premi\u00e8re qualit\u00e9 de MYCOVER\u00ae<\/h2>\n\n\n\n<p class=\"wf-fake-h2\">Une moto haut de gamme m\u00e9rite une Housse moto haut de gamme<\/p>\n\n\n\n<p>Le MYCOVER\u00ae Housse moto Premium Outdoor offre \u00e9galement \u00e0 votre moto une protection optimale contre l&rsquo;humidit\u00e9, la salet\u00e9 et les rayures. Avec 10 fonctions bien pens\u00e9es <a data-type=\"URL\" data-id=\"https:\/\/www.mycover-protection.com\/ueber-uns\/\" href=\"https:\/\/www.mycover-protection.com\/fr\/a-propos-de-nous\/\">&#8211; Con\u00e7u par des motards pour des motards &#8211;<\/a> pour pr\u00e9server au mieux la valeur de votre moto ! <\/p>\n\n\n\n<p>Elle peut \u00eatre utilis\u00e9e toute l&rsquo;ann\u00e9e pour une utilisation ext\u00e9rieure en hiver, mais elle peut aussi \u00eatre utilis\u00e9e comme Housse moto d&rsquo;int\u00e9rieur pour votre garage ou votre abri de voiture.<\/p>\n\n\n\n<div class=\"wp-block-buttons is-layout-flex wp-block-buttons-is-layout-flex\">\n<div class=\"wp-block-button\"><a class=\"wp-block-button__link wp-element-button\" href=\"https:\/\/www.mycover-protection.com\/fr\/produkt\/mycover-premium-outdoor\/\">Housses moto Outdoor<\/a><\/div>\n<\/div>\n<\/div>\n<\/div>\n","protected":false},"excerpt":{"rendered":"<p>D\u00e9couvrez les meilleures id\u00e9es de cadeaux pour les motards dans diff\u00e9rentes cat\u00e9gories de prix. Cet article vous aidera \u00e0 trouver le cadeau parfait qui refl\u00e8te la passion d&rsquo;un motard. Des accessoires bon march\u00e9 aux \u00e9quipements haut de gamme. D\u00e9couvrez comment offrir de la joie et des avantages avec des cadeaux bien pens\u00e9s, adapt\u00e9s \u00e0 tous les budgets.   <\/p>\n","protected":false},"author":293,"featured_media":52520,"comment_status":"closed","ping_status":"open","sticky":false,"template":"templates\/long-form-small.php","format":"standard","meta":{"footnotes":""},"categories":[321],"tags":[],"class_list":["post-34246","post","type-post","status-publish","format-standard","has-post-thumbnail","hentry","category-non-classifiee"],"yoast_head":"<!-- This site is optimized with the Yoast SEO plugin v27.4 - https:\/\/yoast.com\/product\/yoast-seo-wordpress\/ -->\n<title>Id\u00e9es de cadeaux pour les motards - Id\u00e9es cr\u00e9atives &amp; conseils de prix<\/title>\n<meta name=\"description\" content=\"D\u00e9couvrez les meilleurs cadeaux pour les motards - du moins cher au plus exclusif. Des id\u00e9es cr\u00e9atives pour tous les budgets et toutes les personnalit\u00e9s.\" \/>\n<meta name=\"robots\" content=\"index, follow, max-snippet:-1, max-image-preview:large, max-video-preview:-1\" \/>\n<link rel=\"canonical\" href=\"https:\/\/www.mycover-protection.com\/fr\/magazin\/les-meilleures-idees-de-cadeaux-pour-les-motards-dans-differentes-categories-de-prix\/\" \/>\n<meta property=\"og:locale\" content=\"fr_FR\" \/>\n<meta property=\"og:type\" content=\"article\" \/>\n<meta property=\"og:title\" content=\"Id\u00e9es de cadeaux pour les motards - Id\u00e9es cr\u00e9atives &amp; conseils de prix\" \/>\n<meta property=\"og:description\" content=\"D\u00e9couvrez les meilleurs cadeaux pour les motards - du moins cher au plus exclusif. Des id\u00e9es cr\u00e9atives pour tous les budgets et toutes les personnalit\u00e9s.\" \/>\n<meta property=\"og:url\" content=\"https:\/\/www.mycover-protection.com\/fr\/magazin\/les-meilleures-idees-de-cadeaux-pour-les-motards-dans-differentes-categories-de-prix\/\" \/>\n<meta property=\"og:site_name\" content=\"MYCOVER\u00ae Online Shop\" \/>\n<meta property=\"article:publisher\" content=\"https:\/\/www.facebook.com\/Mycover-114242613377158\/\" \/>\n<meta property=\"article:published_time\" content=\"2024-06-13T16:27:19+00:00\" \/>\n<meta property=\"article:modified_time\" content=\"2026-03-24T10:28:56+00:00\" \/>\n<meta property=\"og:image\" content=\"https:\/\/www.mycover-protection.com\/wp-content\/uploads\/2024\/05\/Motorrad_Geschenke-1024x683.png\" \/>\n\t<meta property=\"og:image:width\" content=\"1024\" \/>\n\t<meta property=\"og:image:height\" content=\"683\" \/>\n\t<meta property=\"og:image:type\" content=\"image\/png\" \/>\n<meta name=\"author\" content=\"Robert Rosanke\" \/>\n<meta name=\"twitter:card\" content=\"summary_large_image\" \/>\n<meta name=\"twitter:title\" content=\"Id\u00e9es de cadeaux pour les motards - Id\u00e9es cr\u00e9atives &amp; conseils de prix\" \/>\n<meta name=\"twitter:description\" content=\"D\u00e9couvrez les meilleurs cadeaux pour les motards - du moins cher au plus exclusif. Des id\u00e9es cr\u00e9atives pour tous les budgets et toutes les personnalit\u00e9s.\" \/>\n<meta name=\"twitter:label1\" content=\"\u00c9crit par\" \/>\n\t<meta name=\"twitter:data1\" content=\"Robert Rosanke\" \/>\n\t<meta name=\"twitter:label2\" content=\"Dur\u00e9e de lecture estim\u00e9e\" \/>\n\t<meta name=\"twitter:data2\" content=\"14 minutes\" \/>\n<script type=\"application\/ld+json\" class=\"yoast-schema-graph\">{\"@context\":\"https:\\\/\\\/schema.org\",\"@graph\":[{\"@type\":\"Article\",\"@id\":\"https:\\\/\\\/www.mycover-protection.com\\\/fr\\\/magazin\\\/les-meilleures-idees-de-cadeaux-pour-les-motards-dans-differentes-categories-de-prix\\\/#article\",\"isPartOf\":{\"@id\":\"https:\\\/\\\/www.mycover-protection.com\\\/fr\\\/magazin\\\/les-meilleures-idees-de-cadeaux-pour-les-motards-dans-differentes-categories-de-prix\\\/\"},\"author\":{\"name\":\"Robert Rosanke\",\"@id\":\"https:\\\/\\\/www.mycover-protection.com\\\/fr\\\/#\\\/schema\\\/person\\\/96ce0577521ba01c2a8e8a084c3828f2\"},\"headline\":\"Cadeaux pour les motards &#8211; les meilleures id\u00e9es pour tous les budgets\",\"datePublished\":\"2024-06-13T16:27:19+00:00\",\"dateModified\":\"2026-03-24T10:28:56+00:00\",\"mainEntityOfPage\":{\"@id\":\"https:\\\/\\\/www.mycover-protection.com\\\/fr\\\/magazin\\\/les-meilleures-idees-de-cadeaux-pour-les-motards-dans-differentes-categories-de-prix\\\/\"},\"wordCount\":2866,\"publisher\":{\"@id\":\"https:\\\/\\\/www.mycover-protection.com\\\/fr\\\/#organization\"},\"image\":{\"@id\":\"https:\\\/\\\/www.mycover-protection.com\\\/fr\\\/magazin\\\/les-meilleures-idees-de-cadeaux-pour-les-motards-dans-differentes-categories-de-prix\\\/#primaryimage\"},\"thumbnailUrl\":\"https:\\\/\\\/www.mycover-protection.com\\\/wp-content\\\/uploads\\\/2024\\\/05\\\/Motorrad_Geschenke.png\",\"articleSection\":[\"Non classifi\u00e9(e)\"],\"inLanguage\":\"fr-FR\"},{\"@type\":\"WebPage\",\"@id\":\"https:\\\/\\\/www.mycover-protection.com\\\/fr\\\/magazin\\\/les-meilleures-idees-de-cadeaux-pour-les-motards-dans-differentes-categories-de-prix\\\/\",\"url\":\"https:\\\/\\\/www.mycover-protection.com\\\/fr\\\/magazin\\\/les-meilleures-idees-de-cadeaux-pour-les-motards-dans-differentes-categories-de-prix\\\/\",\"name\":\"Id\u00e9es de cadeaux pour les motards - Id\u00e9es cr\u00e9atives & conseils de prix\",\"isPartOf\":{\"@id\":\"https:\\\/\\\/www.mycover-protection.com\\\/fr\\\/#website\"},\"primaryImageOfPage\":{\"@id\":\"https:\\\/\\\/www.mycover-protection.com\\\/fr\\\/magazin\\\/les-meilleures-idees-de-cadeaux-pour-les-motards-dans-differentes-categories-de-prix\\\/#primaryimage\"},\"image\":{\"@id\":\"https:\\\/\\\/www.mycover-protection.com\\\/fr\\\/magazin\\\/les-meilleures-idees-de-cadeaux-pour-les-motards-dans-differentes-categories-de-prix\\\/#primaryimage\"},\"thumbnailUrl\":\"https:\\\/\\\/www.mycover-protection.com\\\/wp-content\\\/uploads\\\/2024\\\/05\\\/Motorrad_Geschenke.png\",\"datePublished\":\"2024-06-13T16:27:19+00:00\",\"dateModified\":\"2026-03-24T10:28:56+00:00\",\"description\":\"D\u00e9couvrez les meilleurs cadeaux pour les motards - du moins cher au plus exclusif. Des id\u00e9es cr\u00e9atives pour tous les budgets et toutes les personnalit\u00e9s.\",\"breadcrumb\":{\"@id\":\"https:\\\/\\\/www.mycover-protection.com\\\/fr\\\/magazin\\\/les-meilleures-idees-de-cadeaux-pour-les-motards-dans-differentes-categories-de-prix\\\/#breadcrumb\"},\"inLanguage\":\"fr-FR\",\"potentialAction\":[{\"@type\":\"ReadAction\",\"target\":[\"https:\\\/\\\/www.mycover-protection.com\\\/fr\\\/magazin\\\/les-meilleures-idees-de-cadeaux-pour-les-motards-dans-differentes-categories-de-prix\\\/\"]}]},{\"@type\":\"ImageObject\",\"inLanguage\":\"fr-FR\",\"@id\":\"https:\\\/\\\/www.mycover-protection.com\\\/fr\\\/magazin\\\/les-meilleures-idees-de-cadeaux-pour-les-motards-dans-differentes-categories-de-prix\\\/#primaryimage\",\"url\":\"https:\\\/\\\/www.mycover-protection.com\\\/wp-content\\\/uploads\\\/2024\\\/05\\\/Motorrad_Geschenke.png\",\"contentUrl\":\"https:\\\/\\\/www.mycover-protection.com\\\/wp-content\\\/uploads\\\/2024\\\/05\\\/Motorrad_Geschenke.png\",\"width\":1536,\"height\":1024,\"caption\":\"Dieses Bild wurde mit AI generiert\"},{\"@type\":\"BreadcrumbList\",\"@id\":\"https:\\\/\\\/www.mycover-protection.com\\\/fr\\\/magazin\\\/les-meilleures-idees-de-cadeaux-pour-les-motards-dans-differentes-categories-de-prix\\\/#breadcrumb\",\"itemListElement\":[{\"@type\":\"ListItem\",\"position\":1,\"name\":\"Startseite\",\"item\":\"https:\\\/\\\/www.mycover-protection.com\\\/fr\\\/\"},{\"@type\":\"ListItem\",\"position\":2,\"name\":\"Cadeaux pour les motards &#8211; les meilleures id\u00e9es pour tous les budgets\"}]},{\"@type\":\"WebSite\",\"@id\":\"https:\\\/\\\/www.mycover-protection.com\\\/fr\\\/#website\",\"url\":\"https:\\\/\\\/www.mycover-protection.com\\\/fr\\\/\",\"name\":\"MYCOVER\u00ae Online Shop\",\"description\":\"Protection at its finest\",\"publisher\":{\"@id\":\"https:\\\/\\\/www.mycover-protection.com\\\/fr\\\/#organization\"},\"potentialAction\":[{\"@type\":\"SearchAction\",\"target\":{\"@type\":\"EntryPoint\",\"urlTemplate\":\"https:\\\/\\\/www.mycover-protection.com\\\/fr\\\/?s={search_term_string}\"},\"query-input\":{\"@type\":\"PropertyValueSpecification\",\"valueRequired\":true,\"valueName\":\"search_term_string\"}}],\"inLanguage\":\"fr-FR\"},{\"@type\":\"Organization\",\"@id\":\"https:\\\/\\\/www.mycover-protection.com\\\/fr\\\/#organization\",\"name\":\"MYCOVER\u00ae - PROTECTION AT ITS FINEST\",\"url\":\"https:\\\/\\\/www.mycover-protection.com\\\/fr\\\/\",\"logo\":{\"@type\":\"ImageObject\",\"inLanguage\":\"fr-FR\",\"@id\":\"https:\\\/\\\/www.mycover-protection.com\\\/fr\\\/#\\\/schema\\\/logo\\\/image\\\/\",\"url\":\"https:\\\/\\\/www.mycover-protection.com\\\/wp-content\\\/uploads\\\/2020\\\/01\\\/PAYPAL_190x60_mycover-white.jpg\",\"contentUrl\":\"https:\\\/\\\/www.mycover-protection.com\\\/wp-content\\\/uploads\\\/2020\\\/01\\\/PAYPAL_190x60_mycover-white.jpg\",\"width\":190,\"height\":60,\"caption\":\"MYCOVER\u00ae - PROTECTION AT ITS FINEST\"},\"image\":{\"@id\":\"https:\\\/\\\/www.mycover-protection.com\\\/fr\\\/#\\\/schema\\\/logo\\\/image\\\/\"},\"sameAs\":[\"https:\\\/\\\/www.facebook.com\\\/Mycover-114242613377158\\\/\"]},{\"@type\":\"Person\",\"@id\":\"https:\\\/\\\/www.mycover-protection.com\\\/fr\\\/#\\\/schema\\\/person\\\/96ce0577521ba01c2a8e8a084c3828f2\",\"name\":\"Robert Rosanke\"}]}<\/script>\n<!-- \/ Yoast SEO plugin. -->","yoast_head_json":{"title":"Id\u00e9es de cadeaux pour les motards - Id\u00e9es cr\u00e9atives & conseils de prix","description":"D\u00e9couvrez les meilleurs cadeaux pour les motards - du moins cher au plus exclusif. Des id\u00e9es cr\u00e9atives pour tous les budgets et toutes les personnalit\u00e9s.","robots":{"index":"index","follow":"follow","max-snippet":"max-snippet:-1","max-image-preview":"max-image-preview:large","max-video-preview":"max-video-preview:-1"},"canonical":"https:\/\/www.mycover-protection.com\/fr\/magazin\/les-meilleures-idees-de-cadeaux-pour-les-motards-dans-differentes-categories-de-prix\/","og_locale":"fr_FR","og_type":"article","og_title":"Id\u00e9es de cadeaux pour les motards - Id\u00e9es cr\u00e9atives & conseils de prix","og_description":"D\u00e9couvrez les meilleurs cadeaux pour les motards - du moins cher au plus exclusif. Des id\u00e9es cr\u00e9atives pour tous les budgets et toutes les personnalit\u00e9s.","og_url":"https:\/\/www.mycover-protection.com\/fr\/magazin\/les-meilleures-idees-de-cadeaux-pour-les-motards-dans-differentes-categories-de-prix\/","og_site_name":"MYCOVER\u00ae Online Shop","article_publisher":"https:\/\/www.facebook.com\/Mycover-114242613377158\/","article_published_time":"2024-06-13T16:27:19+00:00","article_modified_time":"2026-03-24T10:28:56+00:00","og_image":[{"width":1024,"height":683,"url":"https:\/\/www.mycover-protection.com\/wp-content\/uploads\/2024\/05\/Motorrad_Geschenke-1024x683.png","type":"image\/png"}],"author":"Robert Rosanke","twitter_card":"summary_large_image","twitter_title":"Id\u00e9es de cadeaux pour les motards - Id\u00e9es cr\u00e9atives & conseils de prix","twitter_description":"D\u00e9couvrez les meilleurs cadeaux pour les motards - du moins cher au plus exclusif. Des id\u00e9es cr\u00e9atives pour tous les budgets et toutes les personnalit\u00e9s.","twitter_misc":{"\u00c9crit par":"Robert Rosanke","Dur\u00e9e de lecture estim\u00e9e":"14 minutes"},"schema":{"@context":"https:\/\/schema.org","@graph":[{"@type":"Article","@id":"https:\/\/www.mycover-protection.com\/fr\/magazin\/les-meilleures-idees-de-cadeaux-pour-les-motards-dans-differentes-categories-de-prix\/#article","isPartOf":{"@id":"https:\/\/www.mycover-protection.com\/fr\/magazin\/les-meilleures-idees-de-cadeaux-pour-les-motards-dans-differentes-categories-de-prix\/"},"author":{"name":"Robert Rosanke","@id":"https:\/\/www.mycover-protection.com\/fr\/#\/schema\/person\/96ce0577521ba01c2a8e8a084c3828f2"},"headline":"Cadeaux pour les motards &#8211; les meilleures id\u00e9es pour tous les budgets","datePublished":"2024-06-13T16:27:19+00:00","dateModified":"2026-03-24T10:28:56+00:00","mainEntityOfPage":{"@id":"https:\/\/www.mycover-protection.com\/fr\/magazin\/les-meilleures-idees-de-cadeaux-pour-les-motards-dans-differentes-categories-de-prix\/"},"wordCount":2866,"publisher":{"@id":"https:\/\/www.mycover-protection.com\/fr\/#organization"},"image":{"@id":"https:\/\/www.mycover-protection.com\/fr\/magazin\/les-meilleures-idees-de-cadeaux-pour-les-motards-dans-differentes-categories-de-prix\/#primaryimage"},"thumbnailUrl":"https:\/\/www.mycover-protection.com\/wp-content\/uploads\/2024\/05\/Motorrad_Geschenke.png","articleSection":["Non classifi\u00e9(e)"],"inLanguage":"fr-FR"},{"@type":"WebPage","@id":"https:\/\/www.mycover-protection.com\/fr\/magazin\/les-meilleures-idees-de-cadeaux-pour-les-motards-dans-differentes-categories-de-prix\/","url":"https:\/\/www.mycover-protection.com\/fr\/magazin\/les-meilleures-idees-de-cadeaux-pour-les-motards-dans-differentes-categories-de-prix\/","name":"Id\u00e9es de cadeaux pour les motards - Id\u00e9es cr\u00e9atives & conseils de prix","isPartOf":{"@id":"https:\/\/www.mycover-protection.com\/fr\/#website"},"primaryImageOfPage":{"@id":"https:\/\/www.mycover-protection.com\/fr\/magazin\/les-meilleures-idees-de-cadeaux-pour-les-motards-dans-differentes-categories-de-prix\/#primaryimage"},"image":{"@id":"https:\/\/www.mycover-protection.com\/fr\/magazin\/les-meilleures-idees-de-cadeaux-pour-les-motards-dans-differentes-categories-de-prix\/#primaryimage"},"thumbnailUrl":"https:\/\/www.mycover-protection.com\/wp-content\/uploads\/2024\/05\/Motorrad_Geschenke.png","datePublished":"2024-06-13T16:27:19+00:00","dateModified":"2026-03-24T10:28:56+00:00","description":"D\u00e9couvrez les meilleurs cadeaux pour les motards - du moins cher au plus exclusif. Des id\u00e9es cr\u00e9atives pour tous les budgets et toutes les personnalit\u00e9s.","breadcrumb":{"@id":"https:\/\/www.mycover-protection.com\/fr\/magazin\/les-meilleures-idees-de-cadeaux-pour-les-motards-dans-differentes-categories-de-prix\/#breadcrumb"},"inLanguage":"fr-FR","potentialAction":[{"@type":"ReadAction","target":["https:\/\/www.mycover-protection.com\/fr\/magazin\/les-meilleures-idees-de-cadeaux-pour-les-motards-dans-differentes-categories-de-prix\/"]}]},{"@type":"ImageObject","inLanguage":"fr-FR","@id":"https:\/\/www.mycover-protection.com\/fr\/magazin\/les-meilleures-idees-de-cadeaux-pour-les-motards-dans-differentes-categories-de-prix\/#primaryimage","url":"https:\/\/www.mycover-protection.com\/wp-content\/uploads\/2024\/05\/Motorrad_Geschenke.png","contentUrl":"https:\/\/www.mycover-protection.com\/wp-content\/uploads\/2024\/05\/Motorrad_Geschenke.png","width":1536,"height":1024,"caption":"Dieses Bild wurde mit AI generiert"},{"@type":"BreadcrumbList","@id":"https:\/\/www.mycover-protection.com\/fr\/magazin\/les-meilleures-idees-de-cadeaux-pour-les-motards-dans-differentes-categories-de-prix\/#breadcrumb","itemListElement":[{"@type":"ListItem","position":1,"name":"Startseite","item":"https:\/\/www.mycover-protection.com\/fr\/"},{"@type":"ListItem","position":2,"name":"Cadeaux pour les motards &#8211; les meilleures id\u00e9es pour tous les budgets"}]},{"@type":"WebSite","@id":"https:\/\/www.mycover-protection.com\/fr\/#website","url":"https:\/\/www.mycover-protection.com\/fr\/","name":"MYCOVER\u00ae Online Shop","description":"Protection at its finest","publisher":{"@id":"https:\/\/www.mycover-protection.com\/fr\/#organization"},"potentialAction":[{"@type":"SearchAction","target":{"@type":"EntryPoint","urlTemplate":"https:\/\/www.mycover-protection.com\/fr\/?s={search_term_string}"},"query-input":{"@type":"PropertyValueSpecification","valueRequired":true,"valueName":"search_term_string"}}],"inLanguage":"fr-FR"},{"@type":"Organization","@id":"https:\/\/www.mycover-protection.com\/fr\/#organization","name":"MYCOVER\u00ae - PROTECTION AT ITS FINEST","url":"https:\/\/www.mycover-protection.com\/fr\/","logo":{"@type":"ImageObject","inLanguage":"fr-FR","@id":"https:\/\/www.mycover-protection.com\/fr\/#\/schema\/logo\/image\/","url":"https:\/\/www.mycover-protection.com\/wp-content\/uploads\/2020\/01\/PAYPAL_190x60_mycover-white.jpg","contentUrl":"https:\/\/www.mycover-protection.com\/wp-content\/uploads\/2020\/01\/PAYPAL_190x60_mycover-white.jpg","width":190,"height":60,"caption":"MYCOVER\u00ae - PROTECTION AT ITS FINEST"},"image":{"@id":"https:\/\/www.mycover-protection.com\/fr\/#\/schema\/logo\/image\/"},"sameAs":["https:\/\/www.facebook.com\/Mycover-114242613377158\/"]},{"@type":"Person","@id":"https:\/\/www.mycover-protection.com\/fr\/#\/schema\/person\/96ce0577521ba01c2a8e8a084c3828f2","name":"Robert Rosanke"}]}},"_links":{"self":[{"href":"https:\/\/www.mycover-protection.com\/fr\/wp-json\/wp\/v2\/posts\/34246","targetHints":{"allow":["GET"]}}],"collection":[{"href":"https:\/\/www.mycover-protection.com\/fr\/wp-json\/wp\/v2\/posts"}],"about":[{"href":"https:\/\/www.mycover-protection.com\/fr\/wp-json\/wp\/v2\/types\/post"}],"author":[{"embeddable":true,"href":"https:\/\/www.mycover-protection.com\/fr\/wp-json\/wp\/v2\/users\/293"}],"replies":[{"embeddable":true,"href":"https:\/\/www.mycover-protection.com\/fr\/wp-json\/wp\/v2\/comments?post=34246"}],"version-history":[{"count":54,"href":"https:\/\/www.mycover-protection.com\/fr\/wp-json\/wp\/v2\/posts\/34246\/revisions"}],"predecessor-version":[{"id":66353,"href":"https:\/\/www.mycover-protection.com\/fr\/wp-json\/wp\/v2\/posts\/34246\/revisions\/66353"}],"wp:featuredmedia":[{"embeddable":true,"href":"https:\/\/www.mycover-protection.com\/fr\/wp-json\/wp\/v2\/media\/52520"}],"wp:attachment":[{"href":"https:\/\/www.mycover-protection.com\/fr\/wp-json\/wp\/v2\/media?parent=34246"}],"wp:term":[{"taxonomy":"category","embeddable":true,"href":"https:\/\/www.mycover-protection.com\/fr\/wp-json\/wp\/v2\/categories?post=34246"},{"taxonomy":"post_tag","embeddable":true,"href":"https:\/\/www.mycover-protection.com\/fr\/wp-json\/wp\/v2\/tags?post=34246"}],"curies":[{"name":"wp","href":"https:\/\/api.w.org\/{rel}","templated":true}]}}