{"id":36977,"date":"2024-09-24T16:32:00","date_gmt":"2024-09-24T15:32:00","guid":{"rendered":"https:\/\/www.mycover-protection.com\/magazin\/garages-moto-les-garages-pliants-ou-sous-tente-sont-ils-la-solution-ideale\/"},"modified":"2025-07-24T15:44:57","modified_gmt":"2025-07-24T14:44:57","slug":"garages-moto-les-garages-pliants-ou-sous-tente-sont-ils-la-solution-ideale","status":"publish","type":"post","link":"https:\/\/www.mycover-protection.com\/fr\/magazin\/garages-moto-les-garages-pliants-ou-sous-tente-sont-ils-la-solution-ideale\/","title":{"rendered":"Garage moto : Les garages pliants ou sous tente sont-ils la solution id\u00e9ale ?"},"content":{"rendered":"\n<div class=\"wp-block-group is-content-intro\"><div class=\"wp-block-group__inner-container is-layout-flow wp-block-group-is-layout-flow\">\n<p>Beaucoup de gens connaissent ce probl\u00e8me, le manque d&rsquo;espace. Votre moto est simplement gar\u00e9e devant votre porte sans protection contre le vol ou les intemp\u00e9ries ?  Un garage \u00e0 moto peut vous aider. Il ne s&rsquo;agit pas seulement d&rsquo;un abri, mais aussi d&rsquo;un investissement dans la long\u00e9vit\u00e9 de votre moto. Les garages pliants et les garages sous tente sont des solutions pratiques, en particulier pour l&rsquo;hiver ou lorsque l&rsquo;espace est limit\u00e9.  <\/p>\n\n\n\n<p>Ces types de garages sont non seulement flexibles et peu encombrants, mais ils offrent \u00e9galement une protection contre les intemp\u00e9ries telles que la pluie, la neige et les rayons UV.  <\/p>\n\n\n\n<p>Vous cherchez des id\u00e9es de garage moto pour un espace r\u00e9duit ou des besoins particuliers ? Dans ce cas, les garages pliants ou sous tente pourraient bien \u00eatre ce qu&rsquo;il vous faut. <\/p>\n\n\n\n<p>L&rsquo;<a href=\"https:\/\/www.mycover-protection.com\/fr\/a-propos-de-nous\/\" data-type=\"URL\" data-id=\"https:\/\/www.mycover-protection.com\/ueber-uns\/\">\u00e9quipe MYCOVER\u00ae<\/a> vous \u00e9claire !  <\/p>\n<\/div><\/div>\n\n<div style=\"height:10px\" aria-hidden=\"true\" class=\"wp-block-spacer\"><\/div>\n\n<div class=\"wp-block-group is-table-of-contents\"><div class=\"wp-block-group__inner-container is-layout-flow wp-block-group-is-layout-flow\">\n<p class=\"is-table-of-contents__heading\">Table des mati\u00e8res<\/p>\n\n\n\n<ol class=\"wp-block-list\">\n<li><a href=\"#Aufbau-und-funktionsweise\">Quelle est la diff\u00e9rence entre un garage pliable et un garage pour tente ?<\/a><\/li>\n\n\n\n<li><a href=\"#Vorteile\">Avantages d&rsquo;un garage moto pliable<\/a><\/li>\n\n\n\n<li><a href=\"#Schutz-vor-witterung\">Garage moto : une protection fiable contre les intemp\u00e9ries ?<\/a><\/li>\n\n\n\n<li><a href=\"#Zeltgaragen\">Les garages pour tentes comme alternative aux garages pliants pour motos<\/a><\/li>\n\n\n\n<li><a href=\"#Motorrad-Abdeckplanen-im-Vergleich-zu-Falt--und-Zeltgaragen\">Housses moto compar\u00e9es aux garages pliants et aux garages pour tentes<\/a><\/li>\n\n\n\n<li><a href=\"#Auswahlkriterien\">Crit\u00e8res de s\u00e9lection pour le bon garage moto<\/a><\/li>\n\n\n\n<li><a href=\"#Flexibilit%C3%A4t-und-Schutz\">Flexibilit\u00e9 et protection gr\u00e2ce aux garages pliants et aux garages pour tentes<\/a><\/li>\n\n\n\n<li><a href=\"#praktische-Alternative\">L&rsquo;alternative pratique : Housses moto d&rsquo;ext\u00e9rieur<\/a><\/li>\n\n\n\n<li><a href=\"#Zusammenfassung\">Conclusion : quel garage moto convainc vraiment<\/a><\/li>\n\n\n\n<li><a href=\"#FAQ---Fragen-zur-Falt--und-Zeltgarage\">FAQ &#8211; Questions sur le garage pliable et le garage pour tentes  <\/a><\/li>\n<\/ol>\n<\/div><\/div>\n\n<div style=\"height:20px\" aria-hidden=\"true\" class=\"wp-block-spacer\"><\/div>\n\n<figure class=\"wp-block-image size-large\"><img decoding=\"async\" width=\"1024\" height=\"683\" src=\"https:\/\/www.mycover-protection.com\/wp-content\/uploads\/2024\/09\/Motorrad_Zeltgarage_klein-1024x683.png\" alt=\"Petit garage pour tentes de moto id&#xE9;al pour les emplacements &#xE9;troits contre le mur de la maison ou dans la cour avant.\" class=\"wp-image-51228\" srcset=\"https:\/\/www.mycover-protection.com\/wp-content\/uploads\/2024\/09\/Motorrad_Zeltgarage_klein-1024x683.png 1024w, https:\/\/www.mycover-protection.com\/wp-content\/uploads\/2024\/09\/Motorrad_Zeltgarage_klein-300x200.png 300w, https:\/\/www.mycover-protection.com\/wp-content\/uploads\/2024\/09\/Motorrad_Zeltgarage_klein-768x512.png 768w, https:\/\/www.mycover-protection.com\/wp-content\/uploads\/2024\/09\/Motorrad_Zeltgarage_klein-400x267.png 400w, https:\/\/www.mycover-protection.com\/wp-content\/uploads\/2024\/09\/Motorrad_Zeltgarage_klein-800x533.png 800w, https:\/\/www.mycover-protection.com\/wp-content\/uploads\/2024\/09\/Motorrad_Zeltgarage_klein.png 1536w\" sizes=\"(max-width: 1024px) 100vw, 1024px\" \/><figcaption class=\"wp-element-caption\">Cette image a \u00e9t\u00e9 g\u00e9n\u00e9r\u00e9e avec AI<\/figcaption><\/figure>\n\n<div style=\"height:10px\" aria-hidden=\"true\" class=\"wp-block-spacer\"><\/div>\n\n<div class=\"wp-block-group\"><div class=\"wp-block-group__inner-container is-layout-constrained wp-block-group-is-layout-constrained\">\n<h2 class=\"wp-block-heading\" id=\"Wie-kann-eine-winterfeste-Motorradabdeckplane-sch&#xFC;tzen\">Quelle est la diff\u00e9rence entre un garage pliable et un garage pour tente ? La structure et le fonctionnement expliqu\u00e9s ! <\/h2>\n\n\n\n<div id=\"Aufbau-und-funktionsweise\" class=\"wp-block-group\"><div class=\"wp-block-group__inner-container is-layout-constrained wp-block-group-is-layout-constrained\">\n<p>Commen\u00e7ons par clarifier le principe de base de ces garages.<\/p>\n\n\n\n<p>Le montage des garages pliants et des garages en toile est \u00e9tonnamment simple et se fait g\u00e9n\u00e9ralement en quelques minutes. Un garage moto pliable se compose g\u00e9n\u00e9ralement d&rsquo;une solide structure en m\u00e9tal ou en plastique sur laquelle est tendue une toile r\u00e9sistante aux intemp\u00e9ries.   <\/p>\n\n\n\n<p>Le cadre est con\u00e7u pour se d\u00e9plier et se replier facilement, un peu comme une armature de tente. Cela permet au garage pliant d&rsquo;\u00eatre peu encombrant, car il ne n\u00e9cessite que peu d&rsquo;espace de rangement une fois repli\u00e9. <\/p>\n\n\n\n<p>Les garages pour tentes fonctionnent de mani\u00e8re tr\u00e8s similaire, mais ont souvent une armature plus robuste et offrent plus d&rsquo;espace en raison de leur construction. Ils se montent comme une tente normale, avec des arceaux solides et un rev\u00eatement ext\u00e9rieur robuste.   <\/p>\n\n\n\n<p>Le garage pour tente de moto entoure compl\u00e8tement le v\u00e9hicule et le prot\u00e8ge ainsi mieux des influences ext\u00e9rieures. De nombreux mod\u00e8les sont dot\u00e9s d&rsquo;une porte avec fermeture \u00e0 glissi\u00e8re, ce qui facilite l&rsquo;acc\u00e8s. Certaines variantes sont \u00e9galement verrouillables, ce qui offre une protection suppl\u00e9mentaire contre le vol.    <\/p>\n\n\n\n<p class=\"has-black-color has-text-color has-link-color wp-elements-49ffddfb8984e26bc824b5228ce57501\">Bien que ces deux types de garages soient th\u00e9oriquement transportables, ils ne sont pas con\u00e7us pour une utilisation mobile. Ils sont con\u00e7us pour \u00eatre install\u00e9s \u00e0 un endroit fixe et restent l\u00e0 o\u00f9 ils ont \u00e9t\u00e9 plac\u00e9s, par exemple dans le jardin familial, l&rsquo;all\u00e9e ou un autre endroit appropri\u00e9. <\/p>\n<\/div><\/div>\n<\/div><\/div>\n\n<div style=\"height:10px\" aria-hidden=\"true\" class=\"wp-block-spacer wf-spacer-section\"><\/div>\n\n<h2 class=\"wp-block-heading\">Avantages d&rsquo;un garage moto pliable<\/h2>\n\n<div id=\"Vorteile\" class=\"wp-block-group\"><div class=\"wp-block-group__inner-container is-layout-constrained wp-block-group-is-layout-constrained\">\n<div id=\"stellplatz\" class=\"wp-block-group\"><div class=\"wp-block-group__inner-container is-layout-constrained wp-block-group-is-layout-constrained\">\n<p>Un garage \u00e0 moto pliable est particuli\u00e8rement pratique si vous souhaitez rester flexible. Il est facile \u00e0 monter, \u00e0 plier et \u00e0 ranger.   <\/p>\n\n\n\n<p class=\"has-black-color has-text-color has-link-color wp-elements-a4c7a088c509e5c5b43055925bdae5be\">Ce type de garage pour moto convient particuli\u00e8rement aux conducteurs qui disposent de suffisamment d&rsquo;espace sur leur propri\u00e9t\u00e9 et qui peuvent installer le garage pliable de mani\u00e8re permanente sans avoir \u00e0 le monter et le d\u00e9monter r\u00e9guli\u00e8rement.  <\/p>\n\n\n\n<p class=\"has-black-color has-text-color has-link-color wp-elements-7d904722ec1a50ca5604a0514ef1afdc\">Elle offre une bonne protection contre la pluie ou le soleil, mais elle est moins adapt\u00e9e aux conducteurs qui disposent de peu d&rsquo;espace ou qui garent occasionnellement leur moto \u00e0 d&rsquo;autres endroits. Dans ces cas-l\u00e0, une solution mobile, comme une <a href=\"https:\/\/www.mycover-protection.com\/fr\/produkt\/mycover-premium-outdoor\/\">Housses moto d&rsquo;ext\u00e9rieur<\/a>, facile \u00e0 transporter et flexible \u00e0 mettre en place, est un meilleur choix. <\/p>\n<\/div><\/div>\n\n\n\n<div class=\"wp-block-group is-banner__info\"><div class=\"wp-block-group__inner-container is-layout-flow wp-block-group-is-layout-flow\">\n<p><strong>Astuce<\/strong>: Pour les fans de Harley Davidson ou les propri\u00e9taires de grosses machines en particulier, il existe des garages pliants XXL sp\u00e9ciaux qui offrent suffisamment d&rsquo;espace, mais dont le prix est en cons\u00e9quence plus \u00e9lev\u00e9.<\/p>\n<\/div><\/div>\n<\/div><\/div>\n\n<div style=\"height:20px\" aria-hidden=\"true\" class=\"wp-block-spacer\"><\/div>\n\n<figure class=\"wp-block-image size-large\"><img decoding=\"async\" width=\"1024\" height=\"683\" src=\"https:\/\/www.mycover-protection.com\/wp-content\/uploads\/2024\/09\/Motorrad_Zeltgarage_outdoor-1024x683.png\" alt=\"moto_tente-garage_outdoor\" class=\"wp-image-51233\" srcset=\"https:\/\/www.mycover-protection.com\/wp-content\/uploads\/2024\/09\/Motorrad_Zeltgarage_outdoor-1024x683.png 1024w, https:\/\/www.mycover-protection.com\/wp-content\/uploads\/2024\/09\/Motorrad_Zeltgarage_outdoor-300x200.png 300w, https:\/\/www.mycover-protection.com\/wp-content\/uploads\/2024\/09\/Motorrad_Zeltgarage_outdoor-768x512.png 768w, https:\/\/www.mycover-protection.com\/wp-content\/uploads\/2024\/09\/Motorrad_Zeltgarage_outdoor-400x267.png 400w, https:\/\/www.mycover-protection.com\/wp-content\/uploads\/2024\/09\/Motorrad_Zeltgarage_outdoor-800x533.png 800w, https:\/\/www.mycover-protection.com\/wp-content\/uploads\/2024\/09\/Motorrad_Zeltgarage_outdoor.png 1536w\" sizes=\"(max-width: 1024px) 100vw, 1024px\" \/><figcaption class=\"wp-element-caption\">Cette image a \u00e9t\u00e9 g\u00e9n\u00e9r\u00e9e avec AI<\/figcaption><\/figure>\n\n<div style=\"height:20px\" aria-hidden=\"true\" class=\"wp-block-spacer\"><\/div>\n\n<h2 class=\"wp-block-heading\">Garage moto : une protection fiable contre les intemp\u00e9ries ?<\/h2>\n\n<div id=\"versicherung\" class=\"wp-block-group\"><div class=\"wp-block-group__inner-container is-layout-constrained wp-block-group-is-layout-constrained\">\n<div id=\"Schutz-vor-witterung\" class=\"wp-block-group\"><div class=\"wp-block-group__inner-container is-layout-constrained wp-block-group-is-layout-constrained\">\n<p>Un garage pliable offre \u00e0 votre moto une protection contre les conditions m\u00e9t\u00e9orologiques les plus diverses. En hiver, il est particuli\u00e8rement important de pr\u00e9parer votre moto pour l&rsquo;hiver. <\/p>\n\n\n\n<div class=\"wp-block-group is-banner__info\"><div class=\"wp-block-group__inner-container is-layout-flow wp-block-group-is-layout-flow\">\n<p><strong>Conseil<\/strong>: Si vous ne savez pas encore comment pr\u00e9parer votre moto pour l&rsquo;hiver, consultez notre article sur l&rsquo;<a href=\"https:\/\/www.mycover-protection.com\/fr\/magazin\/hiverner-sa-moto-votre-guide-complet-pour-la-saison-froide\/\">hivernage des motos<\/a>.  <\/p>\n<\/div><\/div>\n\n\n\n<p>Un garage pour moto prot\u00e8ge votre moto de la neige, du gel et pr\u00e9serve la peinture des dommages caus\u00e9s par les rayons UV ou la pluie. Les garages pliants pour motos sont g\u00e9n\u00e9ralement fabriqu\u00e9s dans des mat\u00e9riaux robustes et imperm\u00e9ables, qui restent \u00e9tanches m\u00eame en cas de forte pluie. <\/p>\n\n\n\n<p>Le garage pliable est une alternative peu encombrante, en particulier pour les motocyclistes qui ne disposent pas d&rsquo;un espace suffisant pour un garage fixe sur leur terrain.<\/p>\n\n\n\n<p>Les mod\u00e8les en m\u00e9tal sont particuli\u00e8rement durables. Un garage moto en m\u00e9tal est robuste, r\u00e9sistant aux intemp\u00e9ries et convient bien \u00e0 une utilisation permanente sur votre propre terrain. <\/p>\n<\/div><\/div>\n<\/div><\/div>\n\n<div style=\"height:20px\" aria-hidden=\"true\" class=\"wp-block-spacer\"><\/div>\n\n<h2 class=\"wp-block-heading\" id=\"Zeltgaragen\">Les garages pour tentes comme alternative aux garages pliants pour motos<\/h2>\n\n<div class=\"wp-block-group\"><div class=\"wp-block-group__inner-container is-layout-constrained wp-block-group-is-layout-constrained\">\n<p>Les garages pour tentes de moto offrent une protection similaire \u00e0 celle des garages pliants, mais ils sont souvent encore plus robustes et offrent plus d&rsquo;espace. Ils sont \u00e9galement faciles \u00e0 monter et \u00e0 d\u00e9monter et leur taille en fait une solution id\u00e9ale pour les propri\u00e9taires de plusieurs motos ou de grosses machines.   <\/p>\n\n\n\n<p>De nombreux garages pour tentes sont m\u00eame verrouillables et offrent ainsi une protection suppl\u00e9mentaire contre le vol. Pour les stationnements de longue dur\u00e9e ou les propri\u00e9taires de motos qui souhaitent les garer pendant l&rsquo;hiver, ces garages sont bien adapt\u00e9s s&rsquo;il y a suffisamment d&rsquo;espace sur le terrain. <\/p>\n\n\n\n<div id=\"hinweise\" class=\"wp-block-group\"><div class=\"wp-block-group__inner-container is-layout-constrained wp-block-group-is-layout-constrained\">\n<div class=\"wp-block-group is-banner__info\"><div class=\"wp-block-group__inner-container is-layout-flow wp-block-group-is-layout-flow\">\n<p><strong>Astuce :<\/strong> M\u00eame si votre garage pliable ou de tente est verrouillable, utilisez un cadenas sur votre moto pour \u00eatre s\u00fbr \u00e0 100%. Pour des id\u00e9es de cadenas, consultez la large gamme de <a href=\"https:\/\/www.mycover-protection.com\/fr\/produkt-kategorie\/antivols-abus\/\">cadenas ABUS<\/a>. <\/p>\n<\/div><\/div>\n\n\n\n<p>Les personnes dou\u00e9es pour les travaux manuels peuvent \u00e9galement construire elles-m\u00eames un garage \u00e0 moto en bois, en m\u00e9tal ou en kit. Il est important de disposer d&rsquo;une base stable et d&rsquo;une protection suffisante contre les intemp\u00e9ries. <\/p>\n\n\n\n<div style=\"height:20px\" aria-hidden=\"true\" class=\"wp-block-spacer\"><\/div>\n\n\n\n<figure class=\"wp-block-image size-large\"><img decoding=\"async\" width=\"1024\" height=\"683\" src=\"https:\/\/www.mycover-protection.com\/wp-content\/uploads\/2024\/09\/Motorrad_Garagenbox_-1024x683.png\" alt=\"Moto_Garage_nbox_\" class=\"wp-image-51238\" srcset=\"https:\/\/www.mycover-protection.com\/wp-content\/uploads\/2024\/09\/Motorrad_Garagenbox_-1024x683.png 1024w, https:\/\/www.mycover-protection.com\/wp-content\/uploads\/2024\/09\/Motorrad_Garagenbox_-300x200.png 300w, https:\/\/www.mycover-protection.com\/wp-content\/uploads\/2024\/09\/Motorrad_Garagenbox_-768x512.png 768w, https:\/\/www.mycover-protection.com\/wp-content\/uploads\/2024\/09\/Motorrad_Garagenbox_-400x267.png 400w, https:\/\/www.mycover-protection.com\/wp-content\/uploads\/2024\/09\/Motorrad_Garagenbox_-800x533.png 800w, https:\/\/www.mycover-protection.com\/wp-content\/uploads\/2024\/09\/Motorrad_Garagenbox_.png 1536w\" sizes=\"(max-width: 1024px) 100vw, 1024px\" \/><figcaption class=\"wp-element-caption\">Cette image a \u00e9t\u00e9 g\u00e9n\u00e9r\u00e9e avec AI<\/figcaption><\/figure>\n\n\n\n<div style=\"height:20px\" aria-hidden=\"true\" class=\"wp-block-spacer\"><\/div>\n<\/div><\/div>\n<\/div><\/div>\n\n<div class=\"wp-block-group\"><div class=\"wp-block-group__inner-container is-layout-constrained wp-block-group-is-layout-constrained\">\n<h2 class=\"wp-block-heading\" id=\"Motorrad-Abdeckplanen-im-Vergleich-zu-Falt--und-Zeltgaragen\">Housses moto compar\u00e9es aux garages pliants et aux garages pour tentes<\/h2>\n\n\n\n<p><a href=\"\/?product_cat=motorrad_abdeckplane\">Les Housses moto<\/a> offrent non seulement une protection flexible et rentable, mais aussi une mobilit\u00e9 maximale et une grande facilit\u00e9 d&rsquo;utilisation. Contrairement aux garages pliants, qui prennent beaucoup de place et n\u00e9cessitent souvent un ancrage au sol complexe, les Housses moto s&rsquo;adaptent parfaitement \u00e0 la taille de votre moto et se rangent facilement. <\/p>\n\n\n\n<p>Les Housses moto haut de gamme sont sp\u00e9cialement con\u00e7ues pour prot\u00e9ger votre moto des intemp\u00e9ries telles que la pluie, la neige et les rayons UV tout au long de l&rsquo;ann\u00e9e. Gr\u00e2ce \u00e0 des mat\u00e9riaux de haute qualit\u00e9 tels que le tissu outdoor 300D r\u00e9sistant aux \u00e9raflures et aux d\u00e9chirures, des coutures doublement renforc\u00e9es et un nano-rev\u00eatement hydrofuge, elles offrent une protection robuste dans tous les environnements. De plus, la doublure int\u00e9rieure douce permet de pr\u00e9server la peinture, ce que les garages pliants ne peuvent souvent pas offrir.  <\/p>\n\n\n\n<p>Un autre avantage des Housses est leur flexibilit\u00e9. Elles peuvent \u00eatre utilis\u00e9es partout, que ce soit en voyage ou dans votre propre jardin, alors que les garages pliants ne peuvent souvent \u00eatre install\u00e9s que sur des terrains priv\u00e9s disposant de suffisamment d&rsquo;espace et d&rsquo;un sol appropri\u00e9. Gr\u00e2ce \u00e0 des sangles r\u00e9glables, les b\u00e2ches restent bien en place m\u00eame par grand vent et prot\u00e8gent votre moto de mani\u00e8re fiable.  <\/p>\n<\/div><\/div>\n\n<div style=\"height:20px\" aria-hidden=\"true\" class=\"wp-block-spacer\"><\/div>\n\n<div class=\"wp-block-group\"><div class=\"wp-block-group__inner-container is-layout-constrained wp-block-group-is-layout-constrained\">\n<div class=\"wp-block-group\"><div class=\"wp-block-group__inner-container is-layout-constrained wp-block-group-is-layout-constrained\">\n<h2 class=\"wp-block-heading\" id=\"Auswahlkriterien\">Crit\u00e8res de s\u00e9lection pour le bon garage moto<\/h2>\n\n\n\n<p>Avant de choisir un garage pour moto, vous devez tenir compte des points suivants :<\/p>\n\n\n\n<ul class=\"wp-block-list\">\n<li><strong>Taille<\/strong>: assurez-vous que le garage offre suffisamment d&rsquo;espace pour votre moto. Les mod\u00e8les XXL sont recommand\u00e9s pour les grosses machines ou pour le rangement de plusieurs motos. <\/li>\n\n\n\n<li><strong>Mat\u00e9riau<\/strong>: une b\u00e2che robuste et r\u00e9sistante aux intemp\u00e9ries est essentielle. Elle doit \u00eatre imperm\u00e9able, r\u00e9sistante aux UV et \u00e0 l&rsquo;usure.<\/li>\n\n\n\n<li><strong>Les aspects de s\u00e9curit\u00e9<\/strong>: De nombreux garages sont d\u00e9sormais verrouillables, ce qui offre une protection suppl\u00e9mentaire contre le vol.<\/li>\n\n\n\n<li><strong>Transportabilit\u00e9 :<\/strong> en raison de leur conception et de l&rsquo;ancrage au sol souvent n\u00e9cessaire, les garages pour motos sont plut\u00f4t stationnaires et ne conviennent pas au transport mobile.<\/li>\n<\/ul>\n<\/div><\/div>\n\n\n\n<div style=\"height:20px\" aria-hidden=\"true\" class=\"wp-block-spacer\"><\/div>\n\n\n\n<div class=\"wp-block-group\"><div class=\"wp-block-group__inner-container is-layout-constrained wp-block-group-is-layout-constrained\">\n<h2 class=\"wp-block-heading\" id=\"Flexibilit&#xE4;t-und-Schutz\">Flexibilit\u00e9 et protection gr\u00e2ce aux garages pliants et aux garages pour tentes<\/h2>\n\n\n\n<div class=\"wp-block-group\"><div class=\"wp-block-group__inner-container is-layout-constrained wp-block-group-is-layout-constrained\">\n<p>Qu&rsquo;il s&rsquo;agisse d&rsquo;un garage moto pliable ou d&rsquo;un garage sous tente, tous deux peuvent offrir une bonne protection \u00e0 votre moto, surtout pendant la saison froide. Cependant, ce type d&rsquo;abri ne convient pas \u00e0 tout le monde, car il faut disposer de suffisamment d&rsquo;espace et, dans de nombreux cas, de son propre terrain pour l&rsquo;utiliser correctement. Si vous n&rsquo;avez pas la place ou le budget pour un garage aussi grand, une Housses moto de qualit\u00e9 est un meilleur choix.  <\/p>\n<\/div><\/div>\n\n\n\n<div style=\"height:20px\" aria-hidden=\"true\" class=\"wp-block-spacer\"><\/div>\n\n\n\n<figure class=\"wp-block-image size-large\"><img decoding=\"async\" width=\"1024\" height=\"683\" src=\"https:\/\/www.mycover-protection.com\/wp-content\/uploads\/2024\/09\/Motorrad_Zeltgarage_XXL-1024x683.png\" alt=\"Tente_Moto- Garage\" class=\"wp-image-51243\" srcset=\"https:\/\/www.mycover-protection.com\/wp-content\/uploads\/2024\/09\/Motorrad_Zeltgarage_XXL-1024x683.png 1024w, https:\/\/www.mycover-protection.com\/wp-content\/uploads\/2024\/09\/Motorrad_Zeltgarage_XXL-300x200.png 300w, https:\/\/www.mycover-protection.com\/wp-content\/uploads\/2024\/09\/Motorrad_Zeltgarage_XXL-768x512.png 768w, https:\/\/www.mycover-protection.com\/wp-content\/uploads\/2024\/09\/Motorrad_Zeltgarage_XXL-400x267.png 400w, https:\/\/www.mycover-protection.com\/wp-content\/uploads\/2024\/09\/Motorrad_Zeltgarage_XXL-800x533.png 800w, https:\/\/www.mycover-protection.com\/wp-content\/uploads\/2024\/09\/Motorrad_Zeltgarage_XXL.png 1536w\" sizes=\"(max-width: 1024px) 100vw, 1024px\" \/><figcaption class=\"wp-element-caption\">Cette image a \u00e9t\u00e9 g\u00e9n\u00e9r\u00e9e avec AI<\/figcaption><\/figure>\n\n\n\n<div style=\"height:20px\" aria-hidden=\"true\" class=\"wp-block-spacer\"><\/div>\n\n\n\n<div id=\"praktische-Alternative\" class=\"wp-block-group\"><div class=\"wp-block-group__inner-container is-layout-constrained wp-block-group-is-layout-constrained\">\n<h2 class=\"wp-block-heading\" id=\"Flexibilit&#xE4;t-und-Schutz\">L&rsquo;alternative pratique : Housses moto d&rsquo;ext\u00e9rieur<\/h2>\n\n\n\n<figure class=\"wp-block-image size-large\"><img decoding=\"async\" width=\"970\" height=\"1024\" src=\"https:\/\/www.mycover-protection.com\/wp-content\/uploads\/2019\/12\/Motorradabdeckplane_wasserdicht_atmungsaktiv_reissfest-970x1024.jpg\" alt=\"B&#xE2;che_moto_imperm&#xE9;able_respirante\" class=\"wp-image-33061\" srcset=\"https:\/\/www.mycover-protection.com\/wp-content\/uploads\/2019\/12\/Motorradabdeckplane_wasserdicht_atmungsaktiv_reissfest-970x1024.jpg 970w, https:\/\/www.mycover-protection.com\/wp-content\/uploads\/2019\/12\/Motorradabdeckplane_wasserdicht_atmungsaktiv_reissfest-284x300.jpg 284w, https:\/\/www.mycover-protection.com\/wp-content\/uploads\/2019\/12\/Motorradabdeckplane_wasserdicht_atmungsaktiv_reissfest-768x811.jpg 768w, https:\/\/www.mycover-protection.com\/wp-content\/uploads\/2019\/12\/Motorradabdeckplane_wasserdicht_atmungsaktiv_reissfest-1455x1536.jpg 1455w, https:\/\/www.mycover-protection.com\/wp-content\/uploads\/2019\/12\/Motorradabdeckplane_wasserdicht_atmungsaktiv_reissfest-1940x2048.jpg 1940w, https:\/\/www.mycover-protection.com\/wp-content\/uploads\/2019\/12\/Motorradabdeckplane_wasserdicht_atmungsaktiv_reissfest-256x270.jpg 256w, https:\/\/www.mycover-protection.com\/wp-content\/uploads\/2019\/12\/Motorradabdeckplane_wasserdicht_atmungsaktiv_reissfest-800x845.jpg 800w\" sizes=\"(max-width: 970px) 100vw, 970px\" \/><\/figure>\n\n\n\n<p>Une <a href=\"https:\/\/www.mycover-protection.com\/fr\/produkt\/mycover-premium-outdoor\/\">Housses moto d&rsquo;ext\u00e9rieur<\/a>, offre une protection robuste contre les intemp\u00e9ries comme la pluie, la neige et les rayons UV. Gr\u00e2ce \u00e0 ses mat\u00e9riaux r\u00e9sistants, son rev\u00eatement hydrofuge et sa doublure int\u00e9rieure qui pr\u00e9serve la peinture, elle prot\u00e8ge efficacement votre moto et \u00e9vite les rayures et la formation de rouille. De plus, une Housses est facile \u00e0 manipuler, flexible et ne n\u00e9cessite pas un grand espace de rangement, id\u00e9al pour les motards qui n&rsquo;ont pas d&#8217;emplacement fixe ou un budget limit\u00e9. Ceux qui recherchent des solutions particuli\u00e8rement solides et durables peuvent \u00e9galement envisager un box de garage pour moto. Ces coffres plus solides sont g\u00e9n\u00e9ralement en m\u00e9tal ou en plastique et offrent une protection suppl\u00e9mentaire contre le vol.    <\/p>\n\n\n\n<p class=\"has-text-align-center\">Recommandations pour 100 fabricants &amp; 2500 mod\u00e8les<\/p>\n\n\n\n<h2 class=\"wp-block-heading has-text-align-center is-style-not-underlined wf-overline\" id=\"groessentabelle\">MYCOVER Housses Guide des tailles<\/h2>\n\n\n\n<h3 class=\"wp-block-heading has-text-align-center\">&#8211; Trouvez votre taille en 3 clics &#8211;<\/h3>\n\n\n\n<div style=\"height:50px\" aria-hidden=\"true\" class=\"wp-block-spacer\"><\/div>\n\n\n\n<div data-color-scheme=\"error\" class=\"wfa-component-alertbox\" data-wfa-component=\"alertbox\">\t<p><strong>Interdit<\/strong><\/p>\n\t<p>Le shortcode <code>[[wfa-component-tarpaulin-size-recommendation]]<\/code> n&#039;est pas disponible pour ce type de page.\t<\/p>\n<\/div>\n\n\n<\/div><\/div>\n\n\n<div data-align-buttons=\"true\" data-block-name=\"woocommerce\/handpicked-products\" data-content-visibility=\"{&quot;image&quot;:true,&quot;title&quot;:true,&quot;price&quot;:true,&quot;rating&quot;:true,&quot;button&quot;:false}\" data-orderby=\"rating\" data-products=\"[20181,32678,17478]\" class=\"wc-block-grid wp-block-handpicked-products wp-block-woocommerce-handpicked-products wc-block-handpicked-products has-3-columns has-multiple-rows has-aligned-buttons\"><ul class=\"wc-block-grid__products\"><li class=\"wc-block-grid__product\"><span class=\"gtm4wp_productdata\" style=\"display:none; visibility:hidden;\" data-gtm4wp_product_data=\"{&quot;internal_id&quot;:17478,&quot;item_id&quot;:&quot;OC-&quot;,&quot;item_name&quot;:&quot;Housse moto MYCOVER\\u00ae Premium Outdoor&quot;,&quot;sku&quot;:&quot;OC-&quot;,&quot;price&quot;:144,&quot;stocklevel&quot;:0,&quot;stockstatus&quot;:&quot;onbackorder&quot;,&quot;google_business_vertical&quot;:&quot;retail&quot;,&quot;item_category&quot;:&quot;Couvertures moto&quot;,&quot;id&quot;:&quot;OC-&quot;,&quot;productlink&quot;:&quot;https:\\\/\\\/www.mycover-protection.com\\\/fr\\\/produkt\\\/mycover-premium-outdoor\\\/&quot;,&quot;item_list_name&quot;:&quot;Liste g\\u00e9n\\u00e9rale des produits&quot;,&quot;index&quot;:0,&quot;product_type&quot;:&quot;variable&quot;,&quot;item_brand&quot;:&quot;&quot;}\"><\/span>\n\t\t\t\t<a href=\"https:\/\/www.mycover-protection.com\/fr\/produkt\/mycover-premium-outdoor\/\" class=\"wc-block-grid__product-link\">\n\t\t\t\t\t\n\t\t\t\t\t<div class=\"wc-block-grid__product-image\"><img decoding=\"async\" width=\"300\" height=\"300\" src=\"https:\/\/www.mycover-protection.com\/wp-content\/uploads\/2025\/11\/housse-moto-exterieur-M-300x300.jpg\" class=\"attachment-woocommerce_thumbnail size-woocommerce_thumbnail\" alt=\"Housses moto Outdoor M+\" srcset=\"https:\/\/www.mycover-protection.com\/wp-content\/uploads\/2025\/11\/housse-moto-exterieur-M-300x300.jpg 300w, https:\/\/www.mycover-protection.com\/wp-content\/uploads\/2025\/11\/housse-moto-exterieur-M-1024x1024.jpg 1024w, https:\/\/www.mycover-protection.com\/wp-content\/uploads\/2025\/11\/housse-moto-exterieur-M-150x150.jpg 150w, https:\/\/www.mycover-protection.com\/wp-content\/uploads\/2025\/11\/housse-moto-exterieur-M-768x768.jpg 768w, https:\/\/www.mycover-protection.com\/wp-content\/uploads\/2025\/11\/housse-moto-exterieur-M-270x270.jpg 270w, https:\/\/www.mycover-protection.com\/wp-content\/uploads\/2025\/11\/housse-moto-exterieur-M-800x800.jpg 800w, https:\/\/www.mycover-protection.com\/wp-content\/uploads\/2025\/11\/housse-moto-exterieur-M-200x200.jpg 200w, https:\/\/www.mycover-protection.com\/wp-content\/uploads\/2025\/11\/housse-moto-exterieur-M.jpg 1500w\" sizes=\"(max-width: 300px) 100vw, 300px\" \/><\/div>\n\t\t\t\t\t<div class=\"wc-block-grid__product-title\">Housse moto MYCOVER\u00ae Premium Outdoor<\/div>\n\t\t\t\t<\/a>\n\t\t\t\t<div class=\"wfa-wc-product-star-rating wfa-wc-block-grid__product-stars\" style=\"--fill:0.986;\" role=\"img\" aria-label=\"Note 4.93 sur 5\"><\/div><div class=\"wc-block-grid__product-price price\"><span class=\"wfa-variable-parent-price-range wfa-variable-parent-price-range--regular\"><del><span class=\"woocommerce-Price-amount amount\" aria-hidden=\"true\">159,00<span class=\"woocommerce-Price-currencySymbol\">&euro;<\/span><\/span> <span aria-hidden=\"true\">\u00a0\u2013\u00a0<\/span> <span class=\"woocommerce-Price-amount amount\" aria-hidden=\"true\">279,00<span class=\"woocommerce-Price-currencySymbol\">&euro;<\/span><\/span><span class=\"screen-reader-text\">Plage de prix\u00a0: 159,00&euro; \u00e0 279,00&euro;<\/span><\/del><\/span><span class=\"wfa-variable-parent-price-range wfa-variable-parent-price-range--sale\"><ins><span class=\"woocommerce-Price-amount amount\" aria-hidden=\"true\">144,00<span class=\"woocommerce-Price-currencySymbol\">&euro;<\/span><\/span> <span aria-hidden=\"true\">\u00a0\u2013\u00a0<\/span> <span class=\"woocommerce-Price-amount amount\" aria-hidden=\"true\">264,00<span class=\"woocommerce-Price-currencySymbol\">&euro;<\/span><\/span><span class=\"screen-reader-text\">Plage de prix\u00a0: 144,00&euro; \u00e0 264,00&euro;<\/span><\/ins><\/span><\/div><div class=\"wfa-wc-block-grid__product-badge-list\" aria-label=\"Caract\u00e9ristiques sp\u00e9ciales\"><p class=\"wfa-wc-block-grid__product-badge\">\ud83c\udfc6 Bestseller<\/p><p class=\"wfa-wc-block-grid__product-badge\">\ud83d\udd25 \u00c9conomisez 15&euro; maintenant !<\/p><p class=\"wfa-wc-block-grid__product-badge\">\u2728 16 Tailles<\/p><\/div>\n\t\t\t\t\n\t\t\t\t\n\t\t\t<\/li><li class=\"wc-block-grid__product\"><span class=\"gtm4wp_productdata\" style=\"display:none; visibility:hidden;\" data-gtm4wp_product_data=\"{&quot;internal_id&quot;:32678,&quot;item_id&quot;:&quot;OC-C-&quot;,&quot;item_name&quot;:&quot;MYCOVER\\u00ae Housse Chopper Premium Outdoor&quot;,&quot;sku&quot;:&quot;OC-C-&quot;,&quot;price&quot;:174,&quot;stocklevel&quot;:0,&quot;stockstatus&quot;:&quot;onbackorder&quot;,&quot;google_business_vertical&quot;:&quot;retail&quot;,&quot;item_category&quot;:&quot;Couvertures moto&quot;,&quot;id&quot;:&quot;OC-C-&quot;,&quot;productlink&quot;:&quot;https:\\\/\\\/www.mycover-protection.com\\\/fr\\\/produkt\\\/mycover-housses-pour-moto-chopper-dexterieur-de-premiere-qualite\\\/&quot;,&quot;item_list_name&quot;:&quot;Liste g\\u00e9n\\u00e9rale des produits&quot;,&quot;index&quot;:0,&quot;product_type&quot;:&quot;variable&quot;,&quot;item_brand&quot;:&quot;&quot;}\"><\/span>\n\t\t\t\t<a href=\"https:\/\/www.mycover-protection.com\/fr\/produkt\/mycover-housses-pour-moto-chopper-dexterieur-de-premiere-qualite\/\" class=\"wc-block-grid__product-link\">\n\t\t\t\t\t\n\t\t\t\t\t<div class=\"wc-block-grid__product-image\"><img decoding=\"async\" width=\"300\" height=\"300\" src=\"https:\/\/www.mycover-protection.com\/wp-content\/uploads\/2025\/04\/housse-chopper-exterieur_C-L-2-300x300.jpg\" class=\"attachment-woocommerce_thumbnail size-woocommerce_thumbnail\" alt=\"Housse Chopper Outdoor C-L++\" srcset=\"https:\/\/www.mycover-protection.com\/wp-content\/uploads\/2025\/04\/housse-chopper-exterieur_C-L-2-300x300.jpg 300w, https:\/\/www.mycover-protection.com\/wp-content\/uploads\/2025\/04\/housse-chopper-exterieur_C-L-2-1024x1024.jpg 1024w, https:\/\/www.mycover-protection.com\/wp-content\/uploads\/2025\/04\/housse-chopper-exterieur_C-L-2-150x150.jpg 150w, https:\/\/www.mycover-protection.com\/wp-content\/uploads\/2025\/04\/housse-chopper-exterieur_C-L-2-768x768.jpg 768w, https:\/\/www.mycover-protection.com\/wp-content\/uploads\/2025\/04\/housse-chopper-exterieur_C-L-2-270x270.jpg 270w, https:\/\/www.mycover-protection.com\/wp-content\/uploads\/2025\/04\/housse-chopper-exterieur_C-L-2-800x800.jpg 800w, https:\/\/www.mycover-protection.com\/wp-content\/uploads\/2025\/04\/housse-chopper-exterieur_C-L-2-200x200.jpg 200w, https:\/\/www.mycover-protection.com\/wp-content\/uploads\/2025\/04\/housse-chopper-exterieur_C-L-2.jpg 1500w\" sizes=\"(max-width: 300px) 100vw, 300px\" \/><\/div>\n\t\t\t\t\t<div class=\"wc-block-grid__product-title\">MYCOVER\u00ae Housse Chopper Premium Outdoor<\/div>\n\t\t\t\t<\/a>\n\t\t\t\t<div class=\"wfa-wc-product-star-rating wfa-wc-block-grid__product-stars\" style=\"--fill:0.962;\" role=\"img\" aria-label=\"Note 4.81 sur 5\"><\/div><div class=\"wc-block-grid__product-price price\"><span class=\"wfa-variable-parent-price-range wfa-variable-parent-price-range--regular\"><del><span class=\"woocommerce-Price-amount amount\" aria-hidden=\"true\">189,00<span class=\"woocommerce-Price-currencySymbol\">&euro;<\/span><\/span> <span aria-hidden=\"true\">\u00a0\u2013\u00a0<\/span> <span class=\"woocommerce-Price-amount amount\" aria-hidden=\"true\">249,00<span class=\"woocommerce-Price-currencySymbol\">&euro;<\/span><\/span><span class=\"screen-reader-text\">Plage de prix\u00a0: 189,00&euro; \u00e0 249,00&euro;<\/span><\/del><\/span><span class=\"wfa-variable-parent-price-range wfa-variable-parent-price-range--sale\"><ins><span class=\"woocommerce-Price-amount amount\" aria-hidden=\"true\">174,00<span class=\"woocommerce-Price-currencySymbol\">&euro;<\/span><\/span> <span aria-hidden=\"true\">\u00a0\u2013\u00a0<\/span> <span class=\"woocommerce-Price-amount amount\" aria-hidden=\"true\">234,00<span class=\"woocommerce-Price-currencySymbol\">&euro;<\/span><\/span><span class=\"screen-reader-text\">Plage de prix\u00a0: 174,00&euro; \u00e0 234,00&euro;<\/span><\/ins><\/span><\/div><div class=\"wfa-wc-block-grid__product-badge-list\" aria-label=\"Caract\u00e9ristiques sp\u00e9ciales\"><p class=\"wfa-wc-block-grid__product-badge\">\ud83c\udfc6 Bestseller<\/p><p class=\"wfa-wc-block-grid__product-badge\">\ud83d\udd25 \u00c9conomisez 15&euro; maintenant !<\/p><p class=\"wfa-wc-block-grid__product-badge\">\u2728 8 Tailles<\/p><\/div>\n\t\t\t\t\n\t\t\t\t\n\t\t\t<\/li><li class=\"wc-block-grid__product\"><span class=\"gtm4wp_productdata\" style=\"display:none; visibility:hidden;\" data-gtm4wp_product_data=\"{&quot;internal_id&quot;:20181,&quot;item_id&quot;:&quot;IC-&quot;,&quot;item_name&quot;:&quot;MYCOVER\\u00ae B\\u00e2che moto Premium Indoor&quot;,&quot;sku&quot;:&quot;IC-&quot;,&quot;price&quot;:109,&quot;stocklevel&quot;:0,&quot;stockstatus&quot;:&quot;outofstock&quot;,&quot;google_business_vertical&quot;:&quot;retail&quot;,&quot;item_category&quot;:&quot;Couvertures moto&quot;,&quot;id&quot;:&quot;IC-&quot;,&quot;productlink&quot;:&quot;https:\\\/\\\/www.mycover-protection.com\\\/fr\\\/produkt\\\/mycover-bache-moto-indoor\\\/&quot;,&quot;item_list_name&quot;:&quot;Liste g\\u00e9n\\u00e9rale des produits&quot;,&quot;index&quot;:0,&quot;product_type&quot;:&quot;variable&quot;,&quot;item_brand&quot;:&quot;&quot;}\"><\/span>\n\t\t\t\t<a href=\"https:\/\/www.mycover-protection.com\/fr\/produkt\/mycover-bache-moto-indoor\/\" class=\"wc-block-grid__product-link\">\n\t\t\t\t\t\n\t\t\t\t\t<div class=\"wc-block-grid__product-image\"><img decoding=\"async\" width=\"300\" height=\"300\" src=\"https:\/\/www.mycover-protection.com\/wp-content\/uploads\/2022\/07\/Motorrrad-Abdeckplane-Indoor-Stoff-300x300.png\" class=\"attachment-woocommerce_thumbnail size-woocommerce_thumbnail\" alt=\"Housses moto Indoor soft\" srcset=\"https:\/\/www.mycover-protection.com\/wp-content\/uploads\/2022\/07\/Motorrrad-Abdeckplane-Indoor-Stoff-300x300.png 300w, https:\/\/www.mycover-protection.com\/wp-content\/uploads\/2022\/07\/Motorrrad-Abdeckplane-Indoor-Stoff-150x150.png 150w, https:\/\/www.mycover-protection.com\/wp-content\/uploads\/2022\/07\/Motorrrad-Abdeckplane-Indoor-Stoff-768x768.png 768w, https:\/\/www.mycover-protection.com\/wp-content\/uploads\/2022\/07\/Motorrrad-Abdeckplane-Indoor-Stoff-270x270.png 270w, https:\/\/www.mycover-protection.com\/wp-content\/uploads\/2022\/07\/Motorrrad-Abdeckplane-Indoor-Stoff-200x200.png 200w, https:\/\/www.mycover-protection.com\/wp-content\/uploads\/2022\/07\/Motorrrad-Abdeckplane-Indoor-Stoff.png 800w\" sizes=\"(max-width: 300px) 100vw, 300px\" \/><\/div>\n\t\t\t\t\t<div class=\"wc-block-grid__product-title\">MYCOVER\u00ae B\u00e2che moto Premium Indoor<\/div>\n\t\t\t\t<\/a>\n\t\t\t\t<div class=\"wfa-wc-product-star-rating wfa-wc-block-grid__product-stars\" style=\"--fill:0.96;\" role=\"img\" aria-label=\"Note 4.8 sur 5\"><\/div><div class=\"wc-block-grid__product-price price\"><span class=\"woocommerce-Price-amount amount\" aria-hidden=\"true\">109,00<span class=\"woocommerce-Price-currencySymbol\">&euro;<\/span><\/span> <span aria-hidden=\"true\">\u00a0\u2013\u00a0<\/span> <span class=\"woocommerce-Price-amount amount\" aria-hidden=\"true\">129,00<span class=\"woocommerce-Price-currencySymbol\">&euro;<\/span><\/span><span class=\"screen-reader-text\">Plage de prix\u00a0: 109,00&euro; \u00e0 129,00&euro;<\/span><\/div><div class=\"wfa-wc-block-grid__product-badge-list\" aria-label=\"Caract\u00e9ristiques sp\u00e9ciales\"><p class=\"wfa-wc-block-grid__product-badge\">\ud83c\udfc6 Bestseller<\/p><p class=\"wfa-wc-block-grid__product-badge\">\u2728 4 Tailles<\/p><\/div>\n\t\t\t\t\n\t\t\t\t\n\t\t\t<\/li><\/ul><\/div>\n\n\n<div id=\"hinweise\" class=\"wp-block-group\"><div class=\"wp-block-group__inner-container is-layout-constrained wp-block-group-is-layout-constrained\">\n<div class=\"wp-block-group is-banner__info\"><div class=\"wp-block-group__inner-container is-layout-flow wp-block-group-is-layout-flow\">\n<p><strong>Astuce :<\/strong> Si vous ne savez pas encore comment \u00e9viter la rouille sur votre moto, consultez notre article sur la <a href=\"https:\/\/www.mycover-protection.com\/fr\/magazin\/moto-et-rouille-comment-eliminer-la-rouille-des-chromes-et-proteger-votre-moto-a-long-terme\/\">moto et la rouille<\/a>.<\/p>\n<\/div><\/div>\n\n\n\n<div style=\"height:40px\" aria-hidden=\"true\" class=\"wp-block-spacer\"><\/div>\n<\/div><\/div>\n\n\n\n<div style=\"height:40px\" aria-hidden=\"true\" class=\"wp-block-spacer\"><\/div>\n\n\n\n<div id=\"Zusammenfassung\" class=\"wp-block-group\"><div class=\"wp-block-group__inner-container is-layout-constrained wp-block-group-is-layout-constrained\">\n<h2 class=\"wp-block-heading\" id=\"Flexibilit&#xE4;t-und-Schutz\">Conclusion : quel garage moto convainc vraiment<\/h2>\n\n\n\n<p>Avec un garage moto de qualit\u00e9, qu&rsquo;il s&rsquo;agisse d&rsquo;un garage pliable ou d&rsquo;un garage sous tente, vous prot\u00e9gez votre moto des agressions ext\u00e9rieures et prolongez sa dur\u00e9e de vie. Surtout si vous ne disposez pas d&rsquo;un garage fixe, ces mod\u00e8les constituent une alternative id\u00e9ale au garage classique. <\/p>\n\n\n\n<p>Si vous ne disposez pas de suffisamment d&rsquo;espace sur votre propre terrain ou si vous n&rsquo;avez pas l&rsquo;autorisation du propri\u00e9taire de percer des trous dans le sol, une Housses moto d&rsquo;ext\u00e9rieur est une alternative pratique et \u00e9conomique pour vous.  <\/p>\n<\/div><\/div>\n<\/div><\/div>\n<\/div><\/div>\n\n<div style=\"height:40px\" aria-hidden=\"true\" class=\"wp-block-spacer wf-spacer-section\"><\/div>\n\n<h2 class=\"wp-block-heading is-style-not-underlined\" id=\"FAQ---Fragen-zur-Falt--und-Zeltgarage\">FAQ &#8211; Questions sur le garage pliable et le garage pour tentes<\/h2>\n\n<details class=\"wp-block-webfluence-blocks-details-summary\">\n<summary class=\"wp-block-webfluence-blocks-details-summary-title\">\n<h3 class=\"wp-block-heading is-style-not-underlined\">Combien co\u00fbtent les garages pliants et les garages pour tentes ?  <\/h3>\n<\/summary>\n\n\n\n<div class=\"wp-block-webfluence-blocks-details-summary-body\">\n<p>Les prix de ces deux produits varient fortement en fonction de leur qualit\u00e9 et de leur taille. Les garages pliants et les tentes pour motos se situent g\u00e9n\u00e9ralement dans une fourchette de 200 \u00e0 500 euros. Pour les mod\u00e8les moins chers, il faut toujours garder \u00e0 l&rsquo;esprit qu&rsquo;ils manquent g\u00e9n\u00e9ralement de qualit\u00e9.  <\/p>\n<\/div>\n<\/details>\n\n<details class=\"wp-block-webfluence-blocks-details-summary\">\n<summary class=\"wp-block-webfluence-blocks-details-summary-title\">\n<h3 class=\"wp-block-heading is-style-not-underlined\">Combien co\u00fbte une Housses moto haut de gamme ?<\/h3>\n<\/summary>\n\n\n\n<div class=\"wp-block-webfluence-blocks-details-summary-body\">\n<p>Les prix de nos Housses moto haut de gamme varient entre 139,00 \u20ac et 259,00 \u20ac selon la taille.<br\/>Pour \u00eatre s\u00fbr de choisir la taille adapt\u00e9e \u00e0 votre moto, nous vous recommandons de consulter notre <a href=\"https:\/\/www.mycover-protection.com\/fr\/tailles-recommandees\/housses-moto\/en-plein-air\/\">guide des tailles<\/a>. Vous obtiendrez ainsi la meilleure protection possible pour votre moto. <\/p>\n<\/div>\n<\/details>\n\n<details class=\"wp-block-webfluence-blocks-details-summary\">\n<summary class=\"wp-block-webfluence-blocks-details-summary-title\">\n<h3 class=\"wp-block-heading is-style-not-underlined\">Quel est le poids du montage d&rsquo;un garage pliable ou d&rsquo;un garage pour tente ?<\/h3>\n<\/summary>\n\n\n\n<div class=\"wp-block-webfluence-blocks-details-summary-body\">\n<p>Le montage des garages pliants et des garages pour tentes est relativement simple et ne n\u00e9cessite g\u00e9n\u00e9ralement que quelques minutes. Les deux types de garages sont dot\u00e9s d&rsquo;une armature l\u00e9g\u00e8re mais solide qui s&rsquo;assemble rapidement. <\/p>\n\n\n\n<p>Les garages pliants fonctionnent de la m\u00eame mani\u00e8re qu&rsquo;une tente et peuvent \u00eatre d\u00e9mont\u00e9s et rang\u00e9s tout aussi rapidement.  <\/p>\n\n\n\n<p>Aucun outil sp\u00e9cifique n&rsquo;est n\u00e9cessaire et de nombreux mod\u00e8les sont con\u00e7us pour qu&rsquo;une personne puisse facilement les monter seule.<\/p>\n<\/div>\n<\/details>\n\n<details class=\"wp-block-webfluence-blocks-details-summary\">\n<summary class=\"wp-block-webfluence-blocks-details-summary-title\">\n<h3 class=\"wp-block-heading is-style-not-underlined\">De combien d&rsquo;espace a besoin une tente\/un garage pliable ?<\/h3>\n<\/summary>\n\n\n\n<div class=\"wp-block-webfluence-blocks-details-summary-body\">\n<p>Les tentes et les garages pliants sont souvent tr\u00e8s grands et occupent donc beaucoup de place. Pr\u00e9voyez donc un espace d&rsquo;au moins 1,6 x 2,4 m. Cette valeur peut bien s\u00fbr varier consid\u00e9rablement en fonction de la taille de votre moto.    <\/p>\n\n\n\n<p>En revanche, une Housse moto ne prend jamais plus de place que votre moto n&rsquo;en prend d\u00e9j\u00e0. Avant d&rsquo;acheter, v\u00e9rifiez donc l&rsquo;espace dont vous disposez. <\/p>\n<\/div>\n<\/details>\n\n<details class=\"wp-block-webfluence-blocks-details-summary\">\n<summary class=\"wp-block-webfluence-blocks-details-summary-title\">\n<h3 class=\"wp-block-heading is-style-not-underlined\">O\u00f9 puis-je installer ma tente ou mon garage pliant ?<\/h3>\n<\/summary>\n\n\n\n<div class=\"wp-block-webfluence-blocks-details-summary-body\">\n<p>En principe, vous pouvez installer des tentes ou des garages pliants partout, pour autant qu&rsquo;il y ait suffisamment de place.  <\/p>\n\n\n\n<p>Cependant, pour vous assurer que le garage reste stable m\u00eame par grand vent, vous devez utiliser un ancrage au sol. Pour cela, vous devez disposer d&rsquo;une surface en gazon ou \u00eatre capable de forer dans des sols en pierre &#8211; ce qui n&rsquo;est souvent autoris\u00e9 que sur votre propre terrain.   <\/p>\n\n\n\n<p>Dans ce cas, une Housses serait peut-\u00eatre un meilleur choix, car elle tient bien en place gr\u00e2ce \u00e0 ses sangles r\u00e9glables, m\u00eame par grand vent.<\/p>\n<\/div>\n<\/details>\n\n<details class=\"wp-block-webfluence-blocks-details-summary\">\n<summary class=\"wp-block-webfluence-blocks-details-summary-title\">\n<h3 class=\"wp-block-heading is-style-not-underlined\">Ai-je besoin d&rsquo;une serrure pour mon garage ?<\/h3>\n<\/summary>\n\n\n\n<div class=\"wp-block-webfluence-blocks-details-summary-body\">\n<p>Oui, utilisez toujours un <a href=\"https:\/\/www.mycover-protection.com\/fr\/produkt-kategorie\/antivols-abus\/\">verrou<\/a> suppl\u00e9mentaire. Les garages pliants peuvent \u00eatre facilement enlev\u00e9s par des personnes ext\u00e9rieures et ne sont donc pas antivol. <\/p>\n\n\n\n<p>Consultez cet article sur l&rsquo;<a href=\"https:\/\/www.mycover-protection.com\/fr\/magazin\/100-antivol-moto-les-conseils-secrets-que-tout-motard-devrait-connaitre\/?preview_id=35696&#038;preview_nonce=b3b4c293b2&#038;preview=true&#038;_thumbnail_id=35868\">antivol pour moto<\/a>.<\/p>\n<\/div>\n<\/details>\n\n<details class=\"wp-block-webfluence-blocks-details-summary\">\n<summary class=\"wp-block-webfluence-blocks-details-summary-title\">\n<h3 class=\"wp-block-heading is-style-not-underlined\">Les garages pliants et les garages pour tentes sont-ils \u00e9galement adapt\u00e9s \u00e0 l&rsquo;hiver ?<\/h3>\n<\/summary>\n\n\n\n<div class=\"wp-block-webfluence-blocks-details-summary-body\">\n<p>Oui, les garages pliants et sous tente offrent une excellente protection pour votre moto, m\u00eame en hiver. Ils sont fabriqu\u00e9s \u00e0 partir de mat\u00e9riaux r\u00e9sistants aux intemp\u00e9ries et robustes qui bloquent la neige, la pluie et le gel.   <\/p>\n\n\n\n<p>Les mod\u00e8les dot\u00e9s de b\u00e2ches \u00e9tanches et d&rsquo;armatures renforc\u00e9es sont particuli\u00e8rement adapt\u00e9s pour pr\u00e9parer la <a href=\"https:\/\/www.mycover-protection.com\/fr\/magazin\/hiverner-sa-moto-votre-guide-complet-pour-la-saison-froide\/\">moto \u00e0 l&rsquo;hiver<\/a>. Ils prot\u00e8gent \u00e9galement de l&rsquo;humidit\u00e9, qui pourrait provoquer de la rouille, et pr\u00e9servent la peinture des dommages caus\u00e9s par les conditions climatiques hivernales. <\/p>\n<\/div>\n<\/details>\n\n<details class=\"wp-block-webfluence-blocks-details-summary\">\n<summary class=\"wp-block-webfluence-blocks-details-summary-title\">\n<h3 class=\"wp-block-heading is-style-not-underlined\">Quelle est la diff\u00e9rence entre un garage pour tente et un garage pliable ?<\/h3>\n<\/summary>\n\n\n\n<div class=\"wp-block-webfluence-blocks-details-summary-body\">\n<p>Un garage pliant se replie g\u00e9n\u00e9ralement sur la moto gr\u00e2ce \u00e0 un syst\u00e8me d&rsquo;articulation, comme une Housse moto. Un garage en toile, en revanche, est une construction ind\u00e9pendante avec des barres et une toile, semblable \u00e0 un petit pavillon. Un garage de tente pour moto vous offre la m\u00eame protection qu&rsquo;un garage pliant, mais il est souvent plus robuste et offre plus d&rsquo;espace de rangement.  <\/p>\n<\/div>\n<\/details>\n\n<details class=\"wp-block-webfluence-blocks-details-summary\">\n<summary class=\"wp-block-webfluence-blocks-details-summary-title\">\n<h3 class=\"wp-block-heading is-style-not-underlined\">Existe-t-il des alternatives aux garages pliants ou aux garages pour tentes ?<\/h3>\n<\/summary>\n\n\n\n<div class=\"wp-block-webfluence-blocks-details-summary-body\">\n<p>Oui, <a href=\"https:\/\/www.mycover-protection.com\/fr\/produkt\/mycover-premium-outdoor\/\">les Couvertures moto<\/a> de haute qualit\u00e9, comme la MYCOVER\u00ae constituent une alternative flexible et s\u00fbre. Elles sont plus compactes, prot\u00e8gent tout aussi bien de la pluie, des UV et de la salet\u00e9 et se rangent facilement, sans montage ni autorisation. <\/p>\n<\/div>\n<\/details>\n\n<details class=\"wp-block-webfluence-blocks-details-summary\">\n<summary class=\"wp-block-webfluence-blocks-details-summary-title\">\n<h3 class=\"wp-block-heading is-style-not-underlined\">Un garage pour tentes est-il soumis \u00e0 autorisation ?<\/h3>\n<\/summary>\n\n\n\n<div class=\"wp-block-webfluence-blocks-details-summary-body\">\n<p>Cela d\u00e9pend de la taille, de l&#8217;emplacement et du code de la construction. Les petits garages de tentes mobiles sont g\u00e9n\u00e9ralement consid\u00e9r\u00e9s comme des structures temporaires et ne n\u00e9cessitent pas d&rsquo;autorisation. Toutefois, en cas d&rsquo;utilisation permanente ou de grand format, un permis peut \u00eatre n\u00e9cessaire, notamment dans les espaces publics ou les locations.  <\/p>\n<\/div>\n<\/details>\n\n<details class=\"wp-block-webfluence-blocks-details-summary\">\n<summary class=\"wp-block-webfluence-blocks-details-summary-title\">\n<h3 class=\"wp-block-heading is-style-not-underlined\">A quoi faut-il faire attention en mati\u00e8re de ventilation dans les garages pour tentes ?<\/h3>\n<\/summary>\n\n\n\n<div class=\"wp-block-webfluence-blocks-details-summary-body\">\n<p>Sans une ventilation suffisante, l&rsquo;humidit\u00e9 s&rsquo;accumule, ce qui peut entra\u00eener la rouille. Veillez donc \u00e0 ce qu&rsquo;il y ait des fentes d&rsquo;a\u00e9ration int\u00e9gr\u00e9es ou une a\u00e9ration r\u00e9guli\u00e8re, ou bien utilisez une <a href=\"https:\/\/www.mycover-protection.com\/fr\/produkt\/mycover-premium-outdoor\/\">Housse<\/a> respirante qui \u00e9vacue l&rsquo;humidit\u00e9. <\/p>\n<\/div>\n<\/details>\n\n<details class=\"wp-block-webfluence-blocks-details-summary\">\n<summary class=\"wp-block-webfluence-blocks-details-summary-title\">\n<h3 class=\"wp-block-heading is-style-not-underlined\">Quelle est la dur\u00e9e de vie moyenne des garages \u00e0 motos mobiles ?<\/h3>\n<\/summary>\n\n\n\n<div class=\"wp-block-webfluence-blocks-details-summary-body\">\n<p>La dur\u00e9e de vie d\u00e9pend fortement du mat\u00e9riau et de l&rsquo;entretien. Les mod\u00e8les bon march\u00e9 ne durent souvent qu&rsquo;un \u00e0 deux ans, tandis que les variantes de qualit\u00e9 sup\u00e9rieure peuvent \u00eatre utilis\u00e9es pendant cinq ans ou plus si elles sont bien entretenues. La protection contre les UV, la r\u00e9sistance \u00e0 la d\u00e9chirure et la stabilit\u00e9 sont essentielles.  <\/p>\n<\/div>\n<\/details>\n\n<div class=\"wp-block-columns alignwide are-vertically-aligned-center is-layout-flex wp-container-core-columns-is-layout-9d6595d7 wp-block-columns-is-layout-flex\">\n<div class=\"wp-block-column is-layout-flow wp-block-column-is-layout-flow\">\n<div style=\"height:40px\" aria-hidden=\"true\" class=\"wp-block-spacer\"><\/div>\n<\/div>\n<\/div>\n\n<hr class=\"wp-block-separator has-alpha-channel-opacity\"\/>\n\n<div class=\"wp-block-group wfa-reusable-group-all-mycover-products has-black-color has-text-color has-link-color wp-elements-e52df7be340ae9f9e80ecdd813c2d54b\"><div class=\"wp-block-group__inner-container is-layout-constrained wp-block-group-is-layout-constrained\">\n<p class=\"has-text-align-center wfa-reusable-group-all-mycover-products__title has-large-font-size\"><strong>Tous les MYCOVER\u00ae-produits<\/strong><\/p>\n\n\n\n<div class=\"wp-block-cb-carousel-v2 cb-carousel-block\" data-cb-slides-per-view=\"2\" data-cb-slides-per-group=\"1\" data-cb-space-between=\"0\" data-cb-speed=\"200\" data-cb-navigation=\"true\" data-cb-breakpoints=\"{&quot;768&quot;:{&quot;slidesPerView&quot;:4,&quot;slidesPerGroup&quot;:1}}\"><div class=\"swiper\"><div class=\"cb-wrapper swiper-wrapper\">\n<div class=\"wp-block-cb-slide-v2 cb-slide swiper-slide\">\n<div class=\"wp-block-group\"><div class=\"wp-block-group__inner-container is-layout-constrained wp-block-group-is-layout-constrained\">\n<figure class=\"wp-block-image size-large\"><img decoding=\"async\" width=\"1024\" height=\"1024\" src=\"https:\/\/www.mycover-protection.com\/wp-content\/uploads\/2022\/11\/Motorrad_abdeckplane_outdoor-1024x1024.jpg\" alt=\"Housses moto d'ext&#xE9;rieur\" class=\"wp-image-22125\" srcset=\"https:\/\/www.mycover-protection.com\/wp-content\/uploads\/2022\/11\/Motorrad_abdeckplane_outdoor-1024x1024.jpg 1024w, https:\/\/www.mycover-protection.com\/wp-content\/uploads\/2022\/11\/Motorrad_abdeckplane_outdoor-300x300.jpg 300w, https:\/\/www.mycover-protection.com\/wp-content\/uploads\/2022\/11\/Motorrad_abdeckplane_outdoor-150x150.jpg 150w, https:\/\/www.mycover-protection.com\/wp-content\/uploads\/2022\/11\/Motorrad_abdeckplane_outdoor-768x768.jpg 768w, https:\/\/www.mycover-protection.com\/wp-content\/uploads\/2022\/11\/Motorrad_abdeckplane_outdoor-270x270.jpg 270w, https:\/\/www.mycover-protection.com\/wp-content\/uploads\/2022\/11\/Motorrad_abdeckplane_outdoor-800x800.jpg 800w, https:\/\/www.mycover-protection.com\/wp-content\/uploads\/2022\/11\/Motorrad_abdeckplane_outdoor-200x200.jpg 200w, https:\/\/www.mycover-protection.com\/wp-content\/uploads\/2022\/11\/Motorrad_abdeckplane_outdoor.jpg 1200w\" sizes=\"(max-width: 1024px) 100vw, 1024px\" \/><\/figure>\n\n\n\n<p><a href=\"https:\/\/www.mycover-protection.com\/fr\/produkt\/mycover-premium-outdoor\/\"><strong>Housses moto Outdoor<\/strong><\/a><\/p>\n<\/div><\/div>\n<\/div>\n\n\n\n<div class=\"wp-block-cb-slide-v2 cb-slide swiper-slide\">\n<div class=\"wp-block-group\"><div class=\"wp-block-group__inner-container is-layout-constrained wp-block-group-is-layout-constrained\">\n<figure class=\"wp-block-image size-full\"><img decoding=\"async\" width=\"800\" height=\"800\" src=\"https:\/\/www.mycover-protection.com\/wp-content\/uploads\/2023\/01\/Motorrad-abdeckplane-chopper.png\" alt=\"Housses d'ext&#xE9;rieur pour Chopper\" class=\"wp-image-21485\" srcset=\"https:\/\/www.mycover-protection.com\/wp-content\/uploads\/2023\/01\/Motorrad-abdeckplane-chopper.png 800w, https:\/\/www.mycover-protection.com\/wp-content\/uploads\/2023\/01\/Motorrad-abdeckplane-chopper-300x300.png 300w, https:\/\/www.mycover-protection.com\/wp-content\/uploads\/2023\/01\/Motorrad-abdeckplane-chopper-150x150.png 150w, https:\/\/www.mycover-protection.com\/wp-content\/uploads\/2023\/01\/Motorrad-abdeckplane-chopper-768x768.png 768w, https:\/\/www.mycover-protection.com\/wp-content\/uploads\/2023\/01\/Motorrad-abdeckplane-chopper-270x270.png 270w, https:\/\/www.mycover-protection.com\/wp-content\/uploads\/2023\/01\/Motorrad-abdeckplane-chopper-200x200.png 200w\" sizes=\"(max-width: 800px) 100vw, 800px\" \/><\/figure>\n\n\n\n<p><a href=\"https:\/\/www.mycover-protection.com\/es\/produkt\/mycover-funda-exterior-premium-para-chopper\/\"><strong>Housses pour Chopper en ext\u00e9rieur<\/strong><\/a><\/p>\n<\/div><\/div>\n<\/div>\n\n\n\n<div class=\"wp-block-cb-slide-v2 cb-slide swiper-slide\">\n<div class=\"wp-block-group\"><div class=\"wp-block-group__inner-container is-layout-constrained wp-block-group-is-layout-constrained\">\n<figure class=\"wp-block-image size-full\"><img decoding=\"async\" width=\"800\" height=\"800\" src=\"https:\/\/www.mycover-protection.com\/wp-content\/uploads\/2023\/01\/Motorrad-Abdeckplane-Topcase.png\" alt=\"Housses pour Scooter avec Topcase\" class=\"wp-image-21482\" srcset=\"https:\/\/www.mycover-protection.com\/wp-content\/uploads\/2023\/01\/Motorrad-Abdeckplane-Topcase.png 800w, https:\/\/www.mycover-protection.com\/wp-content\/uploads\/2023\/01\/Motorrad-Abdeckplane-Topcase-300x300.png 300w, https:\/\/www.mycover-protection.com\/wp-content\/uploads\/2023\/01\/Motorrad-Abdeckplane-Topcase-150x150.png 150w, https:\/\/www.mycover-protection.com\/wp-content\/uploads\/2023\/01\/Motorrad-Abdeckplane-Topcase-768x768.png 768w, https:\/\/www.mycover-protection.com\/wp-content\/uploads\/2023\/01\/Motorrad-Abdeckplane-Topcase-270x270.png 270w, https:\/\/www.mycover-protection.com\/wp-content\/uploads\/2023\/01\/Motorrad-Abdeckplane-Topcase-200x200.png 200w\" sizes=\"(max-width: 800px) 100vw, 800px\" \/><\/figure>\n\n\n\n<p><a href=\"https:\/\/www.mycover-protection.com\/es\/produkt\/mycover-funda-exterior-premium-para-scooter\/\"><strong>Housses pour Scooter Outdoor<\/strong><\/a><\/p>\n<\/div><\/div>\n<\/div>\n\n\n\n<div class=\"wp-block-cb-slide-v2 cb-slide swiper-slide\">\n<div class=\"wp-block-group\"><div class=\"wp-block-group__inner-container is-layout-constrained wp-block-group-is-layout-constrained\">\n<figure class=\"wp-block-image size-full\"><img decoding=\"async\" width=\"800\" height=\"800\" src=\"https:\/\/www.mycover-protection.com\/wp-content\/uploads\/2022\/07\/Motorrrad-Abdeckplane-Indoor-Stoff.png\" alt=\"Housses moto Indoor soft\" class=\"wp-image-20162\" srcset=\"https:\/\/www.mycover-protection.com\/wp-content\/uploads\/2022\/07\/Motorrrad-Abdeckplane-Indoor-Stoff.png 800w, https:\/\/www.mycover-protection.com\/wp-content\/uploads\/2022\/07\/Motorrrad-Abdeckplane-Indoor-Stoff-300x300.png 300w, https:\/\/www.mycover-protection.com\/wp-content\/uploads\/2022\/07\/Motorrrad-Abdeckplane-Indoor-Stoff-150x150.png 150w, https:\/\/www.mycover-protection.com\/wp-content\/uploads\/2022\/07\/Motorrrad-Abdeckplane-Indoor-Stoff-768x768.png 768w, https:\/\/www.mycover-protection.com\/wp-content\/uploads\/2022\/07\/Motorrrad-Abdeckplane-Indoor-Stoff-270x270.png 270w, https:\/\/www.mycover-protection.com\/wp-content\/uploads\/2022\/07\/Motorrrad-Abdeckplane-Indoor-Stoff-200x200.png 200w\" sizes=\"(max-width: 800px) 100vw, 800px\" \/><\/figure>\n\n\n\n<p><a href=\"https:\/\/www.mycover-protection.com\/es\/produkt\/mycover-funda-para-moto-de-interior-premium\/\"><strong>Housses moto Indoor<\/strong><\/a><\/p>\n<\/div><\/div>\n<\/div>\n<\/div><\/div><div class=\"cb-button-prev swiper-button-prev\"><\/div><div class=\"cb-button-next swiper-button-next\"><\/div><\/div>\n\n\n\n<p class=\"has-text-align-center wfa-reusable-group-all-mycover-products__category-links has-small-font-size\"><a href=\"https:\/\/www.mycover-protection.com\/fr\/categorie-de-produits\/couverture-de-moto\/\">Toutes les Couvertures moto<\/a> &#8211; <a href=\"https:\/\/www.mycover-protection.com\/fr\/categorie-de-produits\/couvertures-de-scooter\/\">Toutes les Couvertures scooter<\/a><\/p>\n<\/div><\/div>\n\n<p><\/p>\n","protected":false},"excerpt":{"rendered":"<p>Beaucoup de gens connaissent ce probl\u00e8me, le manque d&rsquo;espace. Votre moto est simplement gar\u00e9e devant votre porte sans protection contre le vol ou les intemp\u00e9ries ? Un garage \u00e0 moto peut vous aider. Il ne s&rsquo;agit pas seulement d&rsquo;un abri, mais aussi d&rsquo;un investissement dans la long\u00e9vit\u00e9 de votre moto. Les garages pliants et les [&#8230;]<\/p>\n","protected":false},"author":1018,"featured_media":51225,"comment_status":"closed","ping_status":"open","sticky":false,"template":"templates\/long-form-small.php","format":"standard","meta":{"footnotes":""},"categories":[321],"tags":[],"class_list":["post-36977","post","type-post","status-publish","format-standard","has-post-thumbnail","hentry","category-non-classifiee"],"yoast_head":"<!-- This site is optimized with the Yoast SEO plugin v27.4 - https:\/\/yoast.com\/product\/yoast-seo-wordpress\/ -->\n<title>Tente garage pour moto - une protection judicieuse en test<\/title>\n<meta name=\"description\" content=\"D\u00e9couvrez les avantages et les inconv\u00e9nients du garage pliable ou de la tente. Flexible, r\u00e9sistant aux intemp\u00e9ries et facile \u00e0 monter.\" \/>\n<meta name=\"robots\" content=\"index, follow, max-snippet:-1, max-image-preview:large, max-video-preview:-1\" \/>\n<link rel=\"canonical\" href=\"https:\/\/www.mycover-protection.com\/fr\/magazin\/garages-moto-les-garages-pliants-ou-sous-tente-sont-ils-la-solution-ideale\/\" \/>\n<meta property=\"og:locale\" content=\"fr_FR\" \/>\n<meta property=\"og:type\" content=\"article\" \/>\n<meta property=\"og:title\" content=\"Tente garage pour moto - une protection judicieuse en test\" \/>\n<meta property=\"og:description\" content=\"D\u00e9couvrez les avantages et les inconv\u00e9nients du garage pliable ou de la tente. Flexible, r\u00e9sistant aux intemp\u00e9ries et facile \u00e0 monter.\" \/>\n<meta property=\"og:url\" content=\"https:\/\/www.mycover-protection.com\/fr\/magazin\/garages-moto-les-garages-pliants-ou-sous-tente-sont-ils-la-solution-ideale\/\" \/>\n<meta property=\"og:site_name\" content=\"MYCOVER\u00ae Online Shop\" \/>\n<meta property=\"article:publisher\" content=\"https:\/\/www.facebook.com\/Mycover-114242613377158\/\" \/>\n<meta property=\"article:published_time\" content=\"2024-09-24T15:32:00+00:00\" \/>\n<meta property=\"article:modified_time\" content=\"2025-07-24T14:44:57+00:00\" \/>\n<meta property=\"og:image\" content=\"https:\/\/www.mycover-protection.com\/wp-content\/uploads\/2024\/09\/Motorrad_Faltgarage_wetterfest-1024x683.png\" \/>\n\t<meta property=\"og:image:width\" content=\"1024\" \/>\n\t<meta property=\"og:image:height\" content=\"683\" \/>\n\t<meta property=\"og:image:type\" content=\"image\/png\" \/>\n<meta name=\"author\" content=\"Nina Marten\" \/>\n<meta name=\"twitter:card\" content=\"summary_large_image\" \/>\n<meta name=\"twitter:label1\" content=\"\u00c9crit par\" \/>\n\t<meta name=\"twitter:data1\" content=\"Nina Marten\" \/>\n\t<meta name=\"twitter:label2\" content=\"Dur\u00e9e de lecture estim\u00e9e\" \/>\n\t<meta name=\"twitter:data2\" content=\"14 minutes\" \/>\n<script type=\"application\/ld+json\" class=\"yoast-schema-graph\">{\"@context\":\"https:\\\/\\\/schema.org\",\"@graph\":[{\"@type\":\"Article\",\"@id\":\"https:\\\/\\\/www.mycover-protection.com\\\/fr\\\/magazin\\\/garages-moto-les-garages-pliants-ou-sous-tente-sont-ils-la-solution-ideale\\\/#article\",\"isPartOf\":{\"@id\":\"https:\\\/\\\/www.mycover-protection.com\\\/fr\\\/magazin\\\/garages-moto-les-garages-pliants-ou-sous-tente-sont-ils-la-solution-ideale\\\/\"},\"author\":{\"name\":\"Nina Marten\",\"@id\":\"https:\\\/\\\/www.mycover-protection.com\\\/fr\\\/#\\\/schema\\\/person\\\/7206415fa2df9f65e36dff37f9d5c65b\"},\"headline\":\"Garage moto : Les garages pliants ou sous tente sont-ils la solution id\u00e9ale ?\",\"datePublished\":\"2024-09-24T15:32:00+00:00\",\"dateModified\":\"2025-07-24T14:44:57+00:00\",\"mainEntityOfPage\":{\"@id\":\"https:\\\/\\\/www.mycover-protection.com\\\/fr\\\/magazin\\\/garages-moto-les-garages-pliants-ou-sous-tente-sont-ils-la-solution-ideale\\\/\"},\"wordCount\":2858,\"publisher\":{\"@id\":\"https:\\\/\\\/www.mycover-protection.com\\\/fr\\\/#organization\"},\"image\":{\"@id\":\"https:\\\/\\\/www.mycover-protection.com\\\/fr\\\/magazin\\\/garages-moto-les-garages-pliants-ou-sous-tente-sont-ils-la-solution-ideale\\\/#primaryimage\"},\"thumbnailUrl\":\"https:\\\/\\\/www.mycover-protection.com\\\/wp-content\\\/uploads\\\/2024\\\/09\\\/Motorrad_Faltgarage_wetterfest.png\",\"articleSection\":[\"Non classifi\u00e9(e)\"],\"inLanguage\":\"fr-FR\"},{\"@type\":\"WebPage\",\"@id\":\"https:\\\/\\\/www.mycover-protection.com\\\/fr\\\/magazin\\\/garages-moto-les-garages-pliants-ou-sous-tente-sont-ils-la-solution-ideale\\\/\",\"url\":\"https:\\\/\\\/www.mycover-protection.com\\\/fr\\\/magazin\\\/garages-moto-les-garages-pliants-ou-sous-tente-sont-ils-la-solution-ideale\\\/\",\"name\":\"Tente garage pour moto - une protection judicieuse en test\",\"isPartOf\":{\"@id\":\"https:\\\/\\\/www.mycover-protection.com\\\/fr\\\/#website\"},\"primaryImageOfPage\":{\"@id\":\"https:\\\/\\\/www.mycover-protection.com\\\/fr\\\/magazin\\\/garages-moto-les-garages-pliants-ou-sous-tente-sont-ils-la-solution-ideale\\\/#primaryimage\"},\"image\":{\"@id\":\"https:\\\/\\\/www.mycover-protection.com\\\/fr\\\/magazin\\\/garages-moto-les-garages-pliants-ou-sous-tente-sont-ils-la-solution-ideale\\\/#primaryimage\"},\"thumbnailUrl\":\"https:\\\/\\\/www.mycover-protection.com\\\/wp-content\\\/uploads\\\/2024\\\/09\\\/Motorrad_Faltgarage_wetterfest.png\",\"datePublished\":\"2024-09-24T15:32:00+00:00\",\"dateModified\":\"2025-07-24T14:44:57+00:00\",\"description\":\"D\u00e9couvrez les avantages et les inconv\u00e9nients du garage pliable ou de la tente. Flexible, r\u00e9sistant aux intemp\u00e9ries et facile \u00e0 monter.\",\"breadcrumb\":{\"@id\":\"https:\\\/\\\/www.mycover-protection.com\\\/fr\\\/magazin\\\/garages-moto-les-garages-pliants-ou-sous-tente-sont-ils-la-solution-ideale\\\/#breadcrumb\"},\"inLanguage\":\"fr-FR\",\"potentialAction\":[{\"@type\":\"ReadAction\",\"target\":[\"https:\\\/\\\/www.mycover-protection.com\\\/fr\\\/magazin\\\/garages-moto-les-garages-pliants-ou-sous-tente-sont-ils-la-solution-ideale\\\/\"]}]},{\"@type\":\"ImageObject\",\"inLanguage\":\"fr-FR\",\"@id\":\"https:\\\/\\\/www.mycover-protection.com\\\/fr\\\/magazin\\\/garages-moto-les-garages-pliants-ou-sous-tente-sont-ils-la-solution-ideale\\\/#primaryimage\",\"url\":\"https:\\\/\\\/www.mycover-protection.com\\\/wp-content\\\/uploads\\\/2024\\\/09\\\/Motorrad_Faltgarage_wetterfest.png\",\"contentUrl\":\"https:\\\/\\\/www.mycover-protection.com\\\/wp-content\\\/uploads\\\/2024\\\/09\\\/Motorrad_Faltgarage_wetterfest.png\",\"width\":1536,\"height\":1024,\"caption\":\"Dieses Bild wurde mit AI generiert\"},{\"@type\":\"BreadcrumbList\",\"@id\":\"https:\\\/\\\/www.mycover-protection.com\\\/fr\\\/magazin\\\/garages-moto-les-garages-pliants-ou-sous-tente-sont-ils-la-solution-ideale\\\/#breadcrumb\",\"itemListElement\":[{\"@type\":\"ListItem\",\"position\":1,\"name\":\"Startseite\",\"item\":\"https:\\\/\\\/www.mycover-protection.com\\\/fr\\\/\"},{\"@type\":\"ListItem\",\"position\":2,\"name\":\"Garage moto : Les garages pliants ou sous tente sont-ils la solution id\u00e9ale ?\"}]},{\"@type\":\"WebSite\",\"@id\":\"https:\\\/\\\/www.mycover-protection.com\\\/fr\\\/#website\",\"url\":\"https:\\\/\\\/www.mycover-protection.com\\\/fr\\\/\",\"name\":\"MYCOVER\u00ae Online Shop\",\"description\":\"Protection at its finest\",\"publisher\":{\"@id\":\"https:\\\/\\\/www.mycover-protection.com\\\/fr\\\/#organization\"},\"potentialAction\":[{\"@type\":\"SearchAction\",\"target\":{\"@type\":\"EntryPoint\",\"urlTemplate\":\"https:\\\/\\\/www.mycover-protection.com\\\/fr\\\/?s={search_term_string}\"},\"query-input\":{\"@type\":\"PropertyValueSpecification\",\"valueRequired\":true,\"valueName\":\"search_term_string\"}}],\"inLanguage\":\"fr-FR\"},{\"@type\":\"Organization\",\"@id\":\"https:\\\/\\\/www.mycover-protection.com\\\/fr\\\/#organization\",\"name\":\"MYCOVER\u00ae - PROTECTION AT ITS FINEST\",\"url\":\"https:\\\/\\\/www.mycover-protection.com\\\/fr\\\/\",\"logo\":{\"@type\":\"ImageObject\",\"inLanguage\":\"fr-FR\",\"@id\":\"https:\\\/\\\/www.mycover-protection.com\\\/fr\\\/#\\\/schema\\\/logo\\\/image\\\/\",\"url\":\"https:\\\/\\\/www.mycover-protection.com\\\/wp-content\\\/uploads\\\/2020\\\/01\\\/PAYPAL_190x60_mycover-white.jpg\",\"contentUrl\":\"https:\\\/\\\/www.mycover-protection.com\\\/wp-content\\\/uploads\\\/2020\\\/01\\\/PAYPAL_190x60_mycover-white.jpg\",\"width\":190,\"height\":60,\"caption\":\"MYCOVER\u00ae - PROTECTION AT ITS FINEST\"},\"image\":{\"@id\":\"https:\\\/\\\/www.mycover-protection.com\\\/fr\\\/#\\\/schema\\\/logo\\\/image\\\/\"},\"sameAs\":[\"https:\\\/\\\/www.facebook.com\\\/Mycover-114242613377158\\\/\"]},{\"@type\":\"Person\",\"@id\":\"https:\\\/\\\/www.mycover-protection.com\\\/fr\\\/#\\\/schema\\\/person\\\/7206415fa2df9f65e36dff37f9d5c65b\",\"name\":\"Nina Marten\"}]}<\/script>\n<!-- \/ Yoast SEO plugin. -->","yoast_head_json":{"title":"Tente garage pour moto - une protection judicieuse en test","description":"D\u00e9couvrez les avantages et les inconv\u00e9nients du garage pliable ou de la tente. Flexible, r\u00e9sistant aux intemp\u00e9ries et facile \u00e0 monter.","robots":{"index":"index","follow":"follow","max-snippet":"max-snippet:-1","max-image-preview":"max-image-preview:large","max-video-preview":"max-video-preview:-1"},"canonical":"https:\/\/www.mycover-protection.com\/fr\/magazin\/garages-moto-les-garages-pliants-ou-sous-tente-sont-ils-la-solution-ideale\/","og_locale":"fr_FR","og_type":"article","og_title":"Tente garage pour moto - une protection judicieuse en test","og_description":"D\u00e9couvrez les avantages et les inconv\u00e9nients du garage pliable ou de la tente. Flexible, r\u00e9sistant aux intemp\u00e9ries et facile \u00e0 monter.","og_url":"https:\/\/www.mycover-protection.com\/fr\/magazin\/garages-moto-les-garages-pliants-ou-sous-tente-sont-ils-la-solution-ideale\/","og_site_name":"MYCOVER\u00ae Online Shop","article_publisher":"https:\/\/www.facebook.com\/Mycover-114242613377158\/","article_published_time":"2024-09-24T15:32:00+00:00","article_modified_time":"2025-07-24T14:44:57+00:00","og_image":[{"width":1024,"height":683,"url":"https:\/\/www.mycover-protection.com\/wp-content\/uploads\/2024\/09\/Motorrad_Faltgarage_wetterfest-1024x683.png","type":"image\/png"}],"author":"Nina Marten","twitter_card":"summary_large_image","twitter_misc":{"\u00c9crit par":"Nina Marten","Dur\u00e9e de lecture estim\u00e9e":"14 minutes"},"schema":{"@context":"https:\/\/schema.org","@graph":[{"@type":"Article","@id":"https:\/\/www.mycover-protection.com\/fr\/magazin\/garages-moto-les-garages-pliants-ou-sous-tente-sont-ils-la-solution-ideale\/#article","isPartOf":{"@id":"https:\/\/www.mycover-protection.com\/fr\/magazin\/garages-moto-les-garages-pliants-ou-sous-tente-sont-ils-la-solution-ideale\/"},"author":{"name":"Nina Marten","@id":"https:\/\/www.mycover-protection.com\/fr\/#\/schema\/person\/7206415fa2df9f65e36dff37f9d5c65b"},"headline":"Garage moto : Les garages pliants ou sous tente sont-ils la solution id\u00e9ale ?","datePublished":"2024-09-24T15:32:00+00:00","dateModified":"2025-07-24T14:44:57+00:00","mainEntityOfPage":{"@id":"https:\/\/www.mycover-protection.com\/fr\/magazin\/garages-moto-les-garages-pliants-ou-sous-tente-sont-ils-la-solution-ideale\/"},"wordCount":2858,"publisher":{"@id":"https:\/\/www.mycover-protection.com\/fr\/#organization"},"image":{"@id":"https:\/\/www.mycover-protection.com\/fr\/magazin\/garages-moto-les-garages-pliants-ou-sous-tente-sont-ils-la-solution-ideale\/#primaryimage"},"thumbnailUrl":"https:\/\/www.mycover-protection.com\/wp-content\/uploads\/2024\/09\/Motorrad_Faltgarage_wetterfest.png","articleSection":["Non classifi\u00e9(e)"],"inLanguage":"fr-FR"},{"@type":"WebPage","@id":"https:\/\/www.mycover-protection.com\/fr\/magazin\/garages-moto-les-garages-pliants-ou-sous-tente-sont-ils-la-solution-ideale\/","url":"https:\/\/www.mycover-protection.com\/fr\/magazin\/garages-moto-les-garages-pliants-ou-sous-tente-sont-ils-la-solution-ideale\/","name":"Tente garage pour moto - une protection judicieuse en test","isPartOf":{"@id":"https:\/\/www.mycover-protection.com\/fr\/#website"},"primaryImageOfPage":{"@id":"https:\/\/www.mycover-protection.com\/fr\/magazin\/garages-moto-les-garages-pliants-ou-sous-tente-sont-ils-la-solution-ideale\/#primaryimage"},"image":{"@id":"https:\/\/www.mycover-protection.com\/fr\/magazin\/garages-moto-les-garages-pliants-ou-sous-tente-sont-ils-la-solution-ideale\/#primaryimage"},"thumbnailUrl":"https:\/\/www.mycover-protection.com\/wp-content\/uploads\/2024\/09\/Motorrad_Faltgarage_wetterfest.png","datePublished":"2024-09-24T15:32:00+00:00","dateModified":"2025-07-24T14:44:57+00:00","description":"D\u00e9couvrez les avantages et les inconv\u00e9nients du garage pliable ou de la tente. Flexible, r\u00e9sistant aux intemp\u00e9ries et facile \u00e0 monter.","breadcrumb":{"@id":"https:\/\/www.mycover-protection.com\/fr\/magazin\/garages-moto-les-garages-pliants-ou-sous-tente-sont-ils-la-solution-ideale\/#breadcrumb"},"inLanguage":"fr-FR","potentialAction":[{"@type":"ReadAction","target":["https:\/\/www.mycover-protection.com\/fr\/magazin\/garages-moto-les-garages-pliants-ou-sous-tente-sont-ils-la-solution-ideale\/"]}]},{"@type":"ImageObject","inLanguage":"fr-FR","@id":"https:\/\/www.mycover-protection.com\/fr\/magazin\/garages-moto-les-garages-pliants-ou-sous-tente-sont-ils-la-solution-ideale\/#primaryimage","url":"https:\/\/www.mycover-protection.com\/wp-content\/uploads\/2024\/09\/Motorrad_Faltgarage_wetterfest.png","contentUrl":"https:\/\/www.mycover-protection.com\/wp-content\/uploads\/2024\/09\/Motorrad_Faltgarage_wetterfest.png","width":1536,"height":1024,"caption":"Dieses Bild wurde mit AI generiert"},{"@type":"BreadcrumbList","@id":"https:\/\/www.mycover-protection.com\/fr\/magazin\/garages-moto-les-garages-pliants-ou-sous-tente-sont-ils-la-solution-ideale\/#breadcrumb","itemListElement":[{"@type":"ListItem","position":1,"name":"Startseite","item":"https:\/\/www.mycover-protection.com\/fr\/"},{"@type":"ListItem","position":2,"name":"Garage moto : Les garages pliants ou sous tente sont-ils la solution id\u00e9ale ?"}]},{"@type":"WebSite","@id":"https:\/\/www.mycover-protection.com\/fr\/#website","url":"https:\/\/www.mycover-protection.com\/fr\/","name":"MYCOVER\u00ae Online Shop","description":"Protection at its finest","publisher":{"@id":"https:\/\/www.mycover-protection.com\/fr\/#organization"},"potentialAction":[{"@type":"SearchAction","target":{"@type":"EntryPoint","urlTemplate":"https:\/\/www.mycover-protection.com\/fr\/?s={search_term_string}"},"query-input":{"@type":"PropertyValueSpecification","valueRequired":true,"valueName":"search_term_string"}}],"inLanguage":"fr-FR"},{"@type":"Organization","@id":"https:\/\/www.mycover-protection.com\/fr\/#organization","name":"MYCOVER\u00ae - PROTECTION AT ITS FINEST","url":"https:\/\/www.mycover-protection.com\/fr\/","logo":{"@type":"ImageObject","inLanguage":"fr-FR","@id":"https:\/\/www.mycover-protection.com\/fr\/#\/schema\/logo\/image\/","url":"https:\/\/www.mycover-protection.com\/wp-content\/uploads\/2020\/01\/PAYPAL_190x60_mycover-white.jpg","contentUrl":"https:\/\/www.mycover-protection.com\/wp-content\/uploads\/2020\/01\/PAYPAL_190x60_mycover-white.jpg","width":190,"height":60,"caption":"MYCOVER\u00ae - PROTECTION AT ITS FINEST"},"image":{"@id":"https:\/\/www.mycover-protection.com\/fr\/#\/schema\/logo\/image\/"},"sameAs":["https:\/\/www.facebook.com\/Mycover-114242613377158\/"]},{"@type":"Person","@id":"https:\/\/www.mycover-protection.com\/fr\/#\/schema\/person\/7206415fa2df9f65e36dff37f9d5c65b","name":"Nina Marten"}]}},"_links":{"self":[{"href":"https:\/\/www.mycover-protection.com\/fr\/wp-json\/wp\/v2\/posts\/36977","targetHints":{"allow":["GET"]}}],"collection":[{"href":"https:\/\/www.mycover-protection.com\/fr\/wp-json\/wp\/v2\/posts"}],"about":[{"href":"https:\/\/www.mycover-protection.com\/fr\/wp-json\/wp\/v2\/types\/post"}],"author":[{"embeddable":true,"href":"https:\/\/www.mycover-protection.com\/fr\/wp-json\/wp\/v2\/users\/1018"}],"replies":[{"embeddable":true,"href":"https:\/\/www.mycover-protection.com\/fr\/wp-json\/wp\/v2\/comments?post=36977"}],"version-history":[{"count":31,"href":"https:\/\/www.mycover-protection.com\/fr\/wp-json\/wp\/v2\/posts\/36977\/revisions"}],"predecessor-version":[{"id":56211,"href":"https:\/\/www.mycover-protection.com\/fr\/wp-json\/wp\/v2\/posts\/36977\/revisions\/56211"}],"wp:featuredmedia":[{"embeddable":true,"href":"https:\/\/www.mycover-protection.com\/fr\/wp-json\/wp\/v2\/media\/51225"}],"wp:attachment":[{"href":"https:\/\/www.mycover-protection.com\/fr\/wp-json\/wp\/v2\/media?parent=36977"}],"wp:term":[{"taxonomy":"category","embeddable":true,"href":"https:\/\/www.mycover-protection.com\/fr\/wp-json\/wp\/v2\/categories?post=36977"},{"taxonomy":"post_tag","embeddable":true,"href":"https:\/\/www.mycover-protection.com\/fr\/wp-json\/wp\/v2\/tags?post=36977"}],"curies":[{"name":"wp","href":"https:\/\/api.w.org\/{rel}","templated":true}]}}