{"id":44223,"date":"2025-04-02T13:33:33","date_gmt":"2025-04-02T12:33:33","guid":{"rendered":"https:\/\/www.mycover-protection.com\/magazin\/come-far-tornare-a-splendere-i-fari-e-il-parabrezza-pulizia-del-parabrezza-della-moto-e-lucidatura-dei-fari\/"},"modified":"2025-07-14T15:10:06","modified_gmt":"2025-07-14T14:10:06","slug":"come-far-tornare-a-splendere-i-fari-e-il-parabrezza-pulizia-del-parabrezza-della-moto-e-lucidatura-dei-fari","status":"publish","type":"post","link":"https:\/\/www.mycover-protection.com\/it\/magazin\/come-far-tornare-a-splendere-i-fari-e-il-parabrezza-pulizia-del-parabrezza-della-moto-e-lucidatura-dei-fari\/","title":{"rendered":"Come far tornare a splendere i fari e il parabrezza: pulizia del parabrezza della moto e lucidatura dei fari"},"content":{"rendered":"\n<div class=\"wp-block-group is-content-intro\"><div class=\"wp-block-group__inner-container is-layout-flow wp-block-group-is-layout-flow\">\n<p>Un campo visivo chiaro e fari ben funzionanti sono essenziali per la sicurezza in moto. Tuttavia, il parabrezza pu\u00f2 sporcarsi con il tempo e i fari possono perdere la loro luminosit\u00e0. In questo articolo scoprirai come pulire il parabrezza della tua moto, a cosa devi prestare attenzione quando ti occupi dei fari e, soprattutto, se \u00e8 consentita la lucidatura dei fari.  <\/p>\n\n\n\n<p>Il <a href=\"https:\/\/www.mycover-protection.com\/it\/chi-siamo\/\" data-type=\"URL\" data-id=\"https:\/\/www.mycover-protection.com\/ueber-uns\/\">team di MYCOVER\u00ae<\/a> chiarisce!  <\/p>\n<\/div><\/div>\n\n<div class=\"wp-block-group is-table-of-contents\"><div class=\"wp-block-group__inner-container is-layout-flow wp-block-group-is-layout-flow\">\n<p class=\"is-table-of-contents__heading\">Indice dei contenuti<\/p>\n\n\n\n<ol class=\"wp-block-list\">\n<li><a href=\"#Warum-Scheinwerfer-nicht-eigenst%C3%A4ndig-poliert-werden-d%C3%BCrfen\">Perch\u00e9 i fari non devono essere lucidati in modo indipendente<\/a><\/li>\n\n\n\n<li><a href=\"#H%C3%A4ufig-gestellte-Fragen-zu-Scheinwerfern\">Domande frequenti sui fari<\/a><\/li>\n\n\n\n<li><a href=\"#Methoden-zur-Motorrad-Scheibenreinigung\">Metodi per la pulizia del parabrezza delle moto<\/a><\/li>\n\n\n\n<li><a href=\"#Alternative-Mittel:-Was-ist-mit-Hausmitteln?\">Rimedi alternativi: e i rimedi casalinghi?<\/a><\/li>\n\n\n\n<li><a href=\"#Zus%C3%A4tzliche-Hinweise-zur-Scheinwerferpflege\">Ulteriori informazioni sulla manutenzione dei fari<\/a><\/li>\n\n\n\n<li><a href=\"#Tipps-f%C3%BCr-stumpfe-oder-blinde-Scheinwerfer\">Suggerimenti per i fari opachi o ciechi<\/a><\/li>\n\n\n\n<li><a href=\"#Polieren-von-Glas--und-Kunststoffscheinwerfern\">Lucidatura dei fari in vetro e plastica<\/a><\/li>\n\n\n\n<li><a href=\"#Fazit:-Strahlender-Glanz-und-klare-Sicht-garantiert\">Conclusione: lucentezza radiosa e visione chiara garantite<\/a><\/li>\n\n\n\n<li><a href=\"#FAQ---H%C3%A4ufige-Fragen-zum-Scheinwerfer-und-Scheibe-reinigen\">FAQ &#8211; Domande frequenti sulla pulizia di fari e parabrezza<\/a><\/li>\n<\/ol>\n<\/div><\/div>\n\n<div style=\"height:100px\" aria-hidden=\"true\" class=\"wp-block-spacer wf-spacer-section\"><\/div>\n\n<h2 class=\"wp-block-heading\" id=\"Warum-Scheinwerfer-nicht-eigenst&#xE4;ndig-poliert-werden-d&#xFC;rfen\">Perch\u00e9 i fari non devono essere lucidati in modo indipendente<\/h2>\n\n<div id=\"mechanisch\" class=\"wp-block-group\"><div class=\"wp-block-group__inner-container is-layout-constrained wp-block-group-is-layout-constrained\">\n<p>La lucidatura dei fari \u00e8 un problema in Germania. La lucidatura dei fari \u00e8 vietata perch\u00e9 pu\u00f2 danneggiare lo strato protettivo delle Coperture. Questo strato protettivo \u00e8 fondamentale per la diffusione della luce e la sicurezza stradale. Senza questo strato, il T\u00dcV pu\u00f2 rifiutare l&#8217;omologazione, poich\u00e9 i fari non lucidati correttamente hanno un effetto negativo sulla distribuzione della luce.   <\/p>\n\n\n\n<p>Invece di farlo da solo, dovresti recarti in un&#8217;officina specializzata. L\u00ec i fari potranno essere puliti, rimessi a nuovo o sostituiti in modo professionale, se necessario. <\/p>\n\n\n\n<div style=\"height:39px\" aria-hidden=\"true\" class=\"wp-block-spacer\"><\/div>\n\n\n\n<div class=\"wp-block-group is-banner__info\"><div class=\"wp-block-group__inner-container is-layout-flow wp-block-group-is-layout-flow\">\n<h3 class=\"wp-block-heading\"><strong>Suggerimento:  <\/strong><\/h3>\n\n\n\n<p>Per proteggere il faro e l&#8217;intera parte anteriore della moto dallo sporco e dagli agenti atmosferici, ti consigliamo di utilizzare un Telo coprimoto.<\/p>\n<\/div><\/div>\n\n\n\n<div style=\"height:46px\" aria-hidden=\"true\" class=\"wp-block-spacer\"><\/div>\n\n\n<div data-align-buttons=\"true\" data-block-name=\"woocommerce\/handpicked-products\" data-content-visibility=\"{&quot;image&quot;:true,&quot;title&quot;:true,&quot;price&quot;:true,&quot;rating&quot;:true,&quot;button&quot;:false}\" data-orderby=\"rating\" data-products=\"[45424,45648,45277]\" class=\"wc-block-grid wp-block-handpicked-products wp-block-woocommerce-handpicked-products wc-block-handpicked-products has-3-columns has-multiple-rows has-aligned-buttons\"><ul class=\"wc-block-grid__products\"><li class=\"wc-block-grid__product\"><span class=\"gtm4wp_productdata\" style=\"display:none; visibility:hidden;\" data-gtm4wp_product_data=\"{&quot;internal_id&quot;:45277,&quot;item_id&quot;:&quot;OC-&quot;,&quot;item_name&quot;:&quot;Telo coprimoto outdoor premium MYCOVER\\u00ae&quot;,&quot;sku&quot;:&quot;OC-&quot;,&quot;price&quot;:144,&quot;stocklevel&quot;:0,&quot;stockstatus&quot;:&quot;onbackorder&quot;,&quot;google_business_vertical&quot;:&quot;retail&quot;,&quot;item_category&quot;:&quot;Coprimoto&quot;,&quot;id&quot;:&quot;OC-&quot;,&quot;productlink&quot;:&quot;https:\\\/\\\/www.mycover-protection.com\\\/it\\\/produkt\\\/mycover-telo-coprimoto-premium-per-esterni\\\/&quot;,&quot;item_list_name&quot;:&quot;General Product List&quot;,&quot;index&quot;:0,&quot;product_type&quot;:&quot;variable&quot;,&quot;item_brand&quot;:&quot;&quot;}\"><\/span>\n\t\t\t\t<a href=\"https:\/\/www.mycover-protection.com\/it\/produkt\/mycover-telo-coprimoto-premium-per-esterni\/\" class=\"wc-block-grid__product-link\">\n\t\t\t\t\t\n\t\t\t\t\t<div class=\"wc-block-grid__product-image\"><img decoding=\"async\" width=\"300\" height=\"300\" src=\"https:\/\/www.mycover-protection.com\/wp-content\/uploads\/2025\/11\/copertura-moto-da-esterno-M-300x300.jpg\" class=\"attachment-woocommerce_thumbnail size-woocommerce_thumbnail\" alt=\"Telo coprimoto Outdoor M+\" srcset=\"https:\/\/www.mycover-protection.com\/wp-content\/uploads\/2025\/11\/copertura-moto-da-esterno-M-300x300.jpg 300w, https:\/\/www.mycover-protection.com\/wp-content\/uploads\/2025\/11\/copertura-moto-da-esterno-M-1024x1024.jpg 1024w, https:\/\/www.mycover-protection.com\/wp-content\/uploads\/2025\/11\/copertura-moto-da-esterno-M-150x150.jpg 150w, https:\/\/www.mycover-protection.com\/wp-content\/uploads\/2025\/11\/copertura-moto-da-esterno-M-768x768.jpg 768w, https:\/\/www.mycover-protection.com\/wp-content\/uploads\/2025\/11\/copertura-moto-da-esterno-M-270x270.jpg 270w, https:\/\/www.mycover-protection.com\/wp-content\/uploads\/2025\/11\/copertura-moto-da-esterno-M-800x800.jpg 800w, https:\/\/www.mycover-protection.com\/wp-content\/uploads\/2025\/11\/copertura-moto-da-esterno-M-200x200.jpg 200w, https:\/\/www.mycover-protection.com\/wp-content\/uploads\/2025\/11\/copertura-moto-da-esterno-M.jpg 1500w\" sizes=\"(max-width: 300px) 100vw, 300px\" \/><\/div>\n\t\t\t\t\t<div class=\"wc-block-grid__product-title\">Telo coprimoto outdoor premium MYCOVER\u00ae<\/div>\n\t\t\t\t<\/a>\n\t\t\t\t<div class=\"wfa-wc-product-star-rating wfa-wc-block-grid__product-stars\" style=\"--fill:0.986;\" role=\"img\" aria-label=\"Valutato 4.93 su 5\"><\/div><div class=\"wc-block-grid__product-price price\"><span class=\"wfa-variable-parent-price-range wfa-variable-parent-price-range--regular\"><del><span class=\"woocommerce-Price-amount amount\" aria-hidden=\"true\">159,00<span class=\"woocommerce-Price-currencySymbol\">&euro;<\/span><\/span> <span aria-hidden=\"true\">&#8211;<\/span> <span class=\"woocommerce-Price-amount amount\" aria-hidden=\"true\">279,00<span class=\"woocommerce-Price-currencySymbol\">&euro;<\/span><\/span><span class=\"screen-reader-text\">Fascia di prezzo: da 159,00&euro; a 279,00&euro;<\/span><\/del><\/span><span class=\"wfa-variable-parent-price-range wfa-variable-parent-price-range--sale\"><ins><span class=\"woocommerce-Price-amount amount\" aria-hidden=\"true\">144,00<span class=\"woocommerce-Price-currencySymbol\">&euro;<\/span><\/span> <span aria-hidden=\"true\">&#8211;<\/span> <span class=\"woocommerce-Price-amount amount\" aria-hidden=\"true\">264,00<span class=\"woocommerce-Price-currencySymbol\">&euro;<\/span><\/span><span class=\"screen-reader-text\">Fascia di prezzo: da 144,00&euro; a 264,00&euro;<\/span><\/ins><\/span><\/div><div class=\"wfa-wc-block-grid__product-badge-list\" aria-label=\"Caratteristiche speciali\"><p class=\"wfa-wc-block-grid__product-badge\">\ud83c\udfc6 Bestseller<\/p><p class=\"wfa-wc-block-grid__product-badge\">\ud83d\udd25 Risparmia 15&euro; ora!<\/p><p class=\"wfa-wc-block-grid__product-badge\">\u2728 16 Dimensioni<\/p><\/div>\n\t\t\t\t\n\t\t\t\t\n\t\t\t<\/li><li class=\"wc-block-grid__product\"><span class=\"gtm4wp_productdata\" style=\"display:none; visibility:hidden;\" data-gtm4wp_product_data=\"{&quot;internal_id&quot;:45648,&quot;item_id&quot;:&quot;OC-C-&quot;,&quot;item_name&quot;:&quot;MYCOVER\\u00ae Telo Premium Chopper Outdoor&quot;,&quot;sku&quot;:&quot;OC-C-&quot;,&quot;price&quot;:174,&quot;stocklevel&quot;:0,&quot;stockstatus&quot;:&quot;onbackorder&quot;,&quot;google_business_vertical&quot;:&quot;retail&quot;,&quot;item_category&quot;:&quot;Coprimoto&quot;,&quot;id&quot;:&quot;OC-C-&quot;,&quot;productlink&quot;:&quot;https:\\\/\\\/www.mycover-protection.com\\\/it\\\/produkt\\\/mycover-telo-per-chopper-da-esterno-di-qualita-superiore\\\/&quot;,&quot;item_list_name&quot;:&quot;General Product List&quot;,&quot;index&quot;:0,&quot;product_type&quot;:&quot;variable&quot;,&quot;item_brand&quot;:&quot;&quot;}\"><\/span>\n\t\t\t\t<a href=\"https:\/\/www.mycover-protection.com\/it\/produkt\/mycover-telo-per-chopper-da-esterno-di-qualita-superiore\/\" class=\"wc-block-grid__product-link\">\n\t\t\t\t\t\n\t\t\t\t\t<div class=\"wc-block-grid__product-image\"><img decoding=\"async\" width=\"300\" height=\"300\" src=\"https:\/\/www.mycover-protection.com\/wp-content\/uploads\/2025\/04\/telo-copri-moto-custom_C-L-2-300x300.jpg\" class=\"attachment-woocommerce_thumbnail size-woocommerce_thumbnail\" alt=\"Telo outdoor per Chopper C-L++\" srcset=\"https:\/\/www.mycover-protection.com\/wp-content\/uploads\/2025\/04\/telo-copri-moto-custom_C-L-2-300x300.jpg 300w, https:\/\/www.mycover-protection.com\/wp-content\/uploads\/2025\/04\/telo-copri-moto-custom_C-L-2-1024x1024.jpg 1024w, https:\/\/www.mycover-protection.com\/wp-content\/uploads\/2025\/04\/telo-copri-moto-custom_C-L-2-150x150.jpg 150w, https:\/\/www.mycover-protection.com\/wp-content\/uploads\/2025\/04\/telo-copri-moto-custom_C-L-2-768x768.jpg 768w, https:\/\/www.mycover-protection.com\/wp-content\/uploads\/2025\/04\/telo-copri-moto-custom_C-L-2-270x270.jpg 270w, https:\/\/www.mycover-protection.com\/wp-content\/uploads\/2025\/04\/telo-copri-moto-custom_C-L-2-800x800.jpg 800w, https:\/\/www.mycover-protection.com\/wp-content\/uploads\/2025\/04\/telo-copri-moto-custom_C-L-2-200x200.jpg 200w, https:\/\/www.mycover-protection.com\/wp-content\/uploads\/2025\/04\/telo-copri-moto-custom_C-L-2.jpg 1500w\" sizes=\"(max-width: 300px) 100vw, 300px\" \/><\/div>\n\t\t\t\t\t<div class=\"wc-block-grid__product-title\">MYCOVER\u00ae Telo Premium Chopper Outdoor<\/div>\n\t\t\t\t<\/a>\n\t\t\t\t<div class=\"wfa-wc-product-star-rating wfa-wc-block-grid__product-stars\" style=\"--fill:0.962;\" role=\"img\" aria-label=\"Valutato 4.81 su 5\"><\/div><div class=\"wc-block-grid__product-price price\"><span class=\"wfa-variable-parent-price-range wfa-variable-parent-price-range--regular\"><del><span class=\"woocommerce-Price-amount amount\" aria-hidden=\"true\">189,00<span class=\"woocommerce-Price-currencySymbol\">&euro;<\/span><\/span> <span aria-hidden=\"true\">&#8211;<\/span> <span class=\"woocommerce-Price-amount amount\" aria-hidden=\"true\">249,00<span class=\"woocommerce-Price-currencySymbol\">&euro;<\/span><\/span><span class=\"screen-reader-text\">Fascia di prezzo: da 189,00&euro; a 249,00&euro;<\/span><\/del><\/span><span class=\"wfa-variable-parent-price-range wfa-variable-parent-price-range--sale\"><ins><span class=\"woocommerce-Price-amount amount\" aria-hidden=\"true\">174,00<span class=\"woocommerce-Price-currencySymbol\">&euro;<\/span><\/span> <span aria-hidden=\"true\">&#8211;<\/span> <span class=\"woocommerce-Price-amount amount\" aria-hidden=\"true\">234,00<span class=\"woocommerce-Price-currencySymbol\">&euro;<\/span><\/span><span class=\"screen-reader-text\">Fascia di prezzo: da 174,00&euro; a 234,00&euro;<\/span><\/ins><\/span><\/div><div class=\"wfa-wc-block-grid__product-badge-list\" aria-label=\"Caratteristiche speciali\"><p class=\"wfa-wc-block-grid__product-badge\">\ud83c\udfc6 Bestseller<\/p><p class=\"wfa-wc-block-grid__product-badge\">\ud83d\udd25 Risparmia 15&euro; ora!<\/p><p class=\"wfa-wc-block-grid__product-badge\">\u2728 8 Dimensioni<\/p><\/div>\n\t\t\t\t\n\t\t\t\t\n\t\t\t<\/li><li class=\"wc-block-grid__product\"><span class=\"gtm4wp_productdata\" style=\"display:none; visibility:hidden;\" data-gtm4wp_product_data=\"{&quot;internal_id&quot;:45424,&quot;item_id&quot;:&quot;IC-&quot;,&quot;item_name&quot;:&quot;MYCOVER\\u00ae Telo coprimoto da interno di qualit\\u00e0 superiore&quot;,&quot;sku&quot;:&quot;IC-&quot;,&quot;price&quot;:109,&quot;stocklevel&quot;:0,&quot;stockstatus&quot;:&quot;outofstock&quot;,&quot;google_business_vertical&quot;:&quot;retail&quot;,&quot;item_category&quot;:&quot;Coprimoto&quot;,&quot;id&quot;:&quot;IC-&quot;,&quot;productlink&quot;:&quot;https:\\\/\\\/www.mycover-protection.com\\\/it\\\/produkt\\\/mycover-telo-coprimoto-da-interno-di-qualita-superiore\\\/&quot;,&quot;item_list_name&quot;:&quot;General Product List&quot;,&quot;index&quot;:0,&quot;product_type&quot;:&quot;variable&quot;,&quot;item_brand&quot;:&quot;&quot;}\"><\/span>\n\t\t\t\t<a href=\"https:\/\/www.mycover-protection.com\/it\/produkt\/mycover-telo-coprimoto-da-interno-di-qualita-superiore\/\" class=\"wc-block-grid__product-link\">\n\t\t\t\t\t\n\t\t\t\t\t<div class=\"wc-block-grid__product-image\"><img decoding=\"async\" width=\"300\" height=\"300\" src=\"https:\/\/www.mycover-protection.com\/wp-content\/uploads\/2022\/07\/Motorrrad-Abdeckplane-Indoor-Stoff-300x300.png\" class=\"attachment-woocommerce_thumbnail size-woocommerce_thumbnail\" alt=\"Telo coprimoto Indoor soft\" srcset=\"https:\/\/www.mycover-protection.com\/wp-content\/uploads\/2022\/07\/Motorrrad-Abdeckplane-Indoor-Stoff-300x300.png 300w, https:\/\/www.mycover-protection.com\/wp-content\/uploads\/2022\/07\/Motorrrad-Abdeckplane-Indoor-Stoff-150x150.png 150w, https:\/\/www.mycover-protection.com\/wp-content\/uploads\/2022\/07\/Motorrrad-Abdeckplane-Indoor-Stoff-768x768.png 768w, https:\/\/www.mycover-protection.com\/wp-content\/uploads\/2022\/07\/Motorrrad-Abdeckplane-Indoor-Stoff-270x270.png 270w, https:\/\/www.mycover-protection.com\/wp-content\/uploads\/2022\/07\/Motorrrad-Abdeckplane-Indoor-Stoff-200x200.png 200w, https:\/\/www.mycover-protection.com\/wp-content\/uploads\/2022\/07\/Motorrrad-Abdeckplane-Indoor-Stoff.png 800w\" sizes=\"(max-width: 300px) 100vw, 300px\" \/><\/div>\n\t\t\t\t\t<div class=\"wc-block-grid__product-title\">MYCOVER\u00ae Telo coprimoto da interno di qualit\u00e0 superiore<\/div>\n\t\t\t\t<\/a>\n\t\t\t\t<div class=\"wfa-wc-product-star-rating wfa-wc-block-grid__product-stars\" style=\"--fill:0.96;\" role=\"img\" aria-label=\"Valutato 4.8 su 5\"><\/div><div class=\"wc-block-grid__product-price price\"><span class=\"woocommerce-Price-amount amount\" aria-hidden=\"true\">109,00<span class=\"woocommerce-Price-currencySymbol\">&euro;<\/span><\/span> <span aria-hidden=\"true\">&#8211;<\/span> <span class=\"woocommerce-Price-amount amount\" aria-hidden=\"true\">129,00<span class=\"woocommerce-Price-currencySymbol\">&euro;<\/span><\/span><span class=\"screen-reader-text\">Fascia di prezzo: da 109,00&euro; a 129,00&euro;<\/span><\/div><div class=\"wfa-wc-block-grid__product-badge-list\" aria-label=\"Caratteristiche speciali\"><p class=\"wfa-wc-block-grid__product-badge\">\ud83c\udfc6 Bestseller<\/p><p class=\"wfa-wc-block-grid__product-badge\">\u2728 4 Dimensioni<\/p><\/div>\n\t\t\t\t\n\t\t\t\t\n\t\t\t<\/li><\/ul><\/div><\/div><\/div>\n\n<div style=\"height:100px\" aria-hidden=\"true\" class=\"wp-block-spacer wf-spacer-section\"><\/div>\n\n<h2 class=\"wp-block-heading\" id=\"H&#xE4;ufig-gestellte-Fragen-zu-Scheinwerfern\">Domande frequenti sui fari<\/h2>\n\n<h3 class=\"wp-block-heading\"><strong>I fari possono essere lucidati?<\/strong><\/h3>\n\n<p>La lucidatura dei fari pu\u00f2 essere effettuata in officina, in quanto vengono rispettate le norme in materia. La lucidatura indipendente, invece, pu\u00f2 causare problemi legali e di sicurezza. Si possono lucidare i fari? La risposta \u00e8: solo in determinate condizioni e non necessariamente in modo indipendente, per evitare danni o conseguenze legali. Quindi non lucidare i fari con il WD40.    <\/p>\n\n<div style=\"height:41px\" aria-hidden=\"true\" class=\"wp-block-spacer\"><\/div>\n\n<h3 class=\"wp-block-heading\"><strong>Perch\u00e9 \u00e8 vietato lucidare i fari?<\/strong><\/h3>\n\n<p>La lucidatura indipendente modifica le propriet\u00e0 fotometriche e danneggia il rivestimento protettivo, il che pu\u00f2 portare a conseguenze legali. Perch\u00e9 non \u00e8 consentito lucidare i fari? Perch\u00e9 \u00e8 considerata una modifica strutturale non autorizzata, che non solo invalida la licenza di esercizio, ma pu\u00f2 anche compromettere la sicurezza stradale.  <\/p>\n\n<div style=\"height:41px\" aria-hidden=\"true\" class=\"wp-block-spacer\"><\/div>\n\n<h3 class=\"wp-block-heading\"><strong>Quanto costa un workshop di lucidatura dei fari?<\/strong><\/h3>\n\n<p>I costi della lucidatura dei fari variano a seconda del fornitore. La lucidatura dei fari in officina costa un po&#8217; di pi\u00f9, ma \u00e8 essenziale per superare nuovamente l&#8217;omologazione la prossima volta. Se hai bisogno di ulteriori informazioni, digita &#8220;lucidatura fari MOT&#8221; su Internet. Le officine come ATU offrono il ricondizionamento a un prezzo compreso tra i 50 e i 150 euro. La lucidatura dei fari presso ATU \u00e8 una scelta comune per i motociclisti.    <\/p>\n\n<div style=\"height:52px\" aria-hidden=\"true\" class=\"wp-block-spacer\"><\/div>\n<div class=\"wp-block-image\">\n<figure class=\"aligncenter size-full is-resized\"><img decoding=\"async\" width=\"1536\" height=\"1024\" src=\"https:\/\/www.mycover-protection.com\/wp-content\/uploads\/2025\/01\/Motorrad_Scheibe_reinigen_Scheinwerfer_polieren.png\" alt=\"Motociclista su una strada di campagna, ripreso frontalmente, in sella dopo aver pulito il parabrezza e lucidato i fari.\" class=\"wp-image-54768\" style=\"width:800px\" srcset=\"https:\/\/www.mycover-protection.com\/wp-content\/uploads\/2025\/01\/Motorrad_Scheibe_reinigen_Scheinwerfer_polieren.png 1536w, https:\/\/www.mycover-protection.com\/wp-content\/uploads\/2025\/01\/Motorrad_Scheibe_reinigen_Scheinwerfer_polieren-300x200.png 300w, https:\/\/www.mycover-protection.com\/wp-content\/uploads\/2025\/01\/Motorrad_Scheibe_reinigen_Scheinwerfer_polieren-1024x683.png 1024w, https:\/\/www.mycover-protection.com\/wp-content\/uploads\/2025\/01\/Motorrad_Scheibe_reinigen_Scheinwerfer_polieren-768x512.png 768w, https:\/\/www.mycover-protection.com\/wp-content\/uploads\/2025\/01\/Motorrad_Scheibe_reinigen_Scheinwerfer_polieren-400x267.png 400w, https:\/\/www.mycover-protection.com\/wp-content\/uploads\/2025\/01\/Motorrad_Scheibe_reinigen_Scheinwerfer_polieren-800x533.png 800w\" sizes=\"(max-width: 1536px) 100vw, 1536px\" \/><figcaption class=\"wp-element-caption\">Questa immagine \u00e8 stata generata con AI<\/figcaption><\/figure>\n<\/div>\n<div style=\"height:30px\" aria-hidden=\"true\" class=\"wp-block-spacer\"><\/div>\n\n<h2 class=\"wp-block-heading\" id=\"Methoden-zur-Motorrad-Scheibenreinigung\">Metodi per la pulizia del parabrezza delle moto<\/h2>\n\n<div id=\"versicherung\" class=\"wp-block-group\"><div class=\"wp-block-group__inner-container is-layout-constrained wp-block-group-is-layout-constrained\">\n<p>La lucidatura del parabrezza della moto \u00e8 una parte essenziale della manutenzione. Un parabrezza chiaro migliora la visibilit\u00e0 e aumenta la sicurezza. Ecco alcuni metodi efficaci:  <\/p>\n\n\n\n<ul class=\"wp-block-list\">\n<li><strong>Pulisci con un detergente delicato:<\/strong> Usa acqua calda e un detergente delicato per rimuovere lo sporco e la polvere. In questo modo la pulizia del parabrezza della moto sar\u00e0 rapida ed efficace. <\/li>\n\n\n\n<li><strong>Lucidatura:<\/strong> Per i graffi leggeri, puoi utilizzare dei lucidanti speciali per plexiglas o plastica. Il polish per parabrezza moto fornisce ulteriore lucentezza e migliora la visibilit\u00e0. Se non sei sicuro, un&#8217;officina di lucidatura del parabrezza pu\u00f2 fornirti un supporto professionale.  <\/li>\n\n\n\n<li><strong>Protezione aggiuntiva:<\/strong> con un Telo coprimoto di alta qualit\u00e0, il parabrezza rimane libero da macchie di sporco e pioggia, soprattutto se la moto non viene utilizzata per un lungo periodo di tempo. Quando scegli il tuo Telo, assicurati di controllare le informazioni aggiuntive: &#8220;Conversioni: parabrezza&#8221; per assicurarti di avere la misura giusta. <\/li>\n<\/ul>\n\n\n\n<div id=\"mechanisch\" class=\"wp-block-group\"><div class=\"wp-block-group__inner-container is-layout-constrained wp-block-group-is-layout-constrained\"><div data-align-buttons=\"true\" data-block-name=\"woocommerce\/handpicked-products\" data-content-visibility=\"{&quot;image&quot;:true,&quot;title&quot;:true,&quot;price&quot;:true,&quot;rating&quot;:true,&quot;button&quot;:false}\" data-orderby=\"rating\" data-products=\"[45424,45648,45277]\" class=\"wc-block-grid wp-block-handpicked-products wp-block-woocommerce-handpicked-products wc-block-handpicked-products has-3-columns has-multiple-rows has-aligned-buttons\"><ul class=\"wc-block-grid__products\"><li class=\"wc-block-grid__product\"><span class=\"gtm4wp_productdata\" style=\"display:none; visibility:hidden;\" data-gtm4wp_product_data=\"{&quot;internal_id&quot;:45277,&quot;item_id&quot;:&quot;OC-&quot;,&quot;item_name&quot;:&quot;Telo coprimoto outdoor premium MYCOVER\\u00ae&quot;,&quot;sku&quot;:&quot;OC-&quot;,&quot;price&quot;:144,&quot;stocklevel&quot;:0,&quot;stockstatus&quot;:&quot;onbackorder&quot;,&quot;google_business_vertical&quot;:&quot;retail&quot;,&quot;item_category&quot;:&quot;Coprimoto&quot;,&quot;id&quot;:&quot;OC-&quot;,&quot;productlink&quot;:&quot;https:\\\/\\\/www.mycover-protection.com\\\/it\\\/produkt\\\/mycover-telo-coprimoto-premium-per-esterni\\\/&quot;,&quot;item_list_name&quot;:&quot;General Product List&quot;,&quot;index&quot;:0,&quot;product_type&quot;:&quot;variable&quot;,&quot;item_brand&quot;:&quot;&quot;}\"><\/span>\n\t\t\t\t<a href=\"https:\/\/www.mycover-protection.com\/it\/produkt\/mycover-telo-coprimoto-premium-per-esterni\/\" class=\"wc-block-grid__product-link\">\n\t\t\t\t\t\n\t\t\t\t\t<div class=\"wc-block-grid__product-image\"><img decoding=\"async\" width=\"300\" height=\"300\" src=\"https:\/\/www.mycover-protection.com\/wp-content\/uploads\/2025\/11\/copertura-moto-da-esterno-M-300x300.jpg\" class=\"attachment-woocommerce_thumbnail size-woocommerce_thumbnail\" alt=\"Telo coprimoto Outdoor M+\" srcset=\"https:\/\/www.mycover-protection.com\/wp-content\/uploads\/2025\/11\/copertura-moto-da-esterno-M-300x300.jpg 300w, https:\/\/www.mycover-protection.com\/wp-content\/uploads\/2025\/11\/copertura-moto-da-esterno-M-1024x1024.jpg 1024w, https:\/\/www.mycover-protection.com\/wp-content\/uploads\/2025\/11\/copertura-moto-da-esterno-M-150x150.jpg 150w, https:\/\/www.mycover-protection.com\/wp-content\/uploads\/2025\/11\/copertura-moto-da-esterno-M-768x768.jpg 768w, https:\/\/www.mycover-protection.com\/wp-content\/uploads\/2025\/11\/copertura-moto-da-esterno-M-270x270.jpg 270w, https:\/\/www.mycover-protection.com\/wp-content\/uploads\/2025\/11\/copertura-moto-da-esterno-M-800x800.jpg 800w, https:\/\/www.mycover-protection.com\/wp-content\/uploads\/2025\/11\/copertura-moto-da-esterno-M-200x200.jpg 200w, https:\/\/www.mycover-protection.com\/wp-content\/uploads\/2025\/11\/copertura-moto-da-esterno-M.jpg 1500w\" sizes=\"(max-width: 300px) 100vw, 300px\" \/><\/div>\n\t\t\t\t\t<div class=\"wc-block-grid__product-title\">Telo coprimoto outdoor premium MYCOVER\u00ae<\/div>\n\t\t\t\t<\/a>\n\t\t\t\t<div class=\"wfa-wc-product-star-rating wfa-wc-block-grid__product-stars\" style=\"--fill:0.986;\" role=\"img\" aria-label=\"Valutato 4.93 su 5\"><\/div><div class=\"wc-block-grid__product-price price\"><span class=\"wfa-variable-parent-price-range wfa-variable-parent-price-range--regular\"><del><span class=\"woocommerce-Price-amount amount\" aria-hidden=\"true\">159,00<span class=\"woocommerce-Price-currencySymbol\">&euro;<\/span><\/span> <span aria-hidden=\"true\">&#8211;<\/span> <span class=\"woocommerce-Price-amount amount\" aria-hidden=\"true\">279,00<span class=\"woocommerce-Price-currencySymbol\">&euro;<\/span><\/span><span class=\"screen-reader-text\">Fascia di prezzo: da 159,00&euro; a 279,00&euro;<\/span><\/del><\/span><span class=\"wfa-variable-parent-price-range wfa-variable-parent-price-range--sale\"><ins><span class=\"woocommerce-Price-amount amount\" aria-hidden=\"true\">144,00<span class=\"woocommerce-Price-currencySymbol\">&euro;<\/span><\/span> <span aria-hidden=\"true\">&#8211;<\/span> <span class=\"woocommerce-Price-amount amount\" aria-hidden=\"true\">264,00<span class=\"woocommerce-Price-currencySymbol\">&euro;<\/span><\/span><span class=\"screen-reader-text\">Fascia di prezzo: da 144,00&euro; a 264,00&euro;<\/span><\/ins><\/span><\/div><div class=\"wfa-wc-block-grid__product-badge-list\" aria-label=\"Caratteristiche speciali\"><p class=\"wfa-wc-block-grid__product-badge\">\ud83c\udfc6 Bestseller<\/p><p class=\"wfa-wc-block-grid__product-badge\">\ud83d\udd25 Risparmia 15&euro; ora!<\/p><p class=\"wfa-wc-block-grid__product-badge\">\u2728 16 Dimensioni<\/p><\/div>\n\t\t\t\t\n\t\t\t\t\n\t\t\t<\/li><li class=\"wc-block-grid__product\"><span class=\"gtm4wp_productdata\" style=\"display:none; visibility:hidden;\" data-gtm4wp_product_data=\"{&quot;internal_id&quot;:45648,&quot;item_id&quot;:&quot;OC-C-&quot;,&quot;item_name&quot;:&quot;MYCOVER\\u00ae Telo Premium Chopper Outdoor&quot;,&quot;sku&quot;:&quot;OC-C-&quot;,&quot;price&quot;:174,&quot;stocklevel&quot;:0,&quot;stockstatus&quot;:&quot;onbackorder&quot;,&quot;google_business_vertical&quot;:&quot;retail&quot;,&quot;item_category&quot;:&quot;Coprimoto&quot;,&quot;id&quot;:&quot;OC-C-&quot;,&quot;productlink&quot;:&quot;https:\\\/\\\/www.mycover-protection.com\\\/it\\\/produkt\\\/mycover-telo-per-chopper-da-esterno-di-qualita-superiore\\\/&quot;,&quot;item_list_name&quot;:&quot;General Product List&quot;,&quot;index&quot;:0,&quot;product_type&quot;:&quot;variable&quot;,&quot;item_brand&quot;:&quot;&quot;}\"><\/span>\n\t\t\t\t<a href=\"https:\/\/www.mycover-protection.com\/it\/produkt\/mycover-telo-per-chopper-da-esterno-di-qualita-superiore\/\" class=\"wc-block-grid__product-link\">\n\t\t\t\t\t\n\t\t\t\t\t<div class=\"wc-block-grid__product-image\"><img decoding=\"async\" width=\"300\" height=\"300\" src=\"https:\/\/www.mycover-protection.com\/wp-content\/uploads\/2025\/04\/telo-copri-moto-custom_C-L-2-300x300.jpg\" class=\"attachment-woocommerce_thumbnail size-woocommerce_thumbnail\" alt=\"Telo outdoor per Chopper C-L++\" srcset=\"https:\/\/www.mycover-protection.com\/wp-content\/uploads\/2025\/04\/telo-copri-moto-custom_C-L-2-300x300.jpg 300w, https:\/\/www.mycover-protection.com\/wp-content\/uploads\/2025\/04\/telo-copri-moto-custom_C-L-2-1024x1024.jpg 1024w, https:\/\/www.mycover-protection.com\/wp-content\/uploads\/2025\/04\/telo-copri-moto-custom_C-L-2-150x150.jpg 150w, https:\/\/www.mycover-protection.com\/wp-content\/uploads\/2025\/04\/telo-copri-moto-custom_C-L-2-768x768.jpg 768w, https:\/\/www.mycover-protection.com\/wp-content\/uploads\/2025\/04\/telo-copri-moto-custom_C-L-2-270x270.jpg 270w, https:\/\/www.mycover-protection.com\/wp-content\/uploads\/2025\/04\/telo-copri-moto-custom_C-L-2-800x800.jpg 800w, https:\/\/www.mycover-protection.com\/wp-content\/uploads\/2025\/04\/telo-copri-moto-custom_C-L-2-200x200.jpg 200w, https:\/\/www.mycover-protection.com\/wp-content\/uploads\/2025\/04\/telo-copri-moto-custom_C-L-2.jpg 1500w\" sizes=\"(max-width: 300px) 100vw, 300px\" \/><\/div>\n\t\t\t\t\t<div class=\"wc-block-grid__product-title\">MYCOVER\u00ae Telo Premium Chopper Outdoor<\/div>\n\t\t\t\t<\/a>\n\t\t\t\t<div class=\"wfa-wc-product-star-rating wfa-wc-block-grid__product-stars\" style=\"--fill:0.962;\" role=\"img\" aria-label=\"Valutato 4.81 su 5\"><\/div><div class=\"wc-block-grid__product-price price\"><span class=\"wfa-variable-parent-price-range wfa-variable-parent-price-range--regular\"><del><span class=\"woocommerce-Price-amount amount\" aria-hidden=\"true\">189,00<span class=\"woocommerce-Price-currencySymbol\">&euro;<\/span><\/span> <span aria-hidden=\"true\">&#8211;<\/span> <span class=\"woocommerce-Price-amount amount\" aria-hidden=\"true\">249,00<span class=\"woocommerce-Price-currencySymbol\">&euro;<\/span><\/span><span class=\"screen-reader-text\">Fascia di prezzo: da 189,00&euro; a 249,00&euro;<\/span><\/del><\/span><span class=\"wfa-variable-parent-price-range wfa-variable-parent-price-range--sale\"><ins><span class=\"woocommerce-Price-amount amount\" aria-hidden=\"true\">174,00<span class=\"woocommerce-Price-currencySymbol\">&euro;<\/span><\/span> <span aria-hidden=\"true\">&#8211;<\/span> <span class=\"woocommerce-Price-amount amount\" aria-hidden=\"true\">234,00<span class=\"woocommerce-Price-currencySymbol\">&euro;<\/span><\/span><span class=\"screen-reader-text\">Fascia di prezzo: da 174,00&euro; a 234,00&euro;<\/span><\/ins><\/span><\/div><div class=\"wfa-wc-block-grid__product-badge-list\" aria-label=\"Caratteristiche speciali\"><p class=\"wfa-wc-block-grid__product-badge\">\ud83c\udfc6 Bestseller<\/p><p class=\"wfa-wc-block-grid__product-badge\">\ud83d\udd25 Risparmia 15&euro; ora!<\/p><p class=\"wfa-wc-block-grid__product-badge\">\u2728 8 Dimensioni<\/p><\/div>\n\t\t\t\t\n\t\t\t\t\n\t\t\t<\/li><li class=\"wc-block-grid__product\"><span class=\"gtm4wp_productdata\" style=\"display:none; visibility:hidden;\" data-gtm4wp_product_data=\"{&quot;internal_id&quot;:45424,&quot;item_id&quot;:&quot;IC-&quot;,&quot;item_name&quot;:&quot;MYCOVER\\u00ae Telo coprimoto da interno di qualit\\u00e0 superiore&quot;,&quot;sku&quot;:&quot;IC-&quot;,&quot;price&quot;:109,&quot;stocklevel&quot;:0,&quot;stockstatus&quot;:&quot;outofstock&quot;,&quot;google_business_vertical&quot;:&quot;retail&quot;,&quot;item_category&quot;:&quot;Coprimoto&quot;,&quot;id&quot;:&quot;IC-&quot;,&quot;productlink&quot;:&quot;https:\\\/\\\/www.mycover-protection.com\\\/it\\\/produkt\\\/mycover-telo-coprimoto-da-interno-di-qualita-superiore\\\/&quot;,&quot;item_list_name&quot;:&quot;General Product List&quot;,&quot;index&quot;:0,&quot;product_type&quot;:&quot;variable&quot;,&quot;item_brand&quot;:&quot;&quot;}\"><\/span>\n\t\t\t\t<a href=\"https:\/\/www.mycover-protection.com\/it\/produkt\/mycover-telo-coprimoto-da-interno-di-qualita-superiore\/\" class=\"wc-block-grid__product-link\">\n\t\t\t\t\t\n\t\t\t\t\t<div class=\"wc-block-grid__product-image\"><img decoding=\"async\" width=\"300\" height=\"300\" src=\"https:\/\/www.mycover-protection.com\/wp-content\/uploads\/2022\/07\/Motorrrad-Abdeckplane-Indoor-Stoff-300x300.png\" class=\"attachment-woocommerce_thumbnail size-woocommerce_thumbnail\" alt=\"Telo coprimoto Indoor soft\" srcset=\"https:\/\/www.mycover-protection.com\/wp-content\/uploads\/2022\/07\/Motorrrad-Abdeckplane-Indoor-Stoff-300x300.png 300w, https:\/\/www.mycover-protection.com\/wp-content\/uploads\/2022\/07\/Motorrrad-Abdeckplane-Indoor-Stoff-150x150.png 150w, https:\/\/www.mycover-protection.com\/wp-content\/uploads\/2022\/07\/Motorrrad-Abdeckplane-Indoor-Stoff-768x768.png 768w, https:\/\/www.mycover-protection.com\/wp-content\/uploads\/2022\/07\/Motorrrad-Abdeckplane-Indoor-Stoff-270x270.png 270w, https:\/\/www.mycover-protection.com\/wp-content\/uploads\/2022\/07\/Motorrrad-Abdeckplane-Indoor-Stoff-200x200.png 200w, https:\/\/www.mycover-protection.com\/wp-content\/uploads\/2022\/07\/Motorrrad-Abdeckplane-Indoor-Stoff.png 800w\" sizes=\"(max-width: 300px) 100vw, 300px\" \/><\/div>\n\t\t\t\t\t<div class=\"wc-block-grid__product-title\">MYCOVER\u00ae Telo coprimoto da interno di qualit\u00e0 superiore<\/div>\n\t\t\t\t<\/a>\n\t\t\t\t<div class=\"wfa-wc-product-star-rating wfa-wc-block-grid__product-stars\" style=\"--fill:0.96;\" role=\"img\" aria-label=\"Valutato 4.8 su 5\"><\/div><div class=\"wc-block-grid__product-price price\"><span class=\"woocommerce-Price-amount amount\" aria-hidden=\"true\">109,00<span class=\"woocommerce-Price-currencySymbol\">&euro;<\/span><\/span> <span aria-hidden=\"true\">&#8211;<\/span> <span class=\"woocommerce-Price-amount amount\" aria-hidden=\"true\">129,00<span class=\"woocommerce-Price-currencySymbol\">&euro;<\/span><\/span><span class=\"screen-reader-text\">Fascia di prezzo: da 109,00&euro; a 129,00&euro;<\/span><\/div><div class=\"wfa-wc-block-grid__product-badge-list\" aria-label=\"Caratteristiche speciali\"><p class=\"wfa-wc-block-grid__product-badge\">\ud83c\udfc6 Bestseller<\/p><p class=\"wfa-wc-block-grid__product-badge\">\u2728 4 Dimensioni<\/p><\/div>\n\t\t\t\t\n\t\t\t\t\n\t\t\t<\/li><\/ul><\/div><\/div><\/div>\n<\/div><\/div>\n\n<div style=\"height:100px\" aria-hidden=\"true\" class=\"wp-block-spacer\"><\/div>\n\n<h2 class=\"wp-block-heading\" id=\"Alternative-Mittel:-Was-ist-mit-Hausmitteln?\">Rimedi alternativi: e i rimedi casalinghi?<\/h2>\n\n<p>Anche se non \u00e8 consigliabile lucidare i fari da soli, molte persone sono interessate all&#8217;argomento dei rimedi casalinghi per la lucidatura dei fari. Spesso si tratta di rimedi casalinghi come: <\/p>\n\n<ul class=\"wp-block-list\">\n<li><strong>Lucidare i fari Dentifricio: il<\/strong> dentifricio \u00e8 spesso citato come rimedio casalingo, in quanto \u00e8 un abrasivo delicato che pu\u00f2 rimuovere piccoli depositi. Tuttavia, pu\u00f2 danneggiare il rivestimento protettivo e deve essere usato con parsimonia. Si possono lucidare i fari con il dentifricio? &#8211; S\u00ec, ma come spiegato in precedenza, questo metodo deve essere usato con cautela.   <\/li>\n\n\n\n<li><strong>Lucidare i fari Limone Bicarbonato di sodio:<\/strong> questa combinazione \u00e8 un <strong>rimedio casalingo<\/strong> molto diffuso per trattare l&#8217;ingiallimento della luce. Tuttavia, pu\u00f2 aggredire la superficie e quindi va usata con cautela. <\/li>\n\n\n\n<li><strong>Lucidare i fari con cola o limone:<\/strong> questi agenti altamente acidi sono adatti solo per risultati a breve termine e possono causare danni duraturi alla superficie protettiva.<\/li>\n\n\n\n<li><strong>Lucidare i fari Latte detergente:<\/strong> questo prodotto non \u00e8 consigliato a causa delle sue propriet\u00e0 aggressive, in quanto pu\u00f2 danneggiare in modo permanente la superficie.<\/li>\n\n\n\n<li><strong>Lucidare i fari opachi Rimedi casalinghi: I<\/strong> rimedi casalinghi come l&#8217;aceto o il dentifricio possono essere utili in caso di sporco leggero, ma non offrono una soluzione duratura.<\/li>\n\n\n\n<li><strong>Lucidare i fari ciechi Rimedi casalinghi: I<\/strong> rimedi casalinghi spesso non sono sufficienti per i fari fortemente annebbiati; in questo caso la scelta migliore \u00e8 quella di ricorrere a lucidature professionali o a visite in officina.<\/li>\n\n\n\n<li><strong>Rimedi casalinghi per lucidare i fari:<\/strong> In generale, i rimedi casalinghi dovrebbero essere utilizzati solo come soluzione di emergenza, in quanto possono danneggiare la superficie pi\u00f9 rapidamente rispetto ai prodotti appositamente sviluppati.<\/li>\n\n\n\n<li><strong>Lucidante per fari Sonax:<\/strong> Sonax offre prodotti speciali ideali per lucidare i fari delle moto. Con un polish sviluppato per questo scopo, \u00e8 possibile rimuovere i graffi e rendere la superficie nuovamente chiara e lucida, migliorando non solo l&#8217;aspetto ma anche le prestazioni luminose. Prodotti come Sonax offrono un&#8217;alternativa pi\u00f9 sicura ed efficace ai rimedi casalinghi perch\u00e9 sono stati sviluppati appositamente per la cura dei fari.  <\/li>\n<\/ul>\n\n<p>Se i fari sono opachi o ingialliti, dovresti invece farli ricondizionare professionalmente in officina.<\/p>\n\n<div class=\"wp-block-columns alignwide are-vertically-aligned-center is-layout-flex wp-container-core-columns-is-layout-9d6595d7 wp-block-columns-is-layout-flex\">\n<div class=\"wp-block-column is-layout-flow wp-block-column-is-layout-flow\">\n<div style=\"height:100px\" aria-hidden=\"true\" class=\"wp-block-spacer\"><\/div>\n<\/div>\n<\/div>\n\n<h2 class=\"wp-block-heading\" id=\"Zus&#xE4;tzliche-Hinweise-zur-Scheinwerferpflege\">Ulteriori informazioni sulla manutenzione dei fari<\/h2>\n\n<p>La lucidatura dei fari con metodi adeguati \u00e8 fondamentale per trattare le superfici opache o spente. La lucidatura di un faro cieco richiede un approccio delicato per non danneggiare il rivestimento protettivo. Un kit per la lucidatura dei fari spesso fornisce gli accessori necessari come carta vetrata, lucidanti e sigillanti per ottenere un buon risultato.  <\/p>\n\n<p>Se non sei sicuro, puoi affidare il lavoro a un&#8217;officina. A seconda del fornitore e delle condizioni dei fari, l&#8217;officina per la lucidatura dei fari costa tra i 50 e i 150 euro. In alternativa, i graffi e i punti opachi possono essere trattati anche senza carteggiatura se si utilizzano i moderni lucidanti. Per maggiori informazioni, puoi consultare le esperienze di lucidatura dei fari che ti mostrano come funziona meglio la lucidatura dei fari.   <\/p>\n\n<h3 class=\"wp-block-heading\">Lucidatura fine dei fari<\/h3>\n\n<p>Tieni presente, tuttavia, che una cura impropria pu\u00f2 portare a problemi legali. Potresti essere multato se la distribuzione dei fari non \u00e8 pi\u00f9 conforme alle normative dopo il trattamento. Se hai dei fari vecchi o molto danneggiati, \u00e8 opportuno lucidare le lenti dei fari o sostituirle subito con altre nuove.  <\/p>\n\n<div class=\"wp-block-group is-banner__info\"><div class=\"wp-block-group__inner-container is-layout-flow wp-block-group-is-layout-flow\">\n<h3 class=\"wp-block-heading\"><strong>Nota: cosa sono i fari a disco diffondenti?  <\/strong><\/h3>\n\n\n\n<p>Un proiettore a lente per moto \u00e8 un tipo di proiettore la cui superficie di vetro \u00e8 appositamente rigata o strutturata per diffondere la luce in modo uniforme. Di conseguenza, la luce della lampada viene distribuita in modo ottimale sulla strada senza abbagliare il traffico in arrivo. <\/p>\n<\/div><\/div>\n\n<div style=\"height:100px\" aria-hidden=\"true\" class=\"wp-block-spacer\"><\/div>\n\n<h2 class=\"wp-block-heading\" id=\"Tipps-f&#xFC;r-stumpfe-oder-blinde-Scheinwerfer\">Suggerimenti per i fari opachi o ciechi<\/h2>\n\n<p>Molti motociclisti si chiedono come lucidare i fari annebbiati senza danneggiare il rivestimento protettivo. Esistono prodotti e metodi speciali per questo scopo: <\/p>\n\n<ul class=\"wp-block-list\">\n<li><strong>Lucidare i fari senza carteggiare:<\/strong> Se non ci sono graffi profondi, puoi fare a meno della carta vetrata e utilizzare dei lucidanti delicati. Questi sono particolarmente indicati per far tornare la superficie a splendere. <\/li>\n\n\n\n<li><strong>Lucidatura dei fari Carta vetrata:<\/strong> per i graffi pi\u00f9 ostinati, si consiglia di utilizzare una carta vetrata con una grana fine (ad esempio 2000-3000). Successivamente \u00e8 necessario applicare un lucidante e un sigillante. <\/li>\n\n\n\n<li><strong>Lucidare i graffi dai fari:<\/strong> I graffi minori possono essere rimossi con i lucidanti adatti alle superfici in plastica o in perspex.<\/li>\n\n\n\n<li><strong>Fari a smalto ciechi:<\/strong> In questo caso si consiglia cautela. Un trattamento professionale in un&#8217;officina \u00e8 spesso la scelta migliore per ridurre al minimo il rischio di danni. <\/li>\n<\/ul>\n\n<div class=\"wp-block-group is-banner__info\"><div class=\"wp-block-group__inner-container is-layout-flow wp-block-group-is-layout-flow\">\n<h3 class=\"wp-block-heading\"><strong>Importante:  <\/strong><\/h3>\n\n\n\n<p>Prima di iniziare a smerigliare o lucidare i tuoi fari da solo, ti ricordiamo che questo tipo di intervento potrebbe essere illegale in alcuni casi o potrebbe compromettere l&#8217;immatricolazione del tuo veicolo. Ti consigliamo di far eseguire questi lavori da specialisti per evitare problemi legali e di sicurezza. <\/p>\n<\/div><\/div>\n\n<div style=\"height:100px\" aria-hidden=\"true\" class=\"wp-block-spacer\"><\/div>\n\n<h2 class=\"wp-block-heading\" id=\"Polieren-von-Glas--und-Kunststoffscheinwerfern\">Lucidatura dei fari in vetro e plastica<\/h2>\n\n<p>Il materiale del faro gioca un ruolo importante nella scelta del giusto metodo di lucidatura. La lucidatura dei fari in vetro richiede prodotti diversi rispetto alla lucidatura della plastica. Mentre il vetro \u00e8 pi\u00f9 resistente ai graffi, la plastica richiede un trattamento pi\u00f9 delicato. Ecco alcuni consigli:   <\/p>\n\n<ul class=\"wp-block-list\">\n<li><strong>Lucidare i fari in plastica:<\/strong> Usa dei lucidanti speciali adatti alle superfici in plastica sensibili per rimuovere graffi e punti opachi.<\/li>\n\n\n\n<li><strong>Lucidatura del vetro dei fari:<\/strong> Puoi lucidare i fari in vetro con un lucidante per vetri di alta qualit\u00e0. Assicurati che non contenga abrasivi aggressivi. <\/li>\n\n\n\n<li><strong>Lucidare i fari in perspex:<\/strong> I fari in plexiglas possono essere lucidati con i polish sviluppati appositamente per questo materiale. Rimuovono i graffi e impediscono che la superficie diventi opaca. <\/li>\n\n\n\n<li><strong>Lucidare i fari in plastica:<\/strong> Esistono anche lucidature adatte ai materiali plastici che possono ripristinare la trasmissione della luce.<\/li>\n\n\n\n<li><strong>Lucidare i fari allo xeno:<\/strong> I fari allo xeno sono spesso realizzati in plastica e richiedono un trattamento particolarmente delicato per non danneggiare le superfici sensibili.<\/li>\n<\/ul>\n\n<p>Una manutenzione regolare di questi materiali fa s\u00ec che i tuoi fari rimangano chiari e conservino tutta la loro luminosit\u00e0. Vale la pena utilizzare prodotti professionali per prolungare la durata dei tuoi fari. <\/p>\n\n<div style=\"height:100px\" aria-hidden=\"true\" class=\"wp-block-spacer\"><\/div>\n\n<h2 class=\"wp-block-heading\" id=\"Fazit:-Strahlender-Glanz-und-klare-Sicht-garantiert\">Conclusione: lucentezza radiosa e visione chiara garantite<\/h2>\n\n<p>La manutenzione dei fari e del parabrezza della moto \u00e8 importante per la sicurezza e la chiarezza della visione. Tuttavia, dovresti lasciare la lucidatura o la pulizia dei fari opachi agli specialisti per evitare problemi legali e tecnici. D&#8217;altra parte, puoi pulire facilmente il parabrezza della tua moto da solo. Assicurati di utilizzare detergenti di alta qualit\u00e0 e di far riparare i problemi pi\u00f9 grandi da professionisti. Ti consigliamo anche di utilizzare un <a href=\"https:\/\/www.mycover-protection.com\/it\/produkt-kategorie\/coprimoto\/\">Telo coprimoto<\/a> di alta qualit\u00e0 per proteggere la tua moto dallo sporco e dalle intemperie a lungo termine.    <\/p>\n\n<div style=\"height:100px\" aria-hidden=\"true\" class=\"wp-block-spacer\"><\/div>\n\n<h2 class=\"wp-block-heading\" id=\"FAQ---H&#xE4;ufige-Fragen-zum-Scheinwerfer-und-Scheibe-reinigen\">FAQ &#8211; Domande frequenti sulla pulizia di fari e parabrezza<\/h2>\n\n<details class=\"wp-block-webfluence-blocks-details-summary\">\n<summary class=\"wp-block-webfluence-blocks-details-summary-title\">\n<h3 class=\"wp-block-heading is-style-not-underlined\">Perch\u00e9 \u00e8 vietata la lucidatura indipendente dei fari?<\/h3>\n<\/summary>\n\n\n\n<div class=\"wp-block-webfluence-blocks-details-summary-body\">\n<p>La lucidatura dei fari pu\u00f2 danneggiare il rivestimento protettivo che garantisce la corretta diffusione della luce. I fari trattati in modo scorretto possono compromettere la sicurezza stradale e causare il mancato superamento dell&#8217;omologazione della moto. Per questo motivo, il ricondizionamento deve essere effettuato solo da personale specializzato.  <\/p>\n<\/div>\n<\/details>\n\n<details class=\"wp-block-webfluence-blocks-details-summary\">\n<summary class=\"wp-block-webfluence-blocks-details-summary-title\">\n<h3 class=\"wp-block-heading is-style-not-underlined\">Come posso pulire e lucidare correttamente il parabrezza?<\/h3>\n<\/summary>\n\n\n\n<div class=\"wp-block-webfluence-blocks-details-summary-body\">\n<p>Una pulizia regolare con acqua calda e un detergente delicato rimuove lo sporco e la polvere. Un lucidante speciale per plexiglas o plastica \u00e8 adatto per rimuovere i graffi leggeri. Un <a href=\"https:\/\/www.mycover-protection.com\/it\/produkt\/mycover-telo-coprimoto-premium-per-esterni\/\">Telo coprimoto<\/a> di alta qualit\u00e0 aiuta efficacemente a proteggere il parabrezza dalle intemperie.  <\/p>\n<\/div>\n<\/details>\n\n<details class=\"wp-block-webfluence-blocks-details-summary\">\n<summary class=\"wp-block-webfluence-blocks-details-summary-title\">\n<h3 class=\"wp-block-heading is-style-not-underlined\">Quali rimedi casalinghi sono adatti alla pulizia dei fari?<\/h3>\n<\/summary>\n\n\n\n<div class=\"wp-block-webfluence-blocks-details-summary-body\">\n<p>Spesso si consigliano rimedi casalinghi come dentifricio, bicarbonato di sodio o aceto, ma possono danneggiare il rivestimento protettivo dei fari. Per una pulizia sicura e duratura, \u00e8 necessario utilizzare prodotti specifici per la cura dei fari oppure rivolgersi a un&#8217;officina per la pulizia dei fari. <\/p>\n<\/div>\n<\/details>\n\n<details class=\"wp-block-webfluence-blocks-details-summary\">\n<summary class=\"wp-block-webfluence-blocks-details-summary-title\">\n<h3 class=\"wp-block-heading is-style-not-underlined\">Qual \u00e8 il miglior pulitore per parabrezza di moto?<\/h3>\n<\/summary>\n\n\n\n<div class=\"wp-block-webfluence-blocks-details-summary-body\">\n<p>Per i parabrezza trasparenti delle moto, ti consigliamo un detergente speciale per plastica che non contenga solventi aggressivi. Assicurati che il prodotto sia approvato per l&#8217;acrilico o il policarbonato. In alternativa, funziona anche l&#8217;acqua tiepida con un po&#8217; di sapone neutro: \u00e8 delicato, efficace e non danneggia il materiale.  <\/p>\n<\/div>\n<\/details>\n\n<details class=\"wp-block-webfluence-blocks-details-summary\">\n<summary class=\"wp-block-webfluence-blocks-details-summary-title\">\n<h3 class=\"wp-block-heading is-style-not-underlined\">Come posso rimuovere i residui di insetti dal parabrezza della moto?<\/h3>\n<\/summary>\n\n\n\n<div class=\"wp-block-webfluence-blocks-details-summary-body\">\n<p>Il modo migliore per rimuovere i residui di insetti \u00e8 utilizzare un panno in microfibra umido e acqua tiepida. Appoggia il panno sulla zona interessata per qualche minuto per assorbire lo sporco senza dover strofinare. Per i residui pi\u00f9 ostinati, \u00e8 utile un prodotto per la rimozione degli insetti adatto alla plastica.  <\/p>\n<\/div>\n<\/details>\n\n<details class=\"wp-block-webfluence-blocks-details-summary\">\n<summary class=\"wp-block-webfluence-blocks-details-summary-title\">\n<h3 class=\"wp-block-heading is-style-not-underlined\">Posso pulire il parabrezza della moto con un detergente per vetri?<\/h3>\n<\/summary>\n\n\n\n<div class=\"wp-block-webfluence-blocks-details-summary-body\">\n<p>I normali detergenti per vetri domestici non sono adatti a molti parabrezza delle moto perch\u00e9 spesso contengono alcol o ammoniaca, che possono attaccare la plastica. \u00c8 meglio utilizzare un detergente per plastica o acqua tiepida con una spruzzata di detersivo per piatti. In questo modo si eviteranno le crepe da stress o l&#8217;intorbidimento.  <\/p>\n<\/div>\n<\/details>\n\n<details class=\"wp-block-webfluence-blocks-details-summary\">\n<summary class=\"wp-block-webfluence-blocks-details-summary-title\">\n<h3 class=\"wp-block-heading is-style-not-underlined\">Cosa \u00e8 utile per i fari opachi o ingialliti?<\/h3>\n<\/summary>\n\n\n\n<div class=\"wp-block-webfluence-blocks-details-summary-body\">\n<p>Un faro opaco o ingiallito pu\u00f2 essere rimesso a nuovo con uno speciale polish per plastica. Applica il polish con un panno morbido, lucidalo con un movimento circolare e fai diverse passate. Poi sigilla per proteggere il faro da un nuovo ingiallimento.  <\/p>\n<\/div>\n<\/details>\n\n<details class=\"wp-block-webfluence-blocks-details-summary\">\n<summary class=\"wp-block-webfluence-blocks-details-summary-title\">\n<h3 class=\"wp-block-heading is-style-not-underlined\">Con quale frequenza devo pulire i fari e il parabrezza della mia moto?<\/h3>\n<\/summary>\n\n\n\n<div class=\"wp-block-webfluence-blocks-details-summary-body\">\n<p>Una pulizia regolare, all&#8217;incirca ogni 1-2 settimane o dopo ogni viaggio, garantisce una visione nitida e previene i danni causati da sporco, insetti o raggi UV. Un rapido controllo e una pulizia sono particolarmente utili prima di lunghi viaggi o dopo la pioggia. <\/p>\n<\/div>\n<\/details>\n\n<details class=\"wp-block-webfluence-blocks-details-summary\">\n<summary class=\"wp-block-webfluence-blocks-details-summary-title\">\n<h3 class=\"wp-block-heading is-style-not-underlined\">Cosa fare se il parabrezza presenta piccoli graffi?<\/h3>\n<\/summary>\n\n\n\n<div class=\"wp-block-webfluence-blocks-details-summary-body\">\n<p>Spesso i graffi sottili possono essere rimossi con un lucidante speciale per plastica. <strong>Importante<\/strong>: lavora solo con un panno in microfibra pulito e non esercitare alcuna pressione. Per i graffi pi\u00f9 profondi, i prodotti professionali con effetto levigante possono essere d \u201caiuto; in caso di dubbio, \u00e8 meglio far rimettere a nuovo la tua auto da un\u201d azienda specializzata. <\/p>\n<\/div>\n<\/details>\n\n<details class=\"wp-block-webfluence-blocks-details-summary\">\n<summary class=\"wp-block-webfluence-blocks-details-summary-title\">\n<h3 class=\"wp-block-heading is-style-not-underlined\">Posso ottenere un parabrezza per moto che \u00e8 diventato di nuovo opaco e trasparente?<\/h3>\n<\/summary>\n\n\n\n<div class=\"wp-block-webfluence-blocks-details-summary-body\">\n<p>S\u00ec, con un po&#8217; di pazienza e il giusto polish. Usa un lucidante abrasivo delicato per plastica e lavora in pi\u00f9 passate con poca pressione. In seguito, si consiglia di utilizzare un sigillante per mantenere il risultato. <strong>Attenzione<\/strong>: non tutti i dischi possono essere rigenerati completamente.  <\/p>\n<\/div>\n<\/details>\n\n<details class=\"wp-block-webfluence-blocks-details-summary\">\n<summary class=\"wp-block-webfluence-blocks-details-summary-title\">\n<h3 class=\"wp-block-heading is-style-not-underlined\">Qual \u00e8 la differenza tra i fari in plastica e quelli in vetro per quanto riguarda la manutenzione?<\/h3>\n<\/summary>\n\n\n\n<div class=\"wp-block-webfluence-blocks-details-summary-body\">\n<p>I fari in plastica sono pi\u00f9 suscettibili ai graffi, all&#8217;ingiallimento e ai danni causati dai raggi UV e necessitano di una pulizia delicata e di una cura regolare con polish e sigillante. I fari in vetro sono pi\u00f9 robusti, ma devono essere puliti solo con panni morbidi per evitare graffi sottili. <\/p>\n<\/div>\n<\/details>\n\n<details class=\"wp-block-webfluence-blocks-details-summary\">\n<summary class=\"wp-block-webfluence-blocks-details-summary-title\">\n<h3 class=\"wp-block-heading is-style-not-underlined\">Come posso asciugare il parabrezza e i fari senza lasciare strisce?<\/h3>\n<\/summary>\n\n\n\n<div class=\"wp-block-webfluence-blocks-details-summary-body\">\n<p>Usa un panno in microfibra pulito e privo di pelucchi e strofina in un&#8217;unica direzione senza esercitare pressione. Evita la carta da cucina o i panni vecchi perch\u00e9 possono lasciare graffi sottili. Per una finitura senza striature: lucida leggermente con un panno asciutto o con uno spruzzo di acqua distillata.  <\/p>\n<\/div>\n<\/details>\n\n<details class=\"wp-block-webfluence-blocks-details-summary\">\n<summary class=\"wp-block-webfluence-blocks-details-summary-title\">\n<h3 class=\"wp-block-heading is-style-not-underlined\">Quali sono i vantaggi di sigillare il parabrezza o i fari?<\/h3>\n<\/summary>\n\n\n\n<div class=\"wp-block-webfluence-blocks-details-summary-body\">\n<p>Un sigillante protegge dallo sporco, dai raggi UV e dal rinnovato ingiallimento. Assicura che l \u201cacqua scivoli via e che i residui di insetti si attacchino meno. L\u201d investimento vale la pena soprattutto se guidi spesso o se sei molto esposto alla luce del sole, per avere una visione chiara pi\u00f9 a lungo e un aspetto ordinato.  <\/p>\n<\/div>\n<\/details>\n\n<hr class=\"wp-block-separator has-alpha-channel-opacity\"\/>\n\n<div class=\"wp-block-group wfa-reusable-group-all-mycover-products has-black-color has-text-color has-link-color wp-elements-c72def7f086f3d5fcfe4bdfd3f05e5b2\"><div class=\"wp-block-group__inner-container is-layout-constrained wp-block-group-is-layout-constrained\">\n<p class=\"has-text-align-center wfa-reusable-group-all-mycover-products__title has-large-font-size\"><strong>Tutti MYCOVER\u00ae-Prodotti<\/strong><\/p>\n\n\n\n<div class=\"wp-block-cb-carousel-v2 cb-carousel-block\" data-cb-slides-per-view=\"2\" data-cb-slides-per-group=\"1\" data-cb-space-between=\"0\" data-cb-speed=\"200\" data-cb-navigation=\"true\" data-cb-breakpoints=\"{&quot;768&quot;:{&quot;slidesPerView&quot;:4,&quot;slidesPerGroup&quot;:1}}\"><div class=\"swiper\"><div class=\"cb-wrapper swiper-wrapper\">\n<div class=\"wp-block-cb-slide-v2 cb-slide swiper-slide\">\n<div class=\"wp-block-group\"><div class=\"wp-block-group__inner-container is-layout-constrained wp-block-group-is-layout-constrained\">\n<figure class=\"wp-block-image size-large\"><img decoding=\"async\" width=\"1024\" height=\"1024\" src=\"https:\/\/www.mycover-protection.com\/wp-content\/uploads\/2022\/11\/Motorrad_abdeckplane_outdoor-1024x1024.jpg\" alt=\"Telo coprimoto per esterno\" class=\"wp-image-22125\" srcset=\"https:\/\/www.mycover-protection.com\/wp-content\/uploads\/2022\/11\/Motorrad_abdeckplane_outdoor-1024x1024.jpg 1024w, https:\/\/www.mycover-protection.com\/wp-content\/uploads\/2022\/11\/Motorrad_abdeckplane_outdoor-300x300.jpg 300w, https:\/\/www.mycover-protection.com\/wp-content\/uploads\/2022\/11\/Motorrad_abdeckplane_outdoor-150x150.jpg 150w, https:\/\/www.mycover-protection.com\/wp-content\/uploads\/2022\/11\/Motorrad_abdeckplane_outdoor-768x768.jpg 768w, https:\/\/www.mycover-protection.com\/wp-content\/uploads\/2022\/11\/Motorrad_abdeckplane_outdoor-270x270.jpg 270w, https:\/\/www.mycover-protection.com\/wp-content\/uploads\/2022\/11\/Motorrad_abdeckplane_outdoor-800x800.jpg 800w, https:\/\/www.mycover-protection.com\/wp-content\/uploads\/2022\/11\/Motorrad_abdeckplane_outdoor-200x200.jpg 200w, https:\/\/www.mycover-protection.com\/wp-content\/uploads\/2022\/11\/Motorrad_abdeckplane_outdoor.jpg 1200w\" sizes=\"(max-width: 1024px) 100vw, 1024px\" \/><\/figure>\n\n\n\n<p><a href=\"https:\/\/www.mycover-protection.com\/es\/produkt\/mycover-funda-para-moto-exterior-premium\/\"><strong>Telo coprimoto per esterni<\/strong><\/a><\/p>\n<\/div><\/div>\n<\/div>\n\n\n\n<div class=\"wp-block-cb-slide-v2 cb-slide swiper-slide\">\n<div class=\"wp-block-group\"><div class=\"wp-block-group__inner-container is-layout-constrained wp-block-group-is-layout-constrained\">\n<figure class=\"wp-block-image size-full\"><img decoding=\"async\" width=\"800\" height=\"800\" src=\"https:\/\/www.mycover-protection.com\/wp-content\/uploads\/2023\/01\/Motorrad-abdeckplane-chopper.png\" alt=\"Telo per esterni Chopper\" class=\"wp-image-21485\" srcset=\"https:\/\/www.mycover-protection.com\/wp-content\/uploads\/2023\/01\/Motorrad-abdeckplane-chopper.png 800w, https:\/\/www.mycover-protection.com\/wp-content\/uploads\/2023\/01\/Motorrad-abdeckplane-chopper-300x300.png 300w, https:\/\/www.mycover-protection.com\/wp-content\/uploads\/2023\/01\/Motorrad-abdeckplane-chopper-150x150.png 150w, https:\/\/www.mycover-protection.com\/wp-content\/uploads\/2023\/01\/Motorrad-abdeckplane-chopper-768x768.png 768w, https:\/\/www.mycover-protection.com\/wp-content\/uploads\/2023\/01\/Motorrad-abdeckplane-chopper-270x270.png 270w, https:\/\/www.mycover-protection.com\/wp-content\/uploads\/2023\/01\/Motorrad-abdeckplane-chopper-200x200.png 200w\" sizes=\"(max-width: 800px) 100vw, 800px\" \/><\/figure>\n\n\n\n<p><a href=\"https:\/\/www.mycover-protection.com\/es\/produkt\/mycover-funda-exterior-premium-para-chopper\/\"><strong>Chopper Telo per esterni<\/strong><\/a><\/p>\n<\/div><\/div>\n<\/div>\n\n\n\n<div class=\"wp-block-cb-slide-v2 cb-slide swiper-slide\">\n<div class=\"wp-block-group\"><div class=\"wp-block-group__inner-container is-layout-constrained wp-block-group-is-layout-constrained\">\n<figure class=\"wp-block-image size-full\"><img decoding=\"async\" width=\"800\" height=\"800\" src=\"https:\/\/www.mycover-protection.com\/wp-content\/uploads\/2023\/01\/Motorrad-Abdeckplane-Topcase.png\" alt=\"Telo per Scooter con custodia superiore\" class=\"wp-image-21482\" srcset=\"https:\/\/www.mycover-protection.com\/wp-content\/uploads\/2023\/01\/Motorrad-Abdeckplane-Topcase.png 800w, https:\/\/www.mycover-protection.com\/wp-content\/uploads\/2023\/01\/Motorrad-Abdeckplane-Topcase-300x300.png 300w, https:\/\/www.mycover-protection.com\/wp-content\/uploads\/2023\/01\/Motorrad-Abdeckplane-Topcase-150x150.png 150w, https:\/\/www.mycover-protection.com\/wp-content\/uploads\/2023\/01\/Motorrad-Abdeckplane-Topcase-768x768.png 768w, https:\/\/www.mycover-protection.com\/wp-content\/uploads\/2023\/01\/Motorrad-Abdeckplane-Topcase-270x270.png 270w, https:\/\/www.mycover-protection.com\/wp-content\/uploads\/2023\/01\/Motorrad-Abdeckplane-Topcase-200x200.png 200w\" sizes=\"(max-width: 800px) 100vw, 800px\" \/><\/figure>\n\n\n\n<p><a href=\"https:\/\/www.mycover-protection.com\/es\/produkt\/mycover-funda-exterior-premium-para-scooter\/\"><strong>Scooter Telo per esterni<\/strong><\/a><\/p>\n<\/div><\/div>\n<\/div>\n\n\n\n<div class=\"wp-block-cb-slide-v2 cb-slide swiper-slide\">\n<div class=\"wp-block-group\"><div class=\"wp-block-group__inner-container is-layout-constrained wp-block-group-is-layout-constrained\">\n<figure class=\"wp-block-image size-full\"><img decoding=\"async\" width=\"800\" height=\"800\" src=\"https:\/\/www.mycover-protection.com\/wp-content\/uploads\/2022\/07\/Motorrrad-Abdeckplane-Indoor-Stoff.png\" alt=\"Telo coprimoto Indoor soft\" class=\"wp-image-20162\" srcset=\"https:\/\/www.mycover-protection.com\/wp-content\/uploads\/2022\/07\/Motorrrad-Abdeckplane-Indoor-Stoff.png 800w, https:\/\/www.mycover-protection.com\/wp-content\/uploads\/2022\/07\/Motorrrad-Abdeckplane-Indoor-Stoff-300x300.png 300w, https:\/\/www.mycover-protection.com\/wp-content\/uploads\/2022\/07\/Motorrrad-Abdeckplane-Indoor-Stoff-150x150.png 150w, https:\/\/www.mycover-protection.com\/wp-content\/uploads\/2022\/07\/Motorrrad-Abdeckplane-Indoor-Stoff-768x768.png 768w, https:\/\/www.mycover-protection.com\/wp-content\/uploads\/2022\/07\/Motorrrad-Abdeckplane-Indoor-Stoff-270x270.png 270w, https:\/\/www.mycover-protection.com\/wp-content\/uploads\/2022\/07\/Motorrrad-Abdeckplane-Indoor-Stoff-200x200.png 200w\" sizes=\"(max-width: 800px) 100vw, 800px\" \/><\/figure>\n\n\n\n<p><a href=\"https:\/\/www.mycover-protection.com\/es\/produkt\/mycover-funda-para-moto-de-interior-premium\/\"><strong>Telo coprimoto per interno<\/strong><\/a><\/p>\n<\/div><\/div>\n<\/div>\n<\/div><\/div><div class=\"cb-button-prev swiper-button-prev\"><\/div><div class=\"cb-button-next swiper-button-next\"><\/div><\/div>\n\n\n\n<p class=\"has-text-align-center wfa-reusable-group-all-mycover-products__category-links has-small-font-size\"><a href=\"https:\/\/www.mycover-protection.com\/it\/produkt-kategorie\/coprimoto\/\">Tutte le coperture per Coprimoto<\/a> &#8211; <a href=\"https:\/\/www.mycover-protection.com\/it\/produkt-kategorie\/coperture-per-scooter\/\">Tutte le coperture per scooter<\/a><\/p>\n<\/div><\/div>\n","protected":false},"excerpt":{"rendered":"<p>Un campo visivo chiaro e fari ben funzionanti sono essenziali per la sicurezza in moto. Tuttavia, il parabrezza pu\u00f2 sporcarsi con il tempo e i fari possono perdere la loro luminosit\u00e0. In questo articolo scoprirai come pulire il parabrezza della tua moto, a cosa devi prestare attenzione quando ti occupi dei fari e, soprattutto, se [&#8230;]<\/p>\n","protected":false},"author":1018,"featured_media":54778,"comment_status":"closed","ping_status":"open","sticky":false,"template":"templates\/long-form-small.php","format":"standard","meta":{"footnotes":""},"categories":[584],"tags":[],"class_list":["post-44223","post","type-post","status-publish","format-standard","has-post-thumbnail","hentry","category-non-categorizzato"],"yoast_head":"<!-- This site is optimized with the Yoast SEO plugin v27.4 - https:\/\/yoast.com\/product\/yoast-seo-wordpress\/ -->\n<title>Lucidare i fari: una visibilit\u00e0 chiara per la tua moto<\/title>\n<meta name=\"description\" content=\"Come pulire correttamente il parabrezza della moto ed evitare errori nella lucidatura dei fari. Importanti consigli per la cura e la sicurezza!\" \/>\n<meta name=\"robots\" content=\"index, follow, max-snippet:-1, max-image-preview:large, max-video-preview:-1\" \/>\n<link rel=\"canonical\" href=\"https:\/\/www.mycover-protection.com\/it\/magazin\/come-far-tornare-a-splendere-i-fari-e-il-parabrezza-pulizia-del-parabrezza-della-moto-e-lucidatura-dei-fari\/\" \/>\n<meta property=\"og:locale\" content=\"it_IT\" \/>\n<meta property=\"og:type\" content=\"article\" \/>\n<meta property=\"og:title\" content=\"Lucidare i fari: una visibilit\u00e0 chiara per la tua moto\" \/>\n<meta property=\"og:description\" content=\"Come pulire correttamente il parabrezza della moto ed evitare errori nella lucidatura dei fari. Importanti consigli per la cura e la sicurezza!\" \/>\n<meta property=\"og:url\" content=\"https:\/\/www.mycover-protection.com\/it\/magazin\/come-far-tornare-a-splendere-i-fari-e-il-parabrezza-pulizia-del-parabrezza-della-moto-e-lucidatura-dei-fari\/\" \/>\n<meta property=\"og:site_name\" content=\"MYCOVER\u00ae Online Shop\" \/>\n<meta property=\"article:publisher\" content=\"https:\/\/www.facebook.com\/Mycover-114242613377158\/\" \/>\n<meta property=\"article:published_time\" content=\"2025-04-02T12:33:33+00:00\" \/>\n<meta property=\"article:modified_time\" content=\"2025-07-14T14:10:06+00:00\" \/>\n<meta property=\"og:image\" content=\"https:\/\/www.mycover-protection.com\/wp-content\/uploads\/2025\/01\/Motorrad_Scheibe_reinigen_Windschutzscheibe_polieren-1-1024x683.png\" \/>\n\t<meta property=\"og:image:width\" content=\"1024\" \/>\n\t<meta property=\"og:image:height\" content=\"683\" \/>\n\t<meta property=\"og:image:type\" content=\"image\/png\" \/>\n<meta name=\"author\" content=\"Nina Marten\" \/>\n<meta name=\"twitter:card\" content=\"summary_large_image\" \/>\n<meta name=\"twitter:label1\" content=\"Scritto da\" \/>\n\t<meta name=\"twitter:data1\" content=\"Nina Marten\" \/>\n\t<meta name=\"twitter:label2\" content=\"Tempo di lettura stimato\" \/>\n\t<meta name=\"twitter:data2\" content=\"12 minuti\" \/>\n<script type=\"application\/ld+json\" class=\"yoast-schema-graph\">{\"@context\":\"https:\\\/\\\/schema.org\",\"@graph\":[{\"@type\":\"Article\",\"@id\":\"https:\\\/\\\/www.mycover-protection.com\\\/it\\\/magazin\\\/come-far-tornare-a-splendere-i-fari-e-il-parabrezza-pulizia-del-parabrezza-della-moto-e-lucidatura-dei-fari\\\/#article\",\"isPartOf\":{\"@id\":\"https:\\\/\\\/www.mycover-protection.com\\\/it\\\/magazin\\\/come-far-tornare-a-splendere-i-fari-e-il-parabrezza-pulizia-del-parabrezza-della-moto-e-lucidatura-dei-fari\\\/\"},\"author\":{\"name\":\"Nina Marten\",\"@id\":\"https:\\\/\\\/www.mycover-protection.com\\\/it\\\/#\\\/schema\\\/person\\\/7206415fa2df9f65e36dff37f9d5c65b\"},\"headline\":\"Come far tornare a splendere i fari e il parabrezza: pulizia del parabrezza della moto e lucidatura dei fari\",\"datePublished\":\"2025-04-02T12:33:33+00:00\",\"dateModified\":\"2025-07-14T14:10:06+00:00\",\"mainEntityOfPage\":{\"@id\":\"https:\\\/\\\/www.mycover-protection.com\\\/it\\\/magazin\\\/come-far-tornare-a-splendere-i-fari-e-il-parabrezza-pulizia-del-parabrezza-della-moto-e-lucidatura-dei-fari\\\/\"},\"wordCount\":2509,\"publisher\":{\"@id\":\"https:\\\/\\\/www.mycover-protection.com\\\/it\\\/#organization\"},\"image\":{\"@id\":\"https:\\\/\\\/www.mycover-protection.com\\\/it\\\/magazin\\\/come-far-tornare-a-splendere-i-fari-e-il-parabrezza-pulizia-del-parabrezza-della-moto-e-lucidatura-dei-fari\\\/#primaryimage\"},\"thumbnailUrl\":\"https:\\\/\\\/www.mycover-protection.com\\\/wp-content\\\/uploads\\\/2025\\\/01\\\/Motorrad_Scheibe_reinigen_Windschutzscheibe_polieren-1.png\",\"articleSection\":[\"Non categorizzato\"],\"inLanguage\":\"it-IT\"},{\"@type\":\"WebPage\",\"@id\":\"https:\\\/\\\/www.mycover-protection.com\\\/it\\\/magazin\\\/come-far-tornare-a-splendere-i-fari-e-il-parabrezza-pulizia-del-parabrezza-della-moto-e-lucidatura-dei-fari\\\/\",\"url\":\"https:\\\/\\\/www.mycover-protection.com\\\/it\\\/magazin\\\/come-far-tornare-a-splendere-i-fari-e-il-parabrezza-pulizia-del-parabrezza-della-moto-e-lucidatura-dei-fari\\\/\",\"name\":\"Lucidare i fari: una visibilit\u00e0 chiara per la tua moto\",\"isPartOf\":{\"@id\":\"https:\\\/\\\/www.mycover-protection.com\\\/it\\\/#website\"},\"primaryImageOfPage\":{\"@id\":\"https:\\\/\\\/www.mycover-protection.com\\\/it\\\/magazin\\\/come-far-tornare-a-splendere-i-fari-e-il-parabrezza-pulizia-del-parabrezza-della-moto-e-lucidatura-dei-fari\\\/#primaryimage\"},\"image\":{\"@id\":\"https:\\\/\\\/www.mycover-protection.com\\\/it\\\/magazin\\\/come-far-tornare-a-splendere-i-fari-e-il-parabrezza-pulizia-del-parabrezza-della-moto-e-lucidatura-dei-fari\\\/#primaryimage\"},\"thumbnailUrl\":\"https:\\\/\\\/www.mycover-protection.com\\\/wp-content\\\/uploads\\\/2025\\\/01\\\/Motorrad_Scheibe_reinigen_Windschutzscheibe_polieren-1.png\",\"datePublished\":\"2025-04-02T12:33:33+00:00\",\"dateModified\":\"2025-07-14T14:10:06+00:00\",\"description\":\"Come pulire correttamente il parabrezza della moto ed evitare errori nella lucidatura dei fari. Importanti consigli per la cura e la sicurezza!\",\"breadcrumb\":{\"@id\":\"https:\\\/\\\/www.mycover-protection.com\\\/it\\\/magazin\\\/come-far-tornare-a-splendere-i-fari-e-il-parabrezza-pulizia-del-parabrezza-della-moto-e-lucidatura-dei-fari\\\/#breadcrumb\"},\"inLanguage\":\"it-IT\",\"potentialAction\":[{\"@type\":\"ReadAction\",\"target\":[\"https:\\\/\\\/www.mycover-protection.com\\\/it\\\/magazin\\\/come-far-tornare-a-splendere-i-fari-e-il-parabrezza-pulizia-del-parabrezza-della-moto-e-lucidatura-dei-fari\\\/\"]}]},{\"@type\":\"ImageObject\",\"inLanguage\":\"it-IT\",\"@id\":\"https:\\\/\\\/www.mycover-protection.com\\\/it\\\/magazin\\\/come-far-tornare-a-splendere-i-fari-e-il-parabrezza-pulizia-del-parabrezza-della-moto-e-lucidatura-dei-fari\\\/#primaryimage\",\"url\":\"https:\\\/\\\/www.mycover-protection.com\\\/wp-content\\\/uploads\\\/2025\\\/01\\\/Motorrad_Scheibe_reinigen_Windschutzscheibe_polieren-1.png\",\"contentUrl\":\"https:\\\/\\\/www.mycover-protection.com\\\/wp-content\\\/uploads\\\/2025\\\/01\\\/Motorrad_Scheibe_reinigen_Windschutzscheibe_polieren-1.png\",\"width\":1536,\"height\":1024,\"caption\":\"Dieses Bild wurde mit AI generiert\"},{\"@type\":\"BreadcrumbList\",\"@id\":\"https:\\\/\\\/www.mycover-protection.com\\\/it\\\/magazin\\\/come-far-tornare-a-splendere-i-fari-e-il-parabrezza-pulizia-del-parabrezza-della-moto-e-lucidatura-dei-fari\\\/#breadcrumb\",\"itemListElement\":[{\"@type\":\"ListItem\",\"position\":1,\"name\":\"Startseite\",\"item\":\"https:\\\/\\\/www.mycover-protection.com\\\/it\\\/\"},{\"@type\":\"ListItem\",\"position\":2,\"name\":\"Come far tornare a splendere i fari e il parabrezza: pulizia del parabrezza della moto e lucidatura dei fari\"}]},{\"@type\":\"WebSite\",\"@id\":\"https:\\\/\\\/www.mycover-protection.com\\\/it\\\/#website\",\"url\":\"https:\\\/\\\/www.mycover-protection.com\\\/it\\\/\",\"name\":\"MYCOVER\u00ae Online Shop\",\"description\":\"Protection at its finest\",\"publisher\":{\"@id\":\"https:\\\/\\\/www.mycover-protection.com\\\/it\\\/#organization\"},\"potentialAction\":[{\"@type\":\"SearchAction\",\"target\":{\"@type\":\"EntryPoint\",\"urlTemplate\":\"https:\\\/\\\/www.mycover-protection.com\\\/it\\\/?s={search_term_string}\"},\"query-input\":{\"@type\":\"PropertyValueSpecification\",\"valueRequired\":true,\"valueName\":\"search_term_string\"}}],\"inLanguage\":\"it-IT\"},{\"@type\":\"Organization\",\"@id\":\"https:\\\/\\\/www.mycover-protection.com\\\/it\\\/#organization\",\"name\":\"MYCOVER\u00ae - PROTECTION AT ITS FINEST\",\"url\":\"https:\\\/\\\/www.mycover-protection.com\\\/it\\\/\",\"logo\":{\"@type\":\"ImageObject\",\"inLanguage\":\"it-IT\",\"@id\":\"https:\\\/\\\/www.mycover-protection.com\\\/it\\\/#\\\/schema\\\/logo\\\/image\\\/\",\"url\":\"https:\\\/\\\/www.mycover-protection.com\\\/wp-content\\\/uploads\\\/2020\\\/01\\\/PAYPAL_190x60_mycover-white.jpg\",\"contentUrl\":\"https:\\\/\\\/www.mycover-protection.com\\\/wp-content\\\/uploads\\\/2020\\\/01\\\/PAYPAL_190x60_mycover-white.jpg\",\"width\":190,\"height\":60,\"caption\":\"MYCOVER\u00ae - PROTECTION AT ITS FINEST\"},\"image\":{\"@id\":\"https:\\\/\\\/www.mycover-protection.com\\\/it\\\/#\\\/schema\\\/logo\\\/image\\\/\"},\"sameAs\":[\"https:\\\/\\\/www.facebook.com\\\/Mycover-114242613377158\\\/\"]},{\"@type\":\"Person\",\"@id\":\"https:\\\/\\\/www.mycover-protection.com\\\/it\\\/#\\\/schema\\\/person\\\/7206415fa2df9f65e36dff37f9d5c65b\",\"name\":\"Nina Marten\"}]}<\/script>\n<!-- \/ Yoast SEO plugin. -->","yoast_head_json":{"title":"Lucidare i fari: una visibilit\u00e0 chiara per la tua moto","description":"Come pulire correttamente il parabrezza della moto ed evitare errori nella lucidatura dei fari. Importanti consigli per la cura e la sicurezza!","robots":{"index":"index","follow":"follow","max-snippet":"max-snippet:-1","max-image-preview":"max-image-preview:large","max-video-preview":"max-video-preview:-1"},"canonical":"https:\/\/www.mycover-protection.com\/it\/magazin\/come-far-tornare-a-splendere-i-fari-e-il-parabrezza-pulizia-del-parabrezza-della-moto-e-lucidatura-dei-fari\/","og_locale":"it_IT","og_type":"article","og_title":"Lucidare i fari: una visibilit\u00e0 chiara per la tua moto","og_description":"Come pulire correttamente il parabrezza della moto ed evitare errori nella lucidatura dei fari. Importanti consigli per la cura e la sicurezza!","og_url":"https:\/\/www.mycover-protection.com\/it\/magazin\/come-far-tornare-a-splendere-i-fari-e-il-parabrezza-pulizia-del-parabrezza-della-moto-e-lucidatura-dei-fari\/","og_site_name":"MYCOVER\u00ae Online Shop","article_publisher":"https:\/\/www.facebook.com\/Mycover-114242613377158\/","article_published_time":"2025-04-02T12:33:33+00:00","article_modified_time":"2025-07-14T14:10:06+00:00","og_image":[{"width":1024,"height":683,"url":"https:\/\/www.mycover-protection.com\/wp-content\/uploads\/2025\/01\/Motorrad_Scheibe_reinigen_Windschutzscheibe_polieren-1-1024x683.png","type":"image\/png"}],"author":"Nina Marten","twitter_card":"summary_large_image","twitter_misc":{"Scritto da":"Nina Marten","Tempo di lettura stimato":"12 minuti"},"schema":{"@context":"https:\/\/schema.org","@graph":[{"@type":"Article","@id":"https:\/\/www.mycover-protection.com\/it\/magazin\/come-far-tornare-a-splendere-i-fari-e-il-parabrezza-pulizia-del-parabrezza-della-moto-e-lucidatura-dei-fari\/#article","isPartOf":{"@id":"https:\/\/www.mycover-protection.com\/it\/magazin\/come-far-tornare-a-splendere-i-fari-e-il-parabrezza-pulizia-del-parabrezza-della-moto-e-lucidatura-dei-fari\/"},"author":{"name":"Nina Marten","@id":"https:\/\/www.mycover-protection.com\/it\/#\/schema\/person\/7206415fa2df9f65e36dff37f9d5c65b"},"headline":"Come far tornare a splendere i fari e il parabrezza: pulizia del parabrezza della moto e lucidatura dei fari","datePublished":"2025-04-02T12:33:33+00:00","dateModified":"2025-07-14T14:10:06+00:00","mainEntityOfPage":{"@id":"https:\/\/www.mycover-protection.com\/it\/magazin\/come-far-tornare-a-splendere-i-fari-e-il-parabrezza-pulizia-del-parabrezza-della-moto-e-lucidatura-dei-fari\/"},"wordCount":2509,"publisher":{"@id":"https:\/\/www.mycover-protection.com\/it\/#organization"},"image":{"@id":"https:\/\/www.mycover-protection.com\/it\/magazin\/come-far-tornare-a-splendere-i-fari-e-il-parabrezza-pulizia-del-parabrezza-della-moto-e-lucidatura-dei-fari\/#primaryimage"},"thumbnailUrl":"https:\/\/www.mycover-protection.com\/wp-content\/uploads\/2025\/01\/Motorrad_Scheibe_reinigen_Windschutzscheibe_polieren-1.png","articleSection":["Non categorizzato"],"inLanguage":"it-IT"},{"@type":"WebPage","@id":"https:\/\/www.mycover-protection.com\/it\/magazin\/come-far-tornare-a-splendere-i-fari-e-il-parabrezza-pulizia-del-parabrezza-della-moto-e-lucidatura-dei-fari\/","url":"https:\/\/www.mycover-protection.com\/it\/magazin\/come-far-tornare-a-splendere-i-fari-e-il-parabrezza-pulizia-del-parabrezza-della-moto-e-lucidatura-dei-fari\/","name":"Lucidare i fari: una visibilit\u00e0 chiara per la tua moto","isPartOf":{"@id":"https:\/\/www.mycover-protection.com\/it\/#website"},"primaryImageOfPage":{"@id":"https:\/\/www.mycover-protection.com\/it\/magazin\/come-far-tornare-a-splendere-i-fari-e-il-parabrezza-pulizia-del-parabrezza-della-moto-e-lucidatura-dei-fari\/#primaryimage"},"image":{"@id":"https:\/\/www.mycover-protection.com\/it\/magazin\/come-far-tornare-a-splendere-i-fari-e-il-parabrezza-pulizia-del-parabrezza-della-moto-e-lucidatura-dei-fari\/#primaryimage"},"thumbnailUrl":"https:\/\/www.mycover-protection.com\/wp-content\/uploads\/2025\/01\/Motorrad_Scheibe_reinigen_Windschutzscheibe_polieren-1.png","datePublished":"2025-04-02T12:33:33+00:00","dateModified":"2025-07-14T14:10:06+00:00","description":"Come pulire correttamente il parabrezza della moto ed evitare errori nella lucidatura dei fari. Importanti consigli per la cura e la sicurezza!","breadcrumb":{"@id":"https:\/\/www.mycover-protection.com\/it\/magazin\/come-far-tornare-a-splendere-i-fari-e-il-parabrezza-pulizia-del-parabrezza-della-moto-e-lucidatura-dei-fari\/#breadcrumb"},"inLanguage":"it-IT","potentialAction":[{"@type":"ReadAction","target":["https:\/\/www.mycover-protection.com\/it\/magazin\/come-far-tornare-a-splendere-i-fari-e-il-parabrezza-pulizia-del-parabrezza-della-moto-e-lucidatura-dei-fari\/"]}]},{"@type":"ImageObject","inLanguage":"it-IT","@id":"https:\/\/www.mycover-protection.com\/it\/magazin\/come-far-tornare-a-splendere-i-fari-e-il-parabrezza-pulizia-del-parabrezza-della-moto-e-lucidatura-dei-fari\/#primaryimage","url":"https:\/\/www.mycover-protection.com\/wp-content\/uploads\/2025\/01\/Motorrad_Scheibe_reinigen_Windschutzscheibe_polieren-1.png","contentUrl":"https:\/\/www.mycover-protection.com\/wp-content\/uploads\/2025\/01\/Motorrad_Scheibe_reinigen_Windschutzscheibe_polieren-1.png","width":1536,"height":1024,"caption":"Dieses Bild wurde mit AI generiert"},{"@type":"BreadcrumbList","@id":"https:\/\/www.mycover-protection.com\/it\/magazin\/come-far-tornare-a-splendere-i-fari-e-il-parabrezza-pulizia-del-parabrezza-della-moto-e-lucidatura-dei-fari\/#breadcrumb","itemListElement":[{"@type":"ListItem","position":1,"name":"Startseite","item":"https:\/\/www.mycover-protection.com\/it\/"},{"@type":"ListItem","position":2,"name":"Come far tornare a splendere i fari e il parabrezza: pulizia del parabrezza della moto e lucidatura dei fari"}]},{"@type":"WebSite","@id":"https:\/\/www.mycover-protection.com\/it\/#website","url":"https:\/\/www.mycover-protection.com\/it\/","name":"MYCOVER\u00ae Online Shop","description":"Protection at its finest","publisher":{"@id":"https:\/\/www.mycover-protection.com\/it\/#organization"},"potentialAction":[{"@type":"SearchAction","target":{"@type":"EntryPoint","urlTemplate":"https:\/\/www.mycover-protection.com\/it\/?s={search_term_string}"},"query-input":{"@type":"PropertyValueSpecification","valueRequired":true,"valueName":"search_term_string"}}],"inLanguage":"it-IT"},{"@type":"Organization","@id":"https:\/\/www.mycover-protection.com\/it\/#organization","name":"MYCOVER\u00ae - PROTECTION AT ITS FINEST","url":"https:\/\/www.mycover-protection.com\/it\/","logo":{"@type":"ImageObject","inLanguage":"it-IT","@id":"https:\/\/www.mycover-protection.com\/it\/#\/schema\/logo\/image\/","url":"https:\/\/www.mycover-protection.com\/wp-content\/uploads\/2020\/01\/PAYPAL_190x60_mycover-white.jpg","contentUrl":"https:\/\/www.mycover-protection.com\/wp-content\/uploads\/2020\/01\/PAYPAL_190x60_mycover-white.jpg","width":190,"height":60,"caption":"MYCOVER\u00ae - PROTECTION AT ITS FINEST"},"image":{"@id":"https:\/\/www.mycover-protection.com\/it\/#\/schema\/logo\/image\/"},"sameAs":["https:\/\/www.facebook.com\/Mycover-114242613377158\/"]},{"@type":"Person","@id":"https:\/\/www.mycover-protection.com\/it\/#\/schema\/person\/7206415fa2df9f65e36dff37f9d5c65b","name":"Nina Marten"}]}},"_links":{"self":[{"href":"https:\/\/www.mycover-protection.com\/it\/wp-json\/wp\/v2\/posts\/44223","targetHints":{"allow":["GET"]}}],"collection":[{"href":"https:\/\/www.mycover-protection.com\/it\/wp-json\/wp\/v2\/posts"}],"about":[{"href":"https:\/\/www.mycover-protection.com\/it\/wp-json\/wp\/v2\/types\/post"}],"author":[{"embeddable":true,"href":"https:\/\/www.mycover-protection.com\/it\/wp-json\/wp\/v2\/users\/1018"}],"replies":[{"embeddable":true,"href":"https:\/\/www.mycover-protection.com\/it\/wp-json\/wp\/v2\/comments?post=44223"}],"version-history":[{"count":8,"href":"https:\/\/www.mycover-protection.com\/it\/wp-json\/wp\/v2\/posts\/44223\/revisions"}],"predecessor-version":[{"id":55491,"href":"https:\/\/www.mycover-protection.com\/it\/wp-json\/wp\/v2\/posts\/44223\/revisions\/55491"}],"wp:featuredmedia":[{"embeddable":true,"href":"https:\/\/www.mycover-protection.com\/it\/wp-json\/wp\/v2\/media\/54778"}],"wp:attachment":[{"href":"https:\/\/www.mycover-protection.com\/it\/wp-json\/wp\/v2\/media?parent=44223"}],"wp:term":[{"taxonomy":"category","embeddable":true,"href":"https:\/\/www.mycover-protection.com\/it\/wp-json\/wp\/v2\/categories?post=44223"},{"taxonomy":"post_tag","embeddable":true,"href":"https:\/\/www.mycover-protection.com\/it\/wp-json\/wp\/v2\/tags?post=44223"}],"curies":[{"name":"wp","href":"https:\/\/api.w.org\/{rel}","templated":true}]}}